{"id":29031,"date":"2023-05-05T10:34:46","date_gmt":"2023-05-05T13:34:46","guid":{"rendered":"https:\/\/www.adufpb.org.br\/site\/?p=29031"},"modified":"2023-05-19T10:28:45","modified_gmt":"2023-05-19T13:28:45","slug":"segundo-debate-entre-as-chapas-que-disputam-a-eleicao-do-andes-acontece-na-segunda-feira-8","status":"publish","type":"post","link":"https:\/\/www.adufpb.org.br\/site\/segundo-debate-entre-as-chapas-que-disputam-a-eleicao-do-andes-acontece-na-segunda-feira-8\/","title":{"rendered":"Segundo debate entre as chapas que disputam a elei\u00e7\u00e3o do Andes acontece na segunda-feira (8)"},"content":{"rendered":"<p>Na pr\u00f3xima segunda-feira (8) acontece o segundo debate nacional entre as chapas que concorrem \u00e0s elei\u00e7\u00f5es para a pr\u00f3xima diretoria do Sindicato Nacional. A atividade ser\u00e1 realizada na sede do ANDES-SN e transmitida em tempo real, pelo canal do Youtube e p\u00e1gina do Facebook da entidade.<\/p>\n<p>O p\u00fablico poder\u00e1 enviar questionamentos, via formul\u00e1rio que ser\u00e1 disponibilizado no dia. As perguntas ser\u00e3o escolhidas por sorteio eletr\u00f4nico, realizado na presen\u00e7a de representantes das chapas. O evento ser\u00e1 coordenado pela Comiss\u00e3o Eleitoral Central (CEC), que far\u00e1 explica\u00e7\u00f5es sobre as regras, a organiza\u00e7\u00e3o e a media\u00e7\u00e3o do debate.<\/p>\n<p>O primeiro debate nacional ocorreu em 11 de abril.<\/p>\n<p><em>Fonte: Andes-SN<\/em><\/p>\n","protected":false},"excerpt":{"rendered":"<p>Na pr\u00f3xima segunda-feira (8) acontece o segundo debate nacional entre as chapas que concorrem \u00e0s elei\u00e7\u00f5es para a pr\u00f3xima diretoria do Sindicato Nacional. A atividade ser\u00e1 realizada na sede do ANDES-SN e transmitida em tempo real, pelo canal do Youtube e p\u00e1gina do Facebook da entidade. O p\u00fablico poder\u00e1 enviar questionamentos, via formul\u00e1rio que ser\u00e1&hellip;<\/p>\n","protected":false},"author":3,"featured_media":29086,"comment_status":"closed","ping_status":"closed","sticky":false,"template":"","format":"standard","meta":{"footnotes":""},"categories":[1405,4,15,417],"tags":[],"class_list":["post-29031","post","type-post","status-publish","format-standard","has-post-thumbnail","hentry","category-chamada-principal","category-comunicacao","category-noticias","category-noticias-destaque","category-1405","category-4","category-15","category-417","description-off"],"_links":{"self":[{"href":"https:\/\/www.adufpb.org.br\/site\/wp-json\/wp\/v2\/posts\/29031","targetHints":{"allow":["GET"]}}],"collection":[{"href":"https:\/\/www.adufpb.org.br\/site\/wp-json\/wp\/v2\/posts"}],"about":[{"href":"https:\/\/www.adufpb.org.br\/site\/wp-json\/wp\/v2\/types\/post"}],"author":[{"embeddable":true,"href":"https:\/\/www.adufpb.org.br\/site\/wp-json\/wp\/v2\/users\/3"}],"replies":[{"embeddable":true,"href":"https:\/\/www.adufpb.org.br\/site\/wp-json\/wp\/v2\/comments?post=29031"}],"version-history":[{"count":1,"href":"https:\/\/www.adufpb.org.br\/site\/wp-json\/wp\/v2\/posts\/29031\/revisions"}],"predecessor-version":[{"id":29033,"href":"https:\/\/www.adufpb.org.br\/site\/wp-json\/wp\/v2\/posts\/29031\/revisions\/29033"}],"wp:featuredmedia":[{"embeddable":true,"href":"https:\/\/www.adufpb.org.br\/site\/wp-json\/wp\/v2\/media\/29086"}],"wp:attachment":[{"href":"https:\/\/www.adufpb.org.br\/site\/wp-json\/wp\/v2\/media?parent=29031"}],"wp:term":[{"taxonomy":"category","embeddable":true,"href":"https:\/\/www.adufpb.org.br\/site\/wp-json\/wp\/v2\/categories?post=29031"},{"taxonomy":"post_tag","embeddable":true,"href":"https:\/\/www.adufpb.org.br\/site\/wp-json\/wp\/v2\/tags?post=29031"}],"curies":[{"name":"wp","href":"https:\/\/api.w.org\/{rel}","templated":true}]}}