{"id":2892,"date":"2012-04-17T16:36:02","date_gmt":"2012-04-17T20:36:02","guid":{"rendered":"http:\/\/www.adufpb.org.br\/site\/?p=2892"},"modified":"2012-04-17T17:43:02","modified_gmt":"2012-04-17T21:43:02","slug":"assembleia-geral-adufpb-realiza-arrastao","status":"publish","type":"post","link":"https:\/\/www.adufpb.org.br\/site\/assembleia-geral-adufpb-realiza-arrastao\/","title":{"rendered":"Assembleia geral: ADUFPB realiza \u201carrast\u00e3o\u201d"},"content":{"rendered":"<p><a href=\"http:\/\/www.adufpb.org.br\/site\/wp-content\/uploads\/2011\/10\/ADESIVO-MOBILIZA\u00c7\u00c3O-DOCENTE-ATUALIZADO-PARA-GR\u00c1FICA.jpg\"><img loading=\"lazy\" decoding=\"async\" class=\"alignleft size-medium wp-image-2111\" title=\"ADESIVO MOBILIZA\u00c7\u00c3O DOCENTE - ATUALIZADO PARA GR\u00c1FICA\" src=\"http:\/\/www.adufpb.org.br\/site\/wp-content\/uploads\/2011\/10\/ADESIVO-MOBILIZA\u00c7\u00c3O-DOCENTE-ATUALIZADO-PARA-GR\u00c1FICA-300x297.jpg\" alt=\"\" width=\"300\" height=\"297\" srcset=\"https:\/\/www.adufpb.org.br\/site\/wp-content\/uploads\/2011\/10\/ADESIVO-MOBILIZA\u00c7\u00c3O-DOCENTE-ATUALIZADO-PARA-GR\u00c1FICA-300x297.jpg 300w, https:\/\/www.adufpb.org.br\/site\/wp-content\/uploads\/2011\/10\/ADESIVO-MOBILIZA\u00c7\u00c3O-DOCENTE-ATUALIZADO-PARA-GR\u00c1FICA-150x150.jpg 150w, https:\/\/www.adufpb.org.br\/site\/wp-content\/uploads\/2011\/10\/ADESIVO-MOBILIZA\u00c7\u00c3O-DOCENTE-ATUALIZADO-PARA-GR\u00c1FICA.jpg 476w\" sizes=\"auto, (max-width: 300px) 100vw, 300px\" \/><\/a>A ADUFPB far\u00e1 um \u201carrast\u00e3o\u201d pelo campus I, nesta quarta-feira (18\/04), para convocar os professores a participarem da assembleia que ir\u00e1 avaliar o indicativo de greve nacional para o dia 15 de maio.<\/p>\n<p>O ato ter\u00e1 in\u00edcio na cantina do CCS, \u00e0s 7h30, e passar\u00e1 pelos departamentos de Fisioterapia e de Educa\u00e7\u00e3o F\u00edsica, depois seguir\u00e1 pela Reitoria e pelos centros CCEN,CCJ, CT, CCSA, CE, CCTA, terminando no audit\u00f3rio 412 do CCHLA &#8211; onde, a partir das 10h, acontece a assembleia.<\/p>\n<p>Durante o arrast\u00e3o, os diretores da ADUFPB far\u00e3o distribui\u00e7\u00e3o de adesivos e material impresso divulgando a mobiliza\u00e7\u00e3o docente em todo o Pa\u00eds e o calend\u00e1rio de atividades. J\u00e1 na quinta-feira (19\/04), os docentes na Para\u00edba aderem \u00e0 paralisa\u00e7\u00e3o geral nas universidades federais.<\/p>\n<p>&nbsp;<\/p>\n<p><em>Fonte: Ascom ADUFPB<\/em><\/p>\n","protected":false},"excerpt":{"rendered":"<p>A ADUFPB far\u00e1 um \u201carrast\u00e3o\u201d pelo campus I, nesta quarta-feira (18\/04), para convocar os professores a participarem da assembleia que ir\u00e1 avaliar o indicativo de greve nacional para o dia 15 de maio. O ato ter\u00e1 in\u00edcio na cantina do CCS, \u00e0s 7h30, e passar\u00e1 pelos departamentos de Fisioterapia e de Educa\u00e7\u00e3o F\u00edsica, depois seguir\u00e1&hellip;<\/p>\n","protected":false},"author":3,"featured_media":0,"comment_status":"open","ping_status":"open","sticky":false,"template":"","format":"standard","meta":{"footnotes":""},"categories":[15],"tags":[95,25,26],"class_list":["post-2892","post","type-post","status-publish","format-standard","hentry","category-noticias","tag-assembleias","tag-carreira-docente","tag-mobilizacao","category-15","description-off"],"_links":{"self":[{"href":"https:\/\/www.adufpb.org.br\/site\/wp-json\/wp\/v2\/posts\/2892","targetHints":{"allow":["GET"]}}],"collection":[{"href":"https:\/\/www.adufpb.org.br\/site\/wp-json\/wp\/v2\/posts"}],"about":[{"href":"https:\/\/www.adufpb.org.br\/site\/wp-json\/wp\/v2\/types\/post"}],"author":[{"embeddable":true,"href":"https:\/\/www.adufpb.org.br\/site\/wp-json\/wp\/v2\/users\/3"}],"replies":[{"embeddable":true,"href":"https:\/\/www.adufpb.org.br\/site\/wp-json\/wp\/v2\/comments?post=2892"}],"version-history":[{"count":5,"href":"https:\/\/www.adufpb.org.br\/site\/wp-json\/wp\/v2\/posts\/2892\/revisions"}],"predecessor-version":[{"id":2897,"href":"https:\/\/www.adufpb.org.br\/site\/wp-json\/wp\/v2\/posts\/2892\/revisions\/2897"}],"wp:attachment":[{"href":"https:\/\/www.adufpb.org.br\/site\/wp-json\/wp\/v2\/media?parent=2892"}],"wp:term":[{"taxonomy":"category","embeddable":true,"href":"https:\/\/www.adufpb.org.br\/site\/wp-json\/wp\/v2\/categories?post=2892"},{"taxonomy":"post_tag","embeddable":true,"href":"https:\/\/www.adufpb.org.br\/site\/wp-json\/wp\/v2\/tags?post=2892"}],"curies":[{"name":"wp","href":"https:\/\/api.w.org\/{rel}","templated":true}]}}