{"id":2887,"date":"2012-04-16T08:46:54","date_gmt":"2012-04-16T12:46:54","guid":{"rendered":"http:\/\/www.adufpb.org.br\/site\/?p=2887"},"modified":"2012-04-16T10:50:49","modified_gmt":"2012-04-16T14:50:49","slug":"assembleia-dos-professores-avalia-indicativo-de-greve-na-ufpb","status":"publish","type":"post","link":"https:\/\/www.adufpb.org.br\/site\/assembleia-dos-professores-avalia-indicativo-de-greve-na-ufpb\/","title":{"rendered":"Assembleia dos professores avalia indicativo de greve na UFPB"},"content":{"rendered":"<p><a href=\"http:\/\/www.adufpb.org.br\/site\/wp-content\/uploads\/2012\/03\/ASSEMBLEIA_22_03_2012.jpg\"><img loading=\"lazy\" decoding=\"async\" class=\"alignleft size-full wp-image-2718\" title=\"ASSEMBLEIA_22_03_2012\" src=\"http:\/\/www.adufpb.org.br\/site\/wp-content\/uploads\/2012\/03\/ASSEMBLEIA_22_03_2012.jpg\" alt=\"\" width=\"283\" height=\"213\" \/><\/a>Os professores da Universidade Federal da Para\u00edba (UFPB) se re\u00fanem em uma rodada de assembleias esta semana para avaliar a proposta de indicativo de greve para o dia 15 de maio. Na ter\u00e7a-feira (17\/04), o debate acontecer\u00e1 nos campi de Bananeiras (9h30) e Areia (15h). J\u00e1 na quarta-feira (18\/04), a assembleia ser\u00e1 no campus I, em Jo\u00e3o Pessoa, no audit\u00f3rio 412 do CCHLA (Centro de Ci\u00eancias Humanas, Letras e Artes), \u00e0s 9h. Na quinta-feira (19\/04), os professores aderem ao dia de paralisa\u00e7\u00e3o nacional e participam de atividades organizadas pela Adufpb (Sindicato dos Docentes da UFPB).<\/p>\n<p>O indicativo de greve e a paralisa\u00e7\u00e3o fazem parte do calend\u00e1rio de mobiliza\u00e7\u00e3o aprovado na \u00faltima reuni\u00e3o do Setor das Federais do Andes-SN (Sindicato Nacional dos Docentes das Institui\u00e7\u00f5es de Ensino Superior), nos dias 29 e 30 de mar\u00e7o. A medida \u00e9 uma resposta ao governo federal, que vem se mostrando intransigente durante as negocia\u00e7\u00f5es para reestrutura\u00e7\u00e3o da carreira de professor federal.<\/p>\n<p>No ano passado, as entidades que representam os professores formaram um Grupo de Trabalho (GT) com os minist\u00e9rios do Planejamento e da Educa\u00e7\u00e3o com o objetivo de discutir propostas de mudan\u00e7a na carreira. O GT foi um compromisso assumido pelo governo durante as negocia\u00e7\u00f5es que terminaram, no dia 26 de agosto, em um acordo salarial prevendo incorpora\u00e7\u00e3o das gratifica\u00e7\u00f5es Gemas (do Ensino Superior) e GEDBT (do Ensino B\u00e1sico, T\u00e9cnico e Tecnol\u00f3gico) ao Vencimento B\u00e1sico (VB). Garantia tamb\u00e9m reajuste de 4% sobre o VB (j\u00e1 incorporadas as duas gratifica\u00e7\u00f5es) e sobre a Retribui\u00e7\u00e3o de Titula\u00e7\u00e3o (RT).<\/p>\n<p>O debate sobre carreira foi suspenso no fim do ano passado e retomados dia 28 de mar\u00e7o. Causando indigna\u00e7\u00e3o aos representantes das entidades de professores, a equipe da Secretaria de Rela\u00e7\u00f5es de Trabalho do Minist\u00e9rio do Planejamento iniciou a reuni\u00e3o sem ter o que dizer e n\u00e3o apresentou uma proposta de retomada das negocia\u00e7\u00f5es em torno da carreira, iniciadas no ano passado e interrompidas pela incapacidade do governo em solucionar com agilidade a vac\u00e2ncia decorrente da morte do ent\u00e3o chefe da SRT\/MP, Duvanier Paiva.<\/p>\n<p>A segunda reuni\u00e3o aconteceu na \u00faltima sexta-feira (13\/04) e teve como foco a possibilidade de unifica\u00e7\u00e3o das carreiras do Magist\u00e9rio Superior (MS) e do Ensino B\u00e1sico, T\u00e9cnico e Tecnol\u00f3gico (Ebtt), como defende o Andes. Enquanto o MEC sinaliza dificuldade em trabalhar com a ideia de carreira \u00fanica, por entender que h\u00e1 diferen\u00e7as no perfil do professor do MS e do Ebtt, o Sindicato Nacional argumenta que a divis\u00e3o n\u00e3o faz sentido, pois a atividade exercida \u00e9 a mesma: todos s\u00e3o professores federais.<\/p>\n<p>Depois de tr\u00eas horas de discuss\u00f5es em torno da unifica\u00e7\u00e3o da carreira, ficou decidido que o assunto seria retomado no in\u00edcio da pr\u00f3xima reuni\u00e3o, quando entidades e governo dever\u00e3o apresentar seus posicionamentos diante os argumentos apontados. O novo encontro ser\u00e1 no dia 19 (mesmo dia da paralisa\u00e7\u00e3o nacional).<\/p>\n<p>&nbsp;<\/p>\n<p><em>Fonte: Ascom ADUFPB<\/em><\/p>\n","protected":false},"excerpt":{"rendered":"<p>Os professores da Universidade Federal da Para\u00edba (UFPB) se re\u00fanem em uma rodada de assembleias esta semana para avaliar a proposta de indicativo de greve para o dia 15 de maio. Na ter\u00e7a-feira (17\/04), o debate acontecer\u00e1 nos campi de Bananeiras (9h30) e Areia (15h). J\u00e1 na quarta-feira (18\/04), a assembleia ser\u00e1 no campus I,&hellip;<\/p>\n","protected":false},"author":3,"featured_media":0,"comment_status":"open","ping_status":"open","sticky":false,"template":"","format":"standard","meta":{"footnotes":""},"categories":[15],"tags":[95,25,132,26],"class_list":["post-2887","post","type-post","status-publish","format-standard","hentry","category-noticias","tag-assembleias","tag-carreira-docente","tag-greve","tag-mobilizacao","category-15","description-off"],"_links":{"self":[{"href":"https:\/\/www.adufpb.org.br\/site\/wp-json\/wp\/v2\/posts\/2887","targetHints":{"allow":["GET"]}}],"collection":[{"href":"https:\/\/www.adufpb.org.br\/site\/wp-json\/wp\/v2\/posts"}],"about":[{"href":"https:\/\/www.adufpb.org.br\/site\/wp-json\/wp\/v2\/types\/post"}],"author":[{"embeddable":true,"href":"https:\/\/www.adufpb.org.br\/site\/wp-json\/wp\/v2\/users\/3"}],"replies":[{"embeddable":true,"href":"https:\/\/www.adufpb.org.br\/site\/wp-json\/wp\/v2\/comments?post=2887"}],"version-history":[{"count":4,"href":"https:\/\/www.adufpb.org.br\/site\/wp-json\/wp\/v2\/posts\/2887\/revisions"}],"predecessor-version":[{"id":2891,"href":"https:\/\/www.adufpb.org.br\/site\/wp-json\/wp\/v2\/posts\/2887\/revisions\/2891"}],"wp:attachment":[{"href":"https:\/\/www.adufpb.org.br\/site\/wp-json\/wp\/v2\/media?parent=2887"}],"wp:term":[{"taxonomy":"category","embeddable":true,"href":"https:\/\/www.adufpb.org.br\/site\/wp-json\/wp\/v2\/categories?post=2887"},{"taxonomy":"post_tag","embeddable":true,"href":"https:\/\/www.adufpb.org.br\/site\/wp-json\/wp\/v2\/tags?post=2887"}],"curies":[{"name":"wp","href":"https:\/\/api.w.org\/{rel}","templated":true}]}}