{"id":28799,"date":"2023-04-06T17:25:16","date_gmt":"2023-04-06T20:25:16","guid":{"rendered":"https:\/\/www.adufpb.org.br\/site\/?p=28799"},"modified":"2023-04-11T08:50:29","modified_gmt":"2023-04-11T11:50:29","slug":"adufpb-realiza-roda-de-terapia-comunitaria-para-mulheres-no-campus-de-bananeiras-no-proximo-dia-12","status":"publish","type":"post","link":"https:\/\/www.adufpb.org.br\/site\/adufpb-realiza-roda-de-terapia-comunitaria-para-mulheres-no-campus-de-bananeiras-no-proximo-dia-12\/","title":{"rendered":"ADUFPB realiza roda de terapia comunit\u00e1ria para mulheres no campus de Bananeiras, no pr\u00f3ximo dia 12"},"content":{"rendered":"<p><img loading=\"lazy\" decoding=\"async\" class=\"alignleft size-medium wp-image-28800\" src=\"https:\/\/www.adufpb.org.br\/site\/wp-content\/uploads\/2023\/04\/CARD_-RODA-DE-TERAPIA-MULHERES-NA-SAUDE_22-MAR-2023-BANANEIRAS-300x300.png\" alt=\"\" width=\"300\" height=\"300\" srcset=\"https:\/\/www.adufpb.org.br\/site\/wp-content\/uploads\/2023\/04\/CARD_-RODA-DE-TERAPIA-MULHERES-NA-SAUDE_22-MAR-2023-BANANEIRAS-300x300.png 300w, https:\/\/www.adufpb.org.br\/site\/wp-content\/uploads\/2023\/04\/CARD_-RODA-DE-TERAPIA-MULHERES-NA-SAUDE_22-MAR-2023-BANANEIRAS-1020x1024.png 1020w, https:\/\/www.adufpb.org.br\/site\/wp-content\/uploads\/2023\/04\/CARD_-RODA-DE-TERAPIA-MULHERES-NA-SAUDE_22-MAR-2023-BANANEIRAS-150x150.png 150w, https:\/\/www.adufpb.org.br\/site\/wp-content\/uploads\/2023\/04\/CARD_-RODA-DE-TERAPIA-MULHERES-NA-SAUDE_22-MAR-2023-BANANEIRAS-768x771.png 768w, https:\/\/www.adufpb.org.br\/site\/wp-content\/uploads\/2023\/04\/CARD_-RODA-DE-TERAPIA-MULHERES-NA-SAUDE_22-MAR-2023-BANANEIRAS-250x251.png 250w, https:\/\/www.adufpb.org.br\/site\/wp-content\/uploads\/2023\/04\/CARD_-RODA-DE-TERAPIA-MULHERES-NA-SAUDE_22-MAR-2023-BANANEIRAS.png 1081w\" sizes=\"auto, (max-width: 300px) 100vw, 300px\" \/>Um encontro para conversar, exercitar o corpo e praticar a sororidade e o autocuidado. Assim ser\u00e1 a roda de terapia comunit\u00e1ria que a ADUFPB realiza no pr\u00f3ximo dia <strong>12 (quinta-feira), a partir das 14h, no campus III da UFPB, em Bananeiras.<\/strong> Intitulada \u201cMulheres na sa\u00fade \u2013 cuidando e sendo cuidada\u201d, a atividade ser\u00e1 facilitada pela enfermeira Brena Meira Acioly e mediada pela vice-presidenta do sindicato, Lenilma Bento.<\/p>\n<p>Com mestrado em sa\u00fade mental comunit\u00e1ria, Brena \u00e9 tamb\u00e9m terapeuta integrativa e residente multiprofissional em sa\u00fade mental. Na atividade de Bananeiras, ela colocar\u00e1 em pr\u00e1tica o conceito da terapia comunit\u00e1ria, a\u00e7\u00e3o de sa\u00fade mental que proporciona al\u00edvio ao sofrimento emocional por meio da partilha de experi\u00eancias de vida. Utilizando o di\u00e1logo como ferramenta, essa terapia contribui para a ressignifica\u00e7\u00e3o das hist\u00f3rias dos seus participantes. \u201cNo trabalho com mulheres, a roda de terapia valoriza os saberes trazidos por cada uma e estimula a criatividade a partir dos seus pr\u00f3prios recursos\u201d, diz ela.<\/p>\n<p>AGENDE-SE<\/p>\n<p>Roda de terapia comunit\u00e1ria (30 vagas)<br \/>\nSede da ADUFPB em Bananeiras \u2013 campus III da UFPB<br \/>\nInscri\u00e7\u00f5es: adufpb@terra.com.br<\/p>\n<p>Fonte: Ascom ADUFPB<\/p>\n","protected":false},"excerpt":{"rendered":"<p>Um encontro para conversar, exercitar o corpo e praticar a sororidade e o autocuidado. Assim ser\u00e1 a roda de terapia comunit\u00e1ria que a ADUFPB realiza no pr\u00f3ximo dia 12 (quinta-feira), a partir das 14h, no campus III da UFPB, em Bananeiras. Intitulada \u201cMulheres na sa\u00fade \u2013 cuidando e sendo cuidada\u201d, a atividade ser\u00e1 facilitada pela&hellip;<\/p>\n","protected":false},"author":4,"featured_media":28801,"comment_status":"closed","ping_status":"closed","sticky":false,"template":"","format":"standard","meta":{"footnotes":""},"categories":[1405,15,417],"tags":[],"class_list":["post-28799","post","type-post","status-publish","format-standard","has-post-thumbnail","hentry","category-chamada-principal","category-noticias","category-noticias-destaque","category-1405","category-15","category-417","description-off"],"_links":{"self":[{"href":"https:\/\/www.adufpb.org.br\/site\/wp-json\/wp\/v2\/posts\/28799","targetHints":{"allow":["GET"]}}],"collection":[{"href":"https:\/\/www.adufpb.org.br\/site\/wp-json\/wp\/v2\/posts"}],"about":[{"href":"https:\/\/www.adufpb.org.br\/site\/wp-json\/wp\/v2\/types\/post"}],"author":[{"embeddable":true,"href":"https:\/\/www.adufpb.org.br\/site\/wp-json\/wp\/v2\/users\/4"}],"replies":[{"embeddable":true,"href":"https:\/\/www.adufpb.org.br\/site\/wp-json\/wp\/v2\/comments?post=28799"}],"version-history":[{"count":2,"href":"https:\/\/www.adufpb.org.br\/site\/wp-json\/wp\/v2\/posts\/28799\/revisions"}],"predecessor-version":[{"id":28803,"href":"https:\/\/www.adufpb.org.br\/site\/wp-json\/wp\/v2\/posts\/28799\/revisions\/28803"}],"wp:featuredmedia":[{"embeddable":true,"href":"https:\/\/www.adufpb.org.br\/site\/wp-json\/wp\/v2\/media\/28801"}],"wp:attachment":[{"href":"https:\/\/www.adufpb.org.br\/site\/wp-json\/wp\/v2\/media?parent=28799"}],"wp:term":[{"taxonomy":"category","embeddable":true,"href":"https:\/\/www.adufpb.org.br\/site\/wp-json\/wp\/v2\/categories?post=28799"},{"taxonomy":"post_tag","embeddable":true,"href":"https:\/\/www.adufpb.org.br\/site\/wp-json\/wp\/v2\/tags?post=28799"}],"curies":[{"name":"wp","href":"https:\/\/api.w.org\/{rel}","templated":true}]}}