{"id":28788,"date":"2023-04-05T16:50:43","date_gmt":"2023-04-05T19:50:43","guid":{"rendered":"https:\/\/www.adufpb.org.br\/site\/?p=28788"},"modified":"2023-04-11T08:45:14","modified_gmt":"2023-04-11T11:45:14","slug":"28788-2","status":"publish","type":"post","link":"https:\/\/www.adufpb.org.br\/site\/28788-2\/","title":{"rendered":"NOTA DE PESAR &#8211; Jos\u00e9 Saraiva"},"content":{"rendered":"<p><img loading=\"lazy\" decoding=\"async\" class=\"size-medium wp-image-28790 alignleft\" src=\"https:\/\/www.adufpb.org.br\/site\/wp-content\/uploads\/2023\/04\/image002-300x295.png\" alt=\"\" width=\"300\" height=\"295\" srcset=\"https:\/\/www.adufpb.org.br\/site\/wp-content\/uploads\/2023\/04\/image002-300x295.png 300w, https:\/\/www.adufpb.org.br\/site\/wp-content\/uploads\/2023\/04\/image002-250x246.png 250w, https:\/\/www.adufpb.org.br\/site\/wp-content\/uploads\/2023\/04\/image002.png 327w\" sizes=\"auto, (max-width: 300px) 100vw, 300px\" \/>A Diretoria Executiva da ADUFPB vem a p\u00fablico manifestar o seu profundo pesar pelo falecimento de JOS\u00c9 SARAIVA NEVES, professor aposentado do Departamento de Zootecnia, do Centro de Ci\u00eancias Agr\u00e1rias (CCA), Campus II da Universidade Federal da Para\u00edba.<\/p>\n<p>O professor JOSE SARAIVA era sindicalizado da ADUFPB. Aos membros da fam\u00edlia e amigos, nossos sentimentos.<\/p>\n<p>&nbsp;<\/p>\n<p>Jo\u00e3o Pessoa, 05 de abril de 2023<\/p>\n<p>DIRETORIA E FUNCION\u00c1RIOS DA ADUFPB<\/p>\n","protected":false},"excerpt":{"rendered":"<p>A Diretoria Executiva da ADUFPB vem a p\u00fablico manifestar o seu profundo pesar pelo falecimento de JOS\u00c9 SARAIVA NEVES, professor aposentado do Departamento de Zootecnia, do Centro de Ci\u00eancias Agr\u00e1rias (CCA), Campus II da Universidade Federal da Para\u00edba. O professor JOSE SARAIVA era sindicalizado da ADUFPB. Aos membros da fam\u00edlia e amigos, nossos sentimentos. &nbsp;&hellip;<\/p>\n","protected":false},"author":10,"featured_media":28790,"comment_status":"closed","ping_status":"closed","sticky":false,"template":"","format":"standard","meta":{"footnotes":""},"categories":[4,15,417],"tags":[],"class_list":["post-28788","post","type-post","status-publish","format-standard","has-post-thumbnail","hentry","category-comunicacao","category-noticias","category-noticias-destaque","category-4","category-15","category-417","description-off"],"_links":{"self":[{"href":"https:\/\/www.adufpb.org.br\/site\/wp-json\/wp\/v2\/posts\/28788","targetHints":{"allow":["GET"]}}],"collection":[{"href":"https:\/\/www.adufpb.org.br\/site\/wp-json\/wp\/v2\/posts"}],"about":[{"href":"https:\/\/www.adufpb.org.br\/site\/wp-json\/wp\/v2\/types\/post"}],"author":[{"embeddable":true,"href":"https:\/\/www.adufpb.org.br\/site\/wp-json\/wp\/v2\/users\/10"}],"replies":[{"embeddable":true,"href":"https:\/\/www.adufpb.org.br\/site\/wp-json\/wp\/v2\/comments?post=28788"}],"version-history":[{"count":2,"href":"https:\/\/www.adufpb.org.br\/site\/wp-json\/wp\/v2\/posts\/28788\/revisions"}],"predecessor-version":[{"id":28792,"href":"https:\/\/www.adufpb.org.br\/site\/wp-json\/wp\/v2\/posts\/28788\/revisions\/28792"}],"wp:featuredmedia":[{"embeddable":true,"href":"https:\/\/www.adufpb.org.br\/site\/wp-json\/wp\/v2\/media\/28790"}],"wp:attachment":[{"href":"https:\/\/www.adufpb.org.br\/site\/wp-json\/wp\/v2\/media?parent=28788"}],"wp:term":[{"taxonomy":"category","embeddable":true,"href":"https:\/\/www.adufpb.org.br\/site\/wp-json\/wp\/v2\/categories?post=28788"},{"taxonomy":"post_tag","embeddable":true,"href":"https:\/\/www.adufpb.org.br\/site\/wp-json\/wp\/v2\/tags?post=28788"}],"curies":[{"name":"wp","href":"https:\/\/api.w.org\/{rel}","templated":true}]}}