{"id":28690,"date":"2023-03-21T09:13:35","date_gmt":"2023-03-21T12:13:35","guid":{"rendered":"https:\/\/www.adufpb.org.br\/site\/?p=28690"},"modified":"2023-03-22T14:16:14","modified_gmt":"2023-03-22T17:16:14","slug":"adufpb-participa-nesta-quarta-feira-de-reuniao-do-consuni","status":"publish","type":"post","link":"https:\/\/www.adufpb.org.br\/site\/adufpb-participa-nesta-quarta-feira-de-reuniao-do-consuni\/","title":{"rendered":"ADUFPB participa, nesta quarta-feira, de reuni\u00e3o do Consuni para an\u00e1lise de dossi\u00ea sobre a interven\u00e7\u00e3o na UFPB"},"content":{"rendered":"<p>Nesta quarta-feira, 22 de mar\u00e7o, \u00e0s 9h, o Conselho Superior Universit\u00e1rio da UFPB (Consuni) realiza reuni\u00e3o extraordin\u00e1ria para an\u00e1lise do <strong>dossi\u00ea sobre a interven\u00e7\u00e3o na UFPB<\/strong>. O documento, elaborado pelo <strong>Comit\u00ea de Mobiliza\u00e7\u00e3o pela Autonomia e contra a Interven\u00e7\u00e3o na UFPB<\/strong> e protocolado junto \u00e0 SODS em agosto de 2021, para aprecia\u00e7\u00e3o do colegiado superior, at\u00e9 o momento permanecia sem resposta quanto ao seu encaminhamento por parte da administra\u00e7\u00e3o universit\u00e1ria.<\/p>\n<p>Diante da gravidade e da import\u00e2ncia dessa pauta, a ADUFPB, respeitando delibera\u00e7\u00e3o de sua inst\u00e2ncia m\u00e1xima \u2013 a Assembleia Docente \u2013, convocou seu Conselho de Representantes e convidou os conselheiros do Consuni para uma reuni\u00e3o ampliada, com o objetivo de realizar uma avalia\u00e7\u00e3o pol\u00edtica do processo e reafirmar a luta do sindicato em defesa da democracia e da autonomia universit\u00e1ria.<\/p>\n<p>A reuni\u00e3o ocorreu na segunda-feira, 20 de mar\u00e7o, \u00e0s 17h30, na Sala de Leitura da ADUFPB, e contou com a presen\u00e7a de diretores do sindicato, de docentes sindicalizados, de membros do Consuni e membros do Conselho de Representantes da entidade. No debate, foi reafirmada a defesa intransigente da universidade p\u00fablica, aut\u00f4noma e democr\u00e1tica e a import\u00e2ncia da convoca\u00e7\u00e3o da categoria docente para participar da reuni\u00e3o do Consuni no dia 22 de mar\u00e7o, na sala da SODS\/UFPB.<\/p>\n<p>Diante das graves den\u00fancias objeto do dossi\u00ea, faz-se premente a garantia de que o processo a ser analisado siga o rito legal e regimental da UFPB, de maneira que o Consuni, debatendo abertamente o documento, que \u00e9 de interesse de toda a comunidade universit\u00e1ria, cumpra seu papel de conselho superior da universidade.<\/p>\n<p>Face ao exposto, a ADUFPB convida a categoria docente a acompanhar a reuni\u00e3o do Consuni e reafirma a import\u00e2ncia da presen\u00e7a dos conselheiros no egr\u00e9gio colegiado no dia 22 de mar\u00e7o.<\/p>\n<p>Quem tem sindicato nunca est\u00e1 s\u00f3!<\/p>\n<p>&nbsp;<\/p>\n<p style=\"text-align: center;\">Jo\u00e3o Pessoa, 20 de mar\u00e7o de 2023<\/p>\n<p style=\"text-align: center;\">ADUFPB- Diretoria Executiva<\/p>\n","protected":false},"excerpt":{"rendered":"<p>Nesta quarta-feira, 22 de mar\u00e7o, \u00e0s 9h, o Conselho Superior Universit\u00e1rio da UFPB (Consuni) realiza reuni\u00e3o extraordin\u00e1ria para an\u00e1lise do dossi\u00ea sobre a interven\u00e7\u00e3o na UFPB. O documento, elaborado pelo Comit\u00ea de Mobiliza\u00e7\u00e3o pela Autonomia e contra a Interven\u00e7\u00e3o na UFPB e protocolado junto \u00e0 SODS em agosto de 2021, para aprecia\u00e7\u00e3o do colegiado superior,&hellip;<\/p>\n","protected":false},"author":3,"featured_media":28695,"comment_status":"closed","ping_status":"closed","sticky":false,"template":"","format":"standard","meta":{"footnotes":""},"categories":[1405,15,417],"tags":[178,1494,1413,658,567,1608,1409],"class_list":["post-28690","post","type-post","status-publish","format-standard","has-post-thumbnail","hentry","category-chamada-principal","category-noticias","category-noticias-destaque","tag-consuni","tag-dossie","tag-intervencao","tag-nota","tag-reuniao","tag-sods","tag-valdiney","category-1405","category-15","category-417","description-off"],"_links":{"self":[{"href":"https:\/\/www.adufpb.org.br\/site\/wp-json\/wp\/v2\/posts\/28690","targetHints":{"allow":["GET"]}}],"collection":[{"href":"https:\/\/www.adufpb.org.br\/site\/wp-json\/wp\/v2\/posts"}],"about":[{"href":"https:\/\/www.adufpb.org.br\/site\/wp-json\/wp\/v2\/types\/post"}],"author":[{"embeddable":true,"href":"https:\/\/www.adufpb.org.br\/site\/wp-json\/wp\/v2\/users\/3"}],"replies":[{"embeddable":true,"href":"https:\/\/www.adufpb.org.br\/site\/wp-json\/wp\/v2\/comments?post=28690"}],"version-history":[{"count":4,"href":"https:\/\/www.adufpb.org.br\/site\/wp-json\/wp\/v2\/posts\/28690\/revisions"}],"predecessor-version":[{"id":28696,"href":"https:\/\/www.adufpb.org.br\/site\/wp-json\/wp\/v2\/posts\/28690\/revisions\/28696"}],"wp:featuredmedia":[{"embeddable":true,"href":"https:\/\/www.adufpb.org.br\/site\/wp-json\/wp\/v2\/media\/28695"}],"wp:attachment":[{"href":"https:\/\/www.adufpb.org.br\/site\/wp-json\/wp\/v2\/media?parent=28690"}],"wp:term":[{"taxonomy":"category","embeddable":true,"href":"https:\/\/www.adufpb.org.br\/site\/wp-json\/wp\/v2\/categories?post=28690"},{"taxonomy":"post_tag","embeddable":true,"href":"https:\/\/www.adufpb.org.br\/site\/wp-json\/wp\/v2\/tags?post=28690"}],"curies":[{"name":"wp","href":"https:\/\/api.w.org\/{rel}","templated":true}]}}