{"id":2866,"date":"2012-04-11T21:35:53","date_gmt":"2012-04-12T01:35:53","guid":{"rendered":"http:\/\/www.adufpb.org.br\/site\/?p=2866"},"modified":"2012-04-12T07:54:03","modified_gmt":"2012-04-12T11:54:03","slug":"jornal-adufinforma-comeca-a-ser-distribuido","status":"publish","type":"post","link":"https:\/\/www.adufpb.org.br\/site\/jornal-adufinforma-comeca-a-ser-distribuido\/","title":{"rendered":"Jornal ADUF Informa come\u00e7a a ser distribu\u00eddo"},"content":{"rendered":"<p><a href=\"http:\/\/www.adufpb.org.br\/site\/wp-content\/uploads\/2012\/04\/JORNAL-ADUFINFORMA-3.jpg\"><img loading=\"lazy\" decoding=\"async\" class=\"alignleft size-medium wp-image-2870\" title=\"JORNAL ADUFINFORMA 3\" src=\"http:\/\/www.adufpb.org.br\/site\/wp-content\/uploads\/2012\/04\/JORNAL-ADUFINFORMA-3-300x225.jpg\" alt=\"\" width=\"300\" height=\"225\" srcset=\"https:\/\/www.adufpb.org.br\/site\/wp-content\/uploads\/2012\/04\/JORNAL-ADUFINFORMA-3-300x225.jpg 300w, https:\/\/www.adufpb.org.br\/site\/wp-content\/uploads\/2012\/04\/JORNAL-ADUFINFORMA-3-1024x768.jpg 1024w\" sizes=\"auto, (max-width: 300px) 100vw, 300px\" \/><\/a>Come\u00e7ou a ser distribu\u00edda esta semana a edi\u00e7\u00e3o de n\u00famero 112 do jornal ADUF Informa, produzido e editado pela assessoria de imprensa do sindicato. Exemplares da publica\u00e7\u00e3o foram encaminhados aos departamentos nos quatro campi da UFPB e tamb\u00e9m \u00e0s ADs de todo o Brasil.<\/p>\n<p>O ADUF Informa tamb\u00e9m est\u00e1 sendo distribu\u00eddo aos associados em formato eletr\u00f4nico (vers\u00e3o pdf) por e-mail. Quem ainda n\u00e3o recebeu pode ler a publica\u00e7\u00e3o diretamente no site do sindicato.<\/p>\n<p>A nova edi\u00e7\u00e3o, que vem sendo amplamente elogiada pelos professores, traz como manchete as a\u00e7\u00f5es mais recentes de mobiliza\u00e7\u00e3o sindical, anunciando a paralisa\u00e7\u00e3o nacional no dia 19 de abril e a possibilidade de greve.<\/p>\n<p>Outra mat\u00e9ria de destaque \u00e9 a que trata das resolu\u00e7\u00f5es definidas no 31\u00ba Congresso do ANDES-SN em Manaus. Os associados poder\u00e3o ler, tamb\u00e9m, o mais recente relat\u00f3rio jur\u00eddico, que trata do processo referente aos 3,17%, e a presta\u00e7\u00e3o de contas do sindicato<\/p>\n<p>As p\u00e1ginas do ADUF Informa tamb\u00e9m anunciam uma novidade nas a\u00e7\u00f5es de comunica\u00e7\u00e3o da entidade: a ADUFPB estreou um espa\u00e7o exclusivo dentro do programa de r\u00e1dio \u201cPara\u00edba em Destaque\u201d, transmitido pela Miramar 107.7 FM, todos os s\u00e1bados, das 11h \u00e0s 12h. O objetivo \u00e9 oferecer mais um canal de informa\u00e7\u00e3o aos professores.<\/p>\n<p>&nbsp;<\/p>\n<p><strong>Pr\u00f3xima edi\u00e7\u00e3o<\/strong><\/p>\n<p>A pr\u00f3xima edi\u00e7\u00e3o do ADUF Informa j\u00e1 est\u00e1 em produ\u00e7\u00e3o e deve ser conclu\u00edda at\u00e9 o in\u00edcio de maio. A publica\u00e7\u00e3o vai trazer mais informa\u00e7\u00f5es sobre as mobiliza\u00e7\u00f5es e o resultados das atividades, como o dia de paralisa\u00e7\u00e3o, a pr\u00f3xima rodada de assembleia da ADUFPB (marcada para os dias 17 e 18 de abril) e demais a\u00e7\u00f5es.<\/p>\n<p><a href=\"http:\/\/www.adufpb.org.br\/site\/aduf-informa-edicao-no-112-fevereiro-abril-de-2012\/\" target=\"_blank\">Clique aqui<\/a> para ler o jornal ADUF Informa na internet.<\/p>\n<p>&nbsp;<\/p>\n<p style=\"text-align: center;\"><a href=\"http:\/\/www.adufpb.org.br\/site\/wp-content\/uploads\/2012\/04\/JORNAL-ADUFINFORMA-2.jpg\"><img loading=\"lazy\" decoding=\"async\" class=\"aligncenter size-medium wp-image-2869\" title=\"JORNAL ADUFINFORMA 2\" src=\"http:\/\/www.adufpb.org.br\/site\/wp-content\/uploads\/2012\/04\/JORNAL-ADUFINFORMA-2-300x225.jpg\" alt=\"\" width=\"300\" height=\"225\" srcset=\"https:\/\/www.adufpb.org.br\/site\/wp-content\/uploads\/2012\/04\/JORNAL-ADUFINFORMA-2-300x225.jpg 300w, https:\/\/www.adufpb.org.br\/site\/wp-content\/uploads\/2012\/04\/JORNAL-ADUFINFORMA-2-1024x768.jpg 1024w\" sizes=\"auto, (max-width: 300px) 100vw, 300px\" \/><\/a><\/p>\n<p><em>Fonte: Ascom ADUFPB<\/em><\/p>\n","protected":false},"excerpt":{"rendered":"<p>Come\u00e7ou a ser distribu\u00edda esta semana a edi\u00e7\u00e3o de n\u00famero 112 do jornal ADUF Informa, produzido e editado pela assessoria de imprensa do sindicato. Exemplares da publica\u00e7\u00e3o foram encaminhados aos departamentos nos quatro campi da UFPB e tamb\u00e9m \u00e0s ADs de todo o Brasil. O ADUF Informa tamb\u00e9m est\u00e1 sendo distribu\u00eddo aos associados em formato&hellip;<\/p>\n","protected":false},"author":3,"featured_media":0,"comment_status":"open","ping_status":"open","sticky":false,"template":"","format":"standard","meta":{"footnotes":""},"categories":[15],"tags":[221],"class_list":["post-2866","post","type-post","status-publish","format-standard","hentry","category-noticias","tag-adufinforma","category-15","description-off"],"_links":{"self":[{"href":"https:\/\/www.adufpb.org.br\/site\/wp-json\/wp\/v2\/posts\/2866","targetHints":{"allow":["GET"]}}],"collection":[{"href":"https:\/\/www.adufpb.org.br\/site\/wp-json\/wp\/v2\/posts"}],"about":[{"href":"https:\/\/www.adufpb.org.br\/site\/wp-json\/wp\/v2\/types\/post"}],"author":[{"embeddable":true,"href":"https:\/\/www.adufpb.org.br\/site\/wp-json\/wp\/v2\/users\/3"}],"replies":[{"embeddable":true,"href":"https:\/\/www.adufpb.org.br\/site\/wp-json\/wp\/v2\/comments?post=2866"}],"version-history":[{"count":3,"href":"https:\/\/www.adufpb.org.br\/site\/wp-json\/wp\/v2\/posts\/2866\/revisions"}],"predecessor-version":[{"id":2873,"href":"https:\/\/www.adufpb.org.br\/site\/wp-json\/wp\/v2\/posts\/2866\/revisions\/2873"}],"wp:attachment":[{"href":"https:\/\/www.adufpb.org.br\/site\/wp-json\/wp\/v2\/media?parent=2866"}],"wp:term":[{"taxonomy":"category","embeddable":true,"href":"https:\/\/www.adufpb.org.br\/site\/wp-json\/wp\/v2\/categories?post=2866"},{"taxonomy":"post_tag","embeddable":true,"href":"https:\/\/www.adufpb.org.br\/site\/wp-json\/wp\/v2\/tags?post=2866"}],"curies":[{"name":"wp","href":"https:\/\/api.w.org\/{rel}","templated":true}]}}