{"id":28574,"date":"2023-03-09T08:58:38","date_gmt":"2023-03-09T11:58:38","guid":{"rendered":"https:\/\/www.adufpb.org.br\/site\/?p=28574"},"modified":"2023-03-17T09:41:43","modified_gmt":"2023-03-17T12:41:43","slug":"28574-2","status":"publish","type":"post","link":"https:\/\/www.adufpb.org.br\/site\/28574-2\/","title":{"rendered":"Professoras prestigiam abertura da IV Semana Mulheres em Resist\u00eancia da ADUFPB"},"content":{"rendered":"<p><span style=\"font-weight: 400;\">A IV Semana Mulheres em Resist\u00eancia, organizada pela ADUFPB, foi aberta nesta quarta-feira, 8 de mar\u00e7o, com a presen\u00e7a de dezenas de docentes e representantes de lideran\u00e7as femininas, durante caf\u00e9 da manh\u00e3 seguido de uma roda de conversa sobre o tema \u201cO que as mulheres querem\u201d. O evento ocorreu no Terra\u00e7o Cultural da sede do sindicato, localizada no Centro de Viv\u00eancia do campus I da UFPB.<\/span><\/p>\n<p><span style=\"font-weight: 400;\">Na abertura da atividade, a diretora de Comunica\u00e7\u00e3o da ADUFPB, Sandra Luna, falou um pouco sobre a trajet\u00f3ria da Semana Mulheres em Resist\u00eancia, iniciativa que surgiu em 2020 como compromisso de campanha da ent\u00e3o gest\u00e3o do sindicato.<\/span><\/p>\n<p><span style=\"font-weight: 400;\">Naquele ano, dias antes do in\u00edcio da pandemia de covid-19, a ADUFPB reuniu a comunidade universit\u00e1ria dos quatro campi em uma s\u00e9rie de eventos que incluiu debates, mesas-redondas e atividades culturais. O sucesso da iniciativa levou \u00e0 forma\u00e7\u00e3o do comit\u00ea Mulheres em Resist\u00eancia, com a participa\u00e7\u00e3o de diretoras do sindicato, com o intuito de manter a articula\u00e7\u00e3o da entidade com os movimentos de mulheres da Para\u00edba e refor\u00e7ar a luta pelas pautas feministas.<\/span><\/p>\n<p><span style=\"font-weight: 400;\">No ano seguinte, j\u00e1 em um contexto de isolamento social, a ADUFPB voltou a realizar a Semana Mulheres em Resist\u00eancia, mas desta vez com eventos on-line, envolvendo todos os campi da universidade. O contato mediado por telas n\u00e3o diminuiu o engajamento nas atividades e a experi\u00eancia foi considerada um sucesso. Em 2022, mais uma vez a programa\u00e7\u00e3o foi virtual.<\/span><\/p>\n<p><span style=\"font-weight: 400;\">Agora, em 2023, com a redu\u00e7\u00e3o da gravidade da pandemia gra\u00e7as \u00e0 imuniza\u00e7\u00e3o, a ADUFPB voltou a realizar eventos presenciais. Segundo Sandra Luna, a programa\u00e7\u00e3o deste ano inclui palestras, mesas-redondas, rodas de conversa, oficinas e debates, com temas que cobrem desde a produ\u00e7\u00e3o feminina na ci\u00eancia, na sa\u00fade e na literatura at\u00e9 a luta das mulheres contra a viol\u00eancia.<\/span><\/p>\n<p><strong>Confira a programa\u00e7\u00e3o dos pr\u00f3ximos dias:<\/strong><\/p>\n<p><em><b>Quinta-feira, 9 de mar\u00e7o<\/b><\/em><\/p>\n<p><span style=\"font-weight: 400;\">16h &#8211; mesa-redonda \u201cMulheres na Ci\u00eancia\u201d<\/span><\/p>\n<p><span style=\"font-weight: 400;\">Local: Sala de Leitura da ADUFPB<\/span><\/p>\n<p>&nbsp;<\/p>\n<p><em><b>Sexta-feira, 10 de mar\u00e7o<\/b><\/em><\/p>\n<p><span style=\"font-weight: 400;\">14h \u00e0s 18h &#8211; Oficina Mulheres e Escrita Criativa com o tema \u201cA escrita de si\u201d<\/span><\/p>\n<p><span style=\"font-weight: 400;\">Local: Sede sociocultural da ADUFPB<\/span><\/p>\n<p>&nbsp;<\/p>\n<p><strong>Veja as fotos do \u201cCaf\u00e9 com Prosa\u201d e da roda de conversa \u201cO que as mulheres querem\u201d<\/strong><\/p>\n\n\t\t\t<style type='text\/css'>\n\t\t\t\t#gallery-1 {\n\t\t\t\t\tmargin: auto;\n\t\t\t\t}\n\t\t\t\t#gallery-1 .gallery-item {\n\t\t\t\t\tfloat: left;\n\t\t\t\t\tmargin-top: 10px;\n\t\t\t\t\ttext-align: center;\n\t\t\t\t\twidth: 25%;\n\t\t\t\t}\n\t\t\t\t#gallery-1 img {\n\t\t\t\t\tborder: 2px solid #cfcfcf;\n\t\t\t\t}\n\t\t\t\t#gallery-1 .gallery-caption {\n\t\t\t\t\tmargin-left: 0;\n\t\t\t\t}\n\t\t\t\t\/* see gallery_shortcode() in wp-includes\/media.php *\/\n\t\t\t<\/style>\n\t\t<div id='gallery-1' class='dt-gallery-container gallery galleryid-28574 gallery-columns-4 gallery-size-thumbnail'><dl class='gallery-item'>\n\t\t\t\t<dt class='gallery-icon landscape'>\n\t\t\t\t\t<a class=\"rollover\" href='https:\/\/www.adufpb.org.br\/site\/28574-2\/2023-03-08-cafe-da-manha-semana-mulheres-em-resistencia-26\/'><img loading=\"lazy\" decoding=\"async\" width=\"150\" height=\"150\" src=\"https:\/\/www.adufpb.org.br\/site\/wp-content\/uploads\/2023\/03\/2023.03.08-cafe-da-manha-semana-mulheres-em-resistencia-26-150x150.jpeg\" class=\"attachment-thumbnail size-thumbnail\" alt=\"\" \/><\/a>\n\t\t\t\t<\/dt><\/dl><dl class='gallery-item'>\n\t\t\t\t<dt class='gallery-icon portrait'>\n\t\t\t\t\t<a class=\"rollover\" href='https:\/\/www.adufpb.org.br\/site\/28574-2\/2023-03-08-cafe-da-manha-semana-mulheres-em-resistencia-25\/'><img loading=\"lazy\" decoding=\"async\" width=\"150\" height=\"150\" src=\"https:\/\/www.adufpb.org.br\/site\/wp-content\/uploads\/2023\/03\/2023.03.08-cafe-da-manha-semana-mulheres-em-resistencia-25-150x150.jpeg\" class=\"attachment-thumbnail size-thumbnail\" alt=\"\" \/><\/a>\n\t\t\t\t<\/dt><\/dl><dl class='gallery-item'>\n\t\t\t\t<dt class='gallery-icon portrait'>\n\t\t\t\t\t<a class=\"rollover\" href='https:\/\/www.adufpb.org.br\/site\/28574-2\/2023-03-08-cafe-da-manha-semana-mulheres-em-resistencia-23\/'><img loading=\"lazy\" decoding=\"async\" width=\"150\" height=\"150\" src=\"https:\/\/www.adufpb.org.br\/site\/wp-content\/uploads\/2023\/03\/2023.03.08-cafe-da-manha-semana-mulheres-em-resistencia-23-150x150.jpeg\" class=\"attachment-thumbnail size-thumbnail\" alt=\"\" \/><\/a>\n\t\t\t\t<\/dt><\/dl><dl class='gallery-item'>\n\t\t\t\t<dt class='gallery-icon landscape'>\n\t\t\t\t\t<a class=\"rollover\" href='https:\/\/www.adufpb.org.br\/site\/28574-2\/2023-03-08-cafe-da-manha-semana-mulheres-em-resistencia-22\/'><img loading=\"lazy\" decoding=\"async\" width=\"150\" height=\"150\" src=\"https:\/\/www.adufpb.org.br\/site\/wp-content\/uploads\/2023\/03\/2023.03.08-cafe-da-manha-semana-mulheres-em-resistencia-22-150x150.jpeg\" class=\"attachment-thumbnail size-thumbnail\" alt=\"\" \/><\/a>\n\t\t\t\t<\/dt><\/dl><br style=\"clear: both\" \/><dl class='gallery-item'>\n\t\t\t\t<dt class='gallery-icon portrait'>\n\t\t\t\t\t<a class=\"rollover\" href='https:\/\/www.adufpb.org.br\/site\/28574-2\/2023-03-08-cafe-da-manha-semana-mulheres-em-resistencia-20\/'><img loading=\"lazy\" decoding=\"async\" width=\"150\" height=\"150\" src=\"https:\/\/www.adufpb.org.br\/site\/wp-content\/uploads\/2023\/03\/2023.03.08-cafe-da-manha-semana-mulheres-em-resistencia-20-150x150.jpeg\" class=\"attachment-thumbnail size-thumbnail\" alt=\"\" \/><\/a>\n\t\t\t\t<\/dt><\/dl><dl class='gallery-item'>\n\t\t\t\t<dt class='gallery-icon landscape'>\n\t\t\t\t\t<a class=\"rollover\" href='https:\/\/www.adufpb.org.br\/site\/28574-2\/2023-03-08-cafe-da-manha-semana-mulheres-em-resistencia-19\/'><img loading=\"lazy\" decoding=\"async\" width=\"150\" height=\"150\" src=\"https:\/\/www.adufpb.org.br\/site\/wp-content\/uploads\/2023\/03\/2023.03.08-cafe-da-manha-semana-mulheres-em-resistencia-19-150x150.jpeg\" class=\"attachment-thumbnail size-thumbnail\" alt=\"\" \/><\/a>\n\t\t\t\t<\/dt><\/dl><dl class='gallery-item'>\n\t\t\t\t<dt class='gallery-icon portrait'>\n\t\t\t\t\t<a class=\"rollover\" href='https:\/\/www.adufpb.org.br\/site\/28574-2\/2023-03-08-cafe-da-manha-semana-mulheres-em-resistencia-18\/'><img loading=\"lazy\" decoding=\"async\" width=\"150\" height=\"150\" src=\"https:\/\/www.adufpb.org.br\/site\/wp-content\/uploads\/2023\/03\/2023.03.08-cafe-da-manha-semana-mulheres-em-resistencia-18-150x150.jpeg\" class=\"attachment-thumbnail size-thumbnail\" alt=\"\" \/><\/a>\n\t\t\t\t<\/dt><\/dl><dl class='gallery-item'>\n\t\t\t\t<dt class='gallery-icon portrait'>\n\t\t\t\t\t<a class=\"rollover\" href='https:\/\/www.adufpb.org.br\/site\/28574-2\/2023-03-08-cafe-da-manha-semana-mulheres-em-resistencia-17\/'><img loading=\"lazy\" decoding=\"async\" width=\"150\" height=\"150\" src=\"https:\/\/www.adufpb.org.br\/site\/wp-content\/uploads\/2023\/03\/2023.03.08-cafe-da-manha-semana-mulheres-em-resistencia-17-150x150.jpeg\" class=\"attachment-thumbnail size-thumbnail\" alt=\"\" \/><\/a>\n\t\t\t\t<\/dt><\/dl><br style=\"clear: both\" \/><dl class='gallery-item'>\n\t\t\t\t<dt class='gallery-icon portrait'>\n\t\t\t\t\t<a class=\"rollover\" href='https:\/\/www.adufpb.org.br\/site\/28574-2\/2023-03-08-cafe-da-manha-semana-mulheres-em-resistencia-16\/'><img loading=\"lazy\" decoding=\"async\" width=\"150\" height=\"150\" src=\"https:\/\/www.adufpb.org.br\/site\/wp-content\/uploads\/2023\/03\/2023.03.08-cafe-da-manha-semana-mulheres-em-resistencia-16-150x150.jpeg\" class=\"attachment-thumbnail size-thumbnail\" alt=\"\" \/><\/a>\n\t\t\t\t<\/dt><\/dl><dl class='gallery-item'>\n\t\t\t\t<dt class='gallery-icon portrait'>\n\t\t\t\t\t<a class=\"rollover\" href='https:\/\/www.adufpb.org.br\/site\/28574-2\/2023-03-08-cafe-da-manha-semana-mulheres-em-resistencia-15\/'><img loading=\"lazy\" decoding=\"async\" width=\"150\" height=\"150\" src=\"https:\/\/www.adufpb.org.br\/site\/wp-content\/uploads\/2023\/03\/2023.03.08-cafe-da-manha-semana-mulheres-em-resistencia-15-150x150.jpeg\" class=\"attachment-thumbnail size-thumbnail\" alt=\"\" \/><\/a>\n\t\t\t\t<\/dt><\/dl><dl class='gallery-item'>\n\t\t\t\t<dt class='gallery-icon portrait'>\n\t\t\t\t\t<a class=\"rollover\" href='https:\/\/www.adufpb.org.br\/site\/28574-2\/2023-03-08-cafe-da-manha-semana-mulheres-em-resistencia-13\/'><img loading=\"lazy\" decoding=\"async\" width=\"150\" height=\"150\" src=\"https:\/\/www.adufpb.org.br\/site\/wp-content\/uploads\/2023\/03\/2023.03.08-cafe-da-manha-semana-mulheres-em-resistencia-13-150x150.jpeg\" class=\"attachment-thumbnail size-thumbnail\" alt=\"\" \/><\/a>\n\t\t\t\t<\/dt><\/dl><dl class='gallery-item'>\n\t\t\t\t<dt class='gallery-icon landscape'>\n\t\t\t\t\t<a class=\"rollover\" href='https:\/\/www.adufpb.org.br\/site\/28574-2\/2023-03-08-cafe-da-manha-semana-mulheres-em-resistencia-12\/'><img loading=\"lazy\" decoding=\"async\" width=\"150\" height=\"150\" src=\"https:\/\/www.adufpb.org.br\/site\/wp-content\/uploads\/2023\/03\/2023.03.08-cafe-da-manha-semana-mulheres-em-resistencia-12-150x150.jpeg\" class=\"attachment-thumbnail size-thumbnail\" alt=\"\" \/><\/a>\n\t\t\t\t<\/dt><\/dl><br style=\"clear: both\" \/><dl class='gallery-item'>\n\t\t\t\t<dt class='gallery-icon portrait'>\n\t\t\t\t\t<a class=\"rollover\" href='https:\/\/www.adufpb.org.br\/site\/28574-2\/2023-03-08-cafe-da-manha-semana-mulheres-em-resistencia-11\/'><img loading=\"lazy\" decoding=\"async\" width=\"150\" height=\"150\" src=\"https:\/\/www.adufpb.org.br\/site\/wp-content\/uploads\/2023\/03\/2023.03.08-cafe-da-manha-semana-mulheres-em-resistencia-11-150x150.jpeg\" class=\"attachment-thumbnail size-thumbnail\" alt=\"\" \/><\/a>\n\t\t\t\t<\/dt><\/dl><dl class='gallery-item'>\n\t\t\t\t<dt class='gallery-icon portrait'>\n\t\t\t\t\t<a class=\"rollover\" href='https:\/\/www.adufpb.org.br\/site\/28574-2\/2023-03-08-cafe-da-manha-semana-mulheres-em-resistencia-10\/'><img loading=\"lazy\" decoding=\"async\" width=\"150\" height=\"150\" src=\"https:\/\/www.adufpb.org.br\/site\/wp-content\/uploads\/2023\/03\/2023.03.08-cafe-da-manha-semana-mulheres-em-resistencia-10-150x150.jpeg\" class=\"attachment-thumbnail size-thumbnail\" alt=\"\" \/><\/a>\n\t\t\t\t<\/dt><\/dl><dl class='gallery-item'>\n\t\t\t\t<dt class='gallery-icon portrait'>\n\t\t\t\t\t<a class=\"rollover\" href='https:\/\/www.adufpb.org.br\/site\/28574-2\/2023-03-08-cafe-da-manha-semana-mulheres-em-resistencia-9\/'><img loading=\"lazy\" decoding=\"async\" width=\"150\" height=\"150\" src=\"https:\/\/www.adufpb.org.br\/site\/wp-content\/uploads\/2023\/03\/2023.03.08-cafe-da-manha-semana-mulheres-em-resistencia-9-150x150.jpeg\" class=\"attachment-thumbnail size-thumbnail\" alt=\"\" \/><\/a>\n\t\t\t\t<\/dt><\/dl><dl class='gallery-item'>\n\t\t\t\t<dt class='gallery-icon portrait'>\n\t\t\t\t\t<a class=\"rollover\" href='https:\/\/www.adufpb.org.br\/site\/28574-2\/2023-03-08-cafe-da-manha-semana-mulheres-em-resistencia-8\/'><img loading=\"lazy\" decoding=\"async\" width=\"150\" height=\"150\" src=\"https:\/\/www.adufpb.org.br\/site\/wp-content\/uploads\/2023\/03\/2023.03.08-cafe-da-manha-semana-mulheres-em-resistencia-8-150x150.jpeg\" class=\"attachment-thumbnail size-thumbnail\" alt=\"\" \/><\/a>\n\t\t\t\t<\/dt><\/dl><br style=\"clear: both\" \/><dl class='gallery-item'>\n\t\t\t\t<dt class='gallery-icon portrait'>\n\t\t\t\t\t<a class=\"rollover\" href='https:\/\/www.adufpb.org.br\/site\/28574-2\/2023-03-08-cafe-da-manha-semana-mulheres-em-resistencia-7\/'><img loading=\"lazy\" decoding=\"async\" width=\"150\" height=\"150\" src=\"https:\/\/www.adufpb.org.br\/site\/wp-content\/uploads\/2023\/03\/2023.03.08-cafe-da-manha-semana-mulheres-em-resistencia-7-150x150.jpeg\" class=\"attachment-thumbnail size-thumbnail\" alt=\"\" \/><\/a>\n\t\t\t\t<\/dt><\/dl><dl class='gallery-item'>\n\t\t\t\t<dt class='gallery-icon portrait'>\n\t\t\t\t\t<a class=\"rollover\" href='https:\/\/www.adufpb.org.br\/site\/28574-2\/2023-03-08-cafe-da-manha-semana-mulheres-em-resistencia-6\/'><img loading=\"lazy\" decoding=\"async\" width=\"150\" height=\"150\" src=\"https:\/\/www.adufpb.org.br\/site\/wp-content\/uploads\/2023\/03\/2023.03.08-cafe-da-manha-semana-mulheres-em-resistencia-6-150x150.jpeg\" class=\"attachment-thumbnail size-thumbnail\" alt=\"\" \/><\/a>\n\t\t\t\t<\/dt><\/dl><dl class='gallery-item'>\n\t\t\t\t<dt class='gallery-icon landscape'>\n\t\t\t\t\t<a class=\"rollover\" href='https:\/\/www.adufpb.org.br\/site\/28574-2\/2023-03-08-cafe-da-manha-semana-mulheres-em-resistencia-5\/'><img loading=\"lazy\" decoding=\"async\" width=\"150\" height=\"150\" src=\"https:\/\/www.adufpb.org.br\/site\/wp-content\/uploads\/2023\/03\/2023.03.08-cafe-da-manha-semana-mulheres-em-resistencia-5-150x150.jpeg\" class=\"attachment-thumbnail size-thumbnail\" alt=\"\" \/><\/a>\n\t\t\t\t<\/dt><\/dl><dl class='gallery-item'>\n\t\t\t\t<dt class='gallery-icon landscape'>\n\t\t\t\t\t<a class=\"rollover\" href='https:\/\/www.adufpb.org.br\/site\/28574-2\/2023-03-08-cafe-da-manha-semana-mulheres-em-resistencia-4\/'><img loading=\"lazy\" decoding=\"async\" width=\"150\" height=\"150\" src=\"https:\/\/www.adufpb.org.br\/site\/wp-content\/uploads\/2023\/03\/2023.03.08-cafe-da-manha-semana-mulheres-em-resistencia-4-150x150.jpeg\" class=\"attachment-thumbnail size-thumbnail\" alt=\"\" \/><\/a>\n\t\t\t\t<\/dt><\/dl><br style=\"clear: both\" \/><dl class='gallery-item'>\n\t\t\t\t<dt class='gallery-icon landscape'>\n\t\t\t\t\t<a class=\"rollover\" href='https:\/\/www.adufpb.org.br\/site\/28574-2\/2023-03-08-cafe-da-manha-semana-mulheres-em-resistencia-3\/'><img loading=\"lazy\" decoding=\"async\" width=\"150\" height=\"150\" src=\"https:\/\/www.adufpb.org.br\/site\/wp-content\/uploads\/2023\/03\/2023.03.08-cafe-da-manha-semana-mulheres-em-resistencia-3-150x150.jpeg\" class=\"attachment-thumbnail size-thumbnail\" alt=\"\" \/><\/a>\n\t\t\t\t<\/dt><\/dl><dl class='gallery-item'>\n\t\t\t\t<dt class='gallery-icon landscape'>\n\t\t\t\t\t<a class=\"rollover\" href='https:\/\/www.adufpb.org.br\/site\/28574-2\/2023-03-08-cafe-da-manha-semana-mulheres-em-resistencia-2\/'><img loading=\"lazy\" decoding=\"async\" width=\"150\" height=\"150\" src=\"https:\/\/www.adufpb.org.br\/site\/wp-content\/uploads\/2023\/03\/2023.03.08-cafe-da-manha-semana-mulheres-em-resistencia-2-150x150.jpeg\" class=\"attachment-thumbnail size-thumbnail\" alt=\"\" \/><\/a>\n\t\t\t\t<\/dt><\/dl><dl class='gallery-item'>\n\t\t\t\t<dt class='gallery-icon landscape'>\n\t\t\t\t\t<a class=\"rollover\" href='https:\/\/www.adufpb.org.br\/site\/28574-2\/2023-03-08-cafe-da-manha-semana-mulheres-em-resistencia-1\/'><img loading=\"lazy\" decoding=\"async\" width=\"150\" height=\"150\" src=\"https:\/\/www.adufpb.org.br\/site\/wp-content\/uploads\/2023\/03\/2023.03.08-cafe-da-manha-semana-mulheres-em-resistencia-1-150x150.jpeg\" class=\"attachment-thumbnail size-thumbnail\" alt=\"\" \/><\/a>\n\t\t\t\t<\/dt><\/dl>\n\t\t\t\t<br style='clear: both' \/>\n\t\t\t<\/div>\n\n","protected":false},"excerpt":{"rendered":"<p>A IV Semana Mulheres em Resist\u00eancia, organizada pela ADUFPB, foi aberta nesta quarta-feira, 8 de mar\u00e7o, com a presen\u00e7a de dezenas de docentes e representantes de lideran\u00e7as femininas, durante caf\u00e9 da manh\u00e3 seguido de uma roda de conversa sobre o tema \u201cO que as mulheres querem\u201d. O evento ocorreu no Terra\u00e7o Cultural da sede do&hellip;<\/p>\n","protected":false},"author":3,"featured_media":28579,"comment_status":"closed","ping_status":"closed","sticky":false,"template":"","format":"standard","meta":{"footnotes":""},"categories":[1405,15,417],"tags":[121,1165,115,1317,1298],"class_list":["post-28574","post","type-post","status-publish","format-standard","has-post-thumbnail","hentry","category-chamada-principal","category-noticias","category-noticias-destaque","tag-8-de-marco","tag-cafe-da-manha","tag-dia-da-mulher","tag-mulheres-em-resistencia","tag-roda-de-conversa","category-1405","category-15","category-417","description-off"],"_links":{"self":[{"href":"https:\/\/www.adufpb.org.br\/site\/wp-json\/wp\/v2\/posts\/28574","targetHints":{"allow":["GET"]}}],"collection":[{"href":"https:\/\/www.adufpb.org.br\/site\/wp-json\/wp\/v2\/posts"}],"about":[{"href":"https:\/\/www.adufpb.org.br\/site\/wp-json\/wp\/v2\/types\/post"}],"author":[{"embeddable":true,"href":"https:\/\/www.adufpb.org.br\/site\/wp-json\/wp\/v2\/users\/3"}],"replies":[{"embeddable":true,"href":"https:\/\/www.adufpb.org.br\/site\/wp-json\/wp\/v2\/comments?post=28574"}],"version-history":[{"count":4,"href":"https:\/\/www.adufpb.org.br\/site\/wp-json\/wp\/v2\/posts\/28574\/revisions"}],"predecessor-version":[{"id":28603,"href":"https:\/\/www.adufpb.org.br\/site\/wp-json\/wp\/v2\/posts\/28574\/revisions\/28603"}],"wp:featuredmedia":[{"embeddable":true,"href":"https:\/\/www.adufpb.org.br\/site\/wp-json\/wp\/v2\/media\/28579"}],"wp:attachment":[{"href":"https:\/\/www.adufpb.org.br\/site\/wp-json\/wp\/v2\/media?parent=28574"}],"wp:term":[{"taxonomy":"category","embeddable":true,"href":"https:\/\/www.adufpb.org.br\/site\/wp-json\/wp\/v2\/categories?post=28574"},{"taxonomy":"post_tag","embeddable":true,"href":"https:\/\/www.adufpb.org.br\/site\/wp-json\/wp\/v2\/tags?post=28574"}],"curies":[{"name":"wp","href":"https:\/\/api.w.org\/{rel}","templated":true}]}}