{"id":28525,"date":"2023-03-01T10:42:18","date_gmt":"2023-03-01T13:42:18","guid":{"rendered":"https:\/\/www.adufpb.org.br\/site\/?p=28525"},"modified":"2023-03-01T10:42:18","modified_gmt":"2023-03-01T13:42:18","slug":"governo-federal-apresenta-pontos-para-uma-proposta-alternativa-a-portaria-10-723-22","status":"publish","type":"post","link":"https:\/\/www.adufpb.org.br\/site\/governo-federal-apresenta-pontos-para-uma-proposta-alternativa-a-portaria-10-723-22\/","title":{"rendered":"Governo federal apresenta pontos para uma proposta alternativa a Portaria 10.723\/22"},"content":{"rendered":"<p><a class=\"dt-pswp-item\" href=\"https:\/\/www.adufpb.org.br\/site\/wp-content\/uploads\/2023\/03\/Governo-federal-proposta-alternativa-Portaria-10.723-22.jpeg\" data-dt-img-description=\"\" data-large_image_width=\"1280\" data-large_image_height=\"960\"><img loading=\"lazy\" decoding=\"async\" class=\"alignright wp-image-28526 size-medium\" src=\"https:\/\/www.adufpb.org.br\/site\/wp-content\/uploads\/2023\/03\/Governo-federal-proposta-alternativa-Portaria-10.723-22-300x225.jpeg\" alt=\"\" width=\"300\" height=\"225\" srcset=\"https:\/\/www.adufpb.org.br\/site\/wp-content\/uploads\/2023\/03\/Governo-federal-proposta-alternativa-Portaria-10.723-22-300x225.jpeg 300w, https:\/\/www.adufpb.org.br\/site\/wp-content\/uploads\/2023\/03\/Governo-federal-proposta-alternativa-Portaria-10.723-22-1024x768.jpeg 1024w, https:\/\/www.adufpb.org.br\/site\/wp-content\/uploads\/2023\/03\/Governo-federal-proposta-alternativa-Portaria-10.723-22-768x576.jpeg 768w, https:\/\/www.adufpb.org.br\/site\/wp-content\/uploads\/2023\/03\/Governo-federal-proposta-alternativa-Portaria-10.723-22-250x188.jpeg 250w, https:\/\/www.adufpb.org.br\/site\/wp-content\/uploads\/2023\/03\/Governo-federal-proposta-alternativa-Portaria-10.723-22.jpeg 1280w\" sizes=\"auto, (max-width: 300px) 100vw, 300px\" \/><\/a>Em nova reuni\u00e3o com o governo federal, entidades que representam servidoras e servidores p\u00fablicos federais cobraram na segunda-feira (21) a revoga\u00e7\u00e3o da Portaria 10.723\/2022, que trata da redistribui\u00e7\u00e3o de cargos efetivos na Administra\u00e7\u00e3o P\u00fablica Federal.<\/p>\n<p>Na ocasi\u00e3o, o secret\u00e1rio de Gest\u00e3o de Pessoas e Rela\u00e7\u00f5es de Trabalho do rec\u00e9m-criado Minist\u00e9rio da Gest\u00e3o e da Inova\u00e7\u00e3o em Servi\u00e7os P\u00fablicos, S\u00e9rgio Mendon\u00e7a, apresentou um texto substitutivo que revoga a Portaria editada pelo ex-presidente Jair Bolsonaro (PL).<\/p>\n<p>Na avalia\u00e7\u00e3o das entidades, a reuni\u00e3o representou um avan\u00e7o, na medida em que o governo trouxe uma proposta a ser debatida. Entretanto, \u00e9 necess\u00e1rio pressionar o governo para recuar em pontos como o impedimento de redistribui\u00e7\u00e3o de quem responde a um Processo Administrativo Disciplinar (PAD), ou quem esteja em est\u00e1gio probat\u00f3rio, ou ainda se a servidora e o servidor n\u00e3o houver sido redistribu\u00eddo nos \u00faltimos cinco anos.<\/p>\n<p>\u201cO governo apresentou uma proposta da atual regulamenta\u00e7\u00e3o em que revoga a Portaria 10.723, mas apresentou outra proposta de regulamenta\u00e7\u00e3o da redistribui\u00e7\u00e3o em que h\u00e1 pontos que avan\u00e7am no nosso debate, mas tamb\u00e9m h\u00e1 pontos que consideramos conflituosos e que, para n\u00f3s, s\u00e3o de suma import\u00e2ncia\u201d, avaliou Rosineide Freitas, 2\u00aa vice-presidenta da Regional Rio de Janeiro do ANDES-SN.<\/p>\n<p>Estiveram presentes ainda, Zuleide Queiroz, 2\u00aa vice-presidenta do ANDES-SN e dirigentes da Fasubra, do Sinasefe e outras entidades que comp\u00f5em o F\u00f3rum das Entidades Nacionais dos Servidores P\u00fablicos Federais (Fonasefe).<\/p>\n<p><em>Fonte: Andes-SN<\/em><\/p>\n","protected":false},"excerpt":{"rendered":"<p>Em nova reuni\u00e3o com o governo federal, entidades que representam servidoras e servidores p\u00fablicos federais cobraram na segunda-feira (21) a revoga\u00e7\u00e3o da Portaria 10.723\/2022, que trata da redistribui\u00e7\u00e3o de cargos efetivos na Administra\u00e7\u00e3o P\u00fablica Federal. Na ocasi\u00e3o, o secret\u00e1rio de Gest\u00e3o de Pessoas e Rela\u00e7\u00f5es de Trabalho do rec\u00e9m-criado Minist\u00e9rio da Gest\u00e3o e da Inova\u00e7\u00e3o&hellip;<\/p>\n","protected":false},"author":3,"featured_media":28526,"comment_status":"closed","ping_status":"closed","sticky":false,"template":"","format":"standard","meta":{"footnotes":""},"categories":[15,417],"tags":[1605,567,1027,225],"class_list":["post-28525","post","type-post","status-publish","format-standard","has-post-thumbnail","hentry","category-noticias","category-noticias-destaque","tag-portaria-10-723","tag-reuniao","tag-servico-publico","tag-servidores-publicos","category-15","category-417","description-off"],"_links":{"self":[{"href":"https:\/\/www.adufpb.org.br\/site\/wp-json\/wp\/v2\/posts\/28525","targetHints":{"allow":["GET"]}}],"collection":[{"href":"https:\/\/www.adufpb.org.br\/site\/wp-json\/wp\/v2\/posts"}],"about":[{"href":"https:\/\/www.adufpb.org.br\/site\/wp-json\/wp\/v2\/types\/post"}],"author":[{"embeddable":true,"href":"https:\/\/www.adufpb.org.br\/site\/wp-json\/wp\/v2\/users\/3"}],"replies":[{"embeddable":true,"href":"https:\/\/www.adufpb.org.br\/site\/wp-json\/wp\/v2\/comments?post=28525"}],"version-history":[{"count":1,"href":"https:\/\/www.adufpb.org.br\/site\/wp-json\/wp\/v2\/posts\/28525\/revisions"}],"predecessor-version":[{"id":28527,"href":"https:\/\/www.adufpb.org.br\/site\/wp-json\/wp\/v2\/posts\/28525\/revisions\/28527"}],"wp:featuredmedia":[{"embeddable":true,"href":"https:\/\/www.adufpb.org.br\/site\/wp-json\/wp\/v2\/media\/28526"}],"wp:attachment":[{"href":"https:\/\/www.adufpb.org.br\/site\/wp-json\/wp\/v2\/media?parent=28525"}],"wp:term":[{"taxonomy":"category","embeddable":true,"href":"https:\/\/www.adufpb.org.br\/site\/wp-json\/wp\/v2\/categories?post=28525"},{"taxonomy":"post_tag","embeddable":true,"href":"https:\/\/www.adufpb.org.br\/site\/wp-json\/wp\/v2\/tags?post=28525"}],"curies":[{"name":"wp","href":"https:\/\/api.w.org\/{rel}","templated":true}]}}