{"id":2851,"date":"2012-04-11T08:57:31","date_gmt":"2012-04-11T12:57:31","guid":{"rendered":"http:\/\/www.adufpb.org.br\/site\/?p=2851"},"modified":"2012-04-11T09:01:05","modified_gmt":"2012-04-11T13:01:05","slug":"eleicoes-do-andes-marinalva-oliveira-faz-campanha-na-ufpb","status":"publish","type":"post","link":"https:\/\/www.adufpb.org.br\/site\/eleicoes-do-andes-marinalva-oliveira-faz-campanha-na-ufpb\/","title":{"rendered":"Elei\u00e7\u00f5es do Andes: Marinalva Oliveira faz campanha na UFPB"},"content":{"rendered":"<p><a href=\"http:\/\/www.adufpb.org.br\/site\/wp-content\/uploads\/2012\/04\/VISITA-01.jpg\"><img loading=\"lazy\" decoding=\"async\" class=\"alignleft size-medium wp-image-2852\" title=\"VISITA 01\" src=\"http:\/\/www.adufpb.org.br\/site\/wp-content\/uploads\/2012\/04\/VISITA-01-234x300.jpg\" alt=\"\" width=\"234\" height=\"300\" srcset=\"https:\/\/www.adufpb.org.br\/site\/wp-content\/uploads\/2012\/04\/VISITA-01-234x300.jpg 234w, https:\/\/www.adufpb.org.br\/site\/wp-content\/uploads\/2012\/04\/VISITA-01-799x1024.jpg 799w, https:\/\/www.adufpb.org.br\/site\/wp-content\/uploads\/2012\/04\/VISITA-01.jpg 1640w\" sizes=\"auto, (max-width: 234px) 100vw, 234px\" \/><\/a>As estrat\u00e9gias poss\u00edveis para promover a mobiliza\u00e7\u00e3o da base sindical foram o principal assunto discutido nesta ter\u00e7a-feira (10), na reuni\u00e3o de integrantes da Diretoria da ADUFPB com a professora Marinalva Silva Oliveira, candidata \u00e0 presid\u00eancia do Andes &#8211; Sindicato Nacional. Ela destacou a import\u00e2ncia de atrair para o movimento os professores rec\u00e9m-chegados \u00e0 universidade e declarou que uma das formas \u00e9 mantendo um discurso direto e objetivo.<\/p>\n<p>Segundo Marinalva Oliveira, \u00e9 necess\u00e1rio entender quem \u00e9 o docente de hoje que est\u00e1 chegando \u00e0 universidade. \u201cHouve sem d\u00favida uma mudan\u00e7a no perfil\u201d, afirma. Aproximar-se dos novos professores \u00e9 um dos objetivos da s\u00e9rie de visitas que a candidata est\u00e1 fazendo \u00e0s ADs do Pa\u00eds durante a campanha. A UFPB foi o primeiro destino das atividades na Regional Nordeste II. \u00c0 tarde, a candidata ainda participou da reuni\u00e3o do Conselho de Representantes da ADUFPB e depois seguiu para Recife (PE). Em seguida ela visitaria Campina Grande, Mossor\u00f3 (RN) e Natal (RN)<\/p>\n<p>\u201cAs elei\u00e7\u00f5es tamb\u00e9m servem para divulgar o Andes junto aos professores novos. Eles podem n\u00e3o votar desta vez, mas temos a oportunidade de mostrar como trabalha a entidade\u201d, explica Marinalva Oliveira.<\/p>\n<p>Ela acrescenta que o objetivo central das visitas \u00e0s ADs \u00e9 mesmo divulgar o programa da chapa e chamar o professor sindicalizado a votar nas elei\u00e7\u00f5es, buscando o fortalecimento cont\u00ednuo do sindicato. \u201cO Andes, mesmo sendo uma entidade nacional, realiza elei\u00e7\u00f5es diretas em todo o Pa\u00eds. Todos os Estados ter\u00e3o urna para vota\u00e7\u00e3o. Assim, podemos dizer que temos uma verdadeira representatividade pol\u00edtica\u201d, afirma.<\/p>\n<p><a href=\"http:\/\/www.adufpb.org.br\/site\/wp-content\/uploads\/2012\/04\/VISITA-02.jpg\"><img loading=\"lazy\" decoding=\"async\" class=\"alignright size-medium wp-image-2853\" title=\"VISITA 02\" src=\"http:\/\/www.adufpb.org.br\/site\/wp-content\/uploads\/2012\/04\/VISITA-02-300x193.jpg\" alt=\"\" width=\"300\" height=\"193\" srcset=\"https:\/\/www.adufpb.org.br\/site\/wp-content\/uploads\/2012\/04\/VISITA-02-300x193.jpg 300w, https:\/\/www.adufpb.org.br\/site\/wp-content\/uploads\/2012\/04\/VISITA-02-1024x660.jpg 1024w\" sizes=\"auto, (max-width: 300px) 100vw, 300px\" \/><\/a>\u201cAl\u00e9m disso, tamb\u00e9m estamos conhecendo a conjuntura local das universidades. Cada uma delas tem suas particularidades e precisamos entend\u00ea-las para construir uma pol\u00edtica eficiente de mobiliza\u00e7\u00e3o da base\u201d. Segundo Marinalva Oliveira, a participa\u00e7\u00e3o ativa dos professores \u00e9 essencial caso se queira conquistar algum sucesso nas mesas de negocia\u00e7\u00e3o com o governo. \u201cOs pr\u00f3ximos dois anos ser\u00e3o duros. J\u00e1 na primeira mesa de discuss\u00e3o de 2012, o governo deixou claro o endurecimento da negocia\u00e7\u00e3o com o movimento sindical\u201d, afirma.<\/p>\n<p>Na reuni\u00e3o com a candidata ter\u00e7a-feira, na ADUFPB, os professores refor\u00e7aram a necessidade de atrair os rec\u00e9m-chegados \u00e0 universidade e mesmo docentes mais antigos que se afastaram do movimento. A presidente interina da Se\u00e7\u00e3o Sindical, Terezinha Diniz, lembrou que a ADUFPB n\u00e3o tem sofrido muitas perdas. \u201cNa verdade, do ano passado para c\u00e1, recebemos 365 inscri\u00e7\u00f5es de novos filiados. Podemos afirmar que os novo professores est\u00e3o, sim, se filiando\u201d, afirma.<\/p>\n<p>&nbsp;<\/p>\n<p><strong>Aula-p\u00fablica<\/strong><\/p>\n<p><a href=\"http:\/\/www.adufpb.org.br\/site\/wp-content\/uploads\/2012\/04\/VISITA-07.jpg\"><img loading=\"lazy\" decoding=\"async\" class=\"alignright size-medium wp-image-2858\" title=\"VISITA 07\" src=\"http:\/\/www.adufpb.org.br\/site\/wp-content\/uploads\/2012\/04\/VISITA-07-300x207.jpg\" alt=\"\" width=\"300\" height=\"207\" srcset=\"https:\/\/www.adufpb.org.br\/site\/wp-content\/uploads\/2012\/04\/VISITA-07-300x207.jpg 300w, https:\/\/www.adufpb.org.br\/site\/wp-content\/uploads\/2012\/04\/VISITA-07-1024x707.jpg 1024w\" sizes=\"auto, (max-width: 300px) 100vw, 300px\" \/><\/a>Marinalva Oliveira tamb\u00e9m explicou mais detalhes sobre uma das estrat\u00e9gias de mobiliza\u00e7\u00e3o que ficou definida na \u00faltima reuni\u00e3o do Setor das Ifes do Andes: a realiza\u00e7\u00e3o de aulas p\u00fablicas nas diversas universidades do Pa\u00eds. O objetivo \u00e9 informar claramente aos p\u00fablicos interno e externo sobre o andamento das negocia\u00e7\u00f5es com o Minist\u00e9rio do Planejamento e mostrar como o governo vem agindo, sempre buscando adiar e evitar uma decis\u00e3o.<\/p>\n<p>\u201cT\u00ednhamos uma expectativa [definida na reuni\u00e3o anterior e registrada em documento] de fechar as reuni\u00f5es sobre carreira no dia 31 de mar\u00e7o. Ent\u00e3o chega o governo e diz que, n\u00e3o, que a data era 31 de julho\u201d, exemplificou. As aulas-p\u00fablicas servir\u00e3o para mostrar o andamento das negocia\u00e7\u00f5es desde o ano passado, coisa que as assembleias n\u00e3o v\u00eam conseguindo fazer com efici\u00eancia por causa por estarem reunindo poucas pessoas.<\/p>\n<p><a href=\"http:\/\/www.adufpb.org.br\/site\/wp-content\/uploads\/2012\/04\/VISITA-03.jpg\"><img loading=\"lazy\" decoding=\"async\" class=\"alignleft size-medium wp-image-2854\" title=\"VISITA 03\" src=\"http:\/\/www.adufpb.org.br\/site\/wp-content\/uploads\/2012\/04\/VISITA-03-260x300.jpg\" alt=\"\" width=\"260\" height=\"300\" srcset=\"https:\/\/www.adufpb.org.br\/site\/wp-content\/uploads\/2012\/04\/VISITA-03-260x300.jpg 260w, https:\/\/www.adufpb.org.br\/site\/wp-content\/uploads\/2012\/04\/VISITA-03-890x1024.jpg 890w, https:\/\/www.adufpb.org.br\/site\/wp-content\/uploads\/2012\/04\/VISITA-03.jpg 1485w\" sizes=\"auto, (max-width: 260px) 100vw, 260px\" \/><\/a><\/p>\n<p>Segundo Marinalva Oliveira, as aulas podem acontecer com simples visitas aos departamentos, ou mesmo como audi\u00eancias nas pra\u00e7as das universidades. \u201cElas v\u00e3o iniciar o processo de mobiliza\u00e7\u00e3o este ano, divulgando o que est\u00e1 acontecendo na mesa de negocia\u00e7\u00e3o de carreira e o calend\u00e1rio de lutas\u201d.<\/p>\n<p>&nbsp;<\/p>\n<p><strong>Elei\u00e7\u00f5es<\/strong><\/p>\n<p>A reuni\u00e3o da professora Marinalva Oliveira na ADUFPB tamb\u00e9m serviu para discutir a mobiliza\u00e7\u00e3o em torno da elei\u00e7\u00e3o do Andes, marcadas para os dias 8 e 9 de maio. A meta da ADUFPB \u00e9 conscientizar os professores da import\u00e2ncia do voto. S\u00f3 por meio da massiva participa\u00e7\u00e3o dos docentes o Sindicato Nacional poder\u00e1 reafirmar ao governo a sua representatividade.<\/p>\n<p>As elei\u00e7\u00f5es est\u00e3o marcadas para os dias 8 e 9 de maio e ser\u00e3o por voto secreto, universal e direto. Poder\u00e3o votar os filiados ao ANDES-SN at\u00e9 o dia 8 de fevereiro e em dia com as contribui\u00e7\u00f5es sindicais. A posse est\u00e1 marcada para 21 de junho.<\/p>\n<p>De acordo com a presidente interina da ADUFPB, Terezinha Diniz, nenhum centro da UFPB ficar\u00e1 sem urna, para garantir a participa\u00e7\u00e3o do maior n\u00famero poss\u00edvel de votantes. A comiss\u00e3o eleitoral j\u00e1 est\u00e1 sendo formada. Ela contar\u00e1 com tr\u00eas representantes da Diretoria, dois da chapa, um do Conselho de Representantes e um escolhido na pr\u00f3xima assembleia, que ser\u00e1 dias 17 e 18 de abril.<\/p>\n<p style=\"text-align: center;\"><a href=\"http:\/\/www.adufpb.org.br\/site\/wp-content\/uploads\/2012\/04\/VISITA-05.jpg\"><img loading=\"lazy\" decoding=\"async\" class=\"aligncenter size-medium wp-image-2856\" title=\"VISITA 05\" src=\"http:\/\/www.adufpb.org.br\/site\/wp-content\/uploads\/2012\/04\/VISITA-05-300x185.jpg\" alt=\"\" width=\"300\" height=\"185\" srcset=\"https:\/\/www.adufpb.org.br\/site\/wp-content\/uploads\/2012\/04\/VISITA-05-300x185.jpg 300w, https:\/\/www.adufpb.org.br\/site\/wp-content\/uploads\/2012\/04\/VISITA-05-1024x633.jpg 1024w\" sizes=\"auto, (max-width: 300px) 100vw, 300px\" \/><\/a><\/p>\n<p style=\"text-align: center;\"><a href=\"http:\/\/www.adufpb.org.br\/site\/wp-content\/uploads\/2012\/04\/VISITA-06.jpg\"><img loading=\"lazy\" decoding=\"async\" class=\"aligncenter size-medium wp-image-2857\" title=\"VISITA 06\" src=\"http:\/\/www.adufpb.org.br\/site\/wp-content\/uploads\/2012\/04\/VISITA-06-300x200.jpg\" alt=\"\" width=\"300\" height=\"200\" srcset=\"https:\/\/www.adufpb.org.br\/site\/wp-content\/uploads\/2012\/04\/VISITA-06-300x200.jpg 300w, https:\/\/www.adufpb.org.br\/site\/wp-content\/uploads\/2012\/04\/VISITA-06-1024x683.jpg 1024w\" sizes=\"auto, (max-width: 300px) 100vw, 300px\" \/><\/a><\/p>\n<p style=\"text-align: center;\">\n<p style=\"text-align: center;\"><a href=\"http:\/\/www.adufpb.org.br\/site\/wp-content\/uploads\/2012\/04\/VISITA-04.jpg\"><img loading=\"lazy\" decoding=\"async\" class=\"aligncenter size-medium wp-image-2855\" title=\"VISITA 04\" src=\"http:\/\/www.adufpb.org.br\/site\/wp-content\/uploads\/2012\/04\/VISITA-04-300x217.jpg\" alt=\"\" width=\"300\" height=\"217\" srcset=\"https:\/\/www.adufpb.org.br\/site\/wp-content\/uploads\/2012\/04\/VISITA-04-300x217.jpg 300w, https:\/\/www.adufpb.org.br\/site\/wp-content\/uploads\/2012\/04\/VISITA-04-1024x743.jpg 1024w\" sizes=\"auto, (max-width: 300px) 100vw, 300px\" \/><\/a><\/p>\n<p><em>Fonte: Ascom ADUFPB<\/em><\/p>\n","protected":false},"excerpt":{"rendered":"<p>As estrat\u00e9gias poss\u00edveis para promover a mobiliza\u00e7\u00e3o da base sindical foram o principal assunto discutido nesta ter\u00e7a-feira (10), na reuni\u00e3o de integrantes da Diretoria da ADUFPB com a professora Marinalva Silva Oliveira, candidata \u00e0 presid\u00eancia do Andes &#8211; Sindicato Nacional. Ela destacou a import\u00e2ncia de atrair para o movimento os professores rec\u00e9m-chegados \u00e0 universidade e&hellip;<\/p>\n","protected":false},"author":3,"featured_media":0,"comment_status":"open","ping_status":"open","sticky":false,"template":"","format":"standard","meta":{"footnotes":""},"categories":[15],"tags":[92,25,142,26],"class_list":["post-2851","post","type-post","status-publish","format-standard","hentry","category-noticias","tag-andes","tag-carreira-docente","tag-eleicoes","tag-mobilizacao","category-15","description-off"],"_links":{"self":[{"href":"https:\/\/www.adufpb.org.br\/site\/wp-json\/wp\/v2\/posts\/2851","targetHints":{"allow":["GET"]}}],"collection":[{"href":"https:\/\/www.adufpb.org.br\/site\/wp-json\/wp\/v2\/posts"}],"about":[{"href":"https:\/\/www.adufpb.org.br\/site\/wp-json\/wp\/v2\/types\/post"}],"author":[{"embeddable":true,"href":"https:\/\/www.adufpb.org.br\/site\/wp-json\/wp\/v2\/users\/3"}],"replies":[{"embeddable":true,"href":"https:\/\/www.adufpb.org.br\/site\/wp-json\/wp\/v2\/comments?post=2851"}],"version-history":[{"count":2,"href":"https:\/\/www.adufpb.org.br\/site\/wp-json\/wp\/v2\/posts\/2851\/revisions"}],"predecessor-version":[{"id":2860,"href":"https:\/\/www.adufpb.org.br\/site\/wp-json\/wp\/v2\/posts\/2851\/revisions\/2860"}],"wp:attachment":[{"href":"https:\/\/www.adufpb.org.br\/site\/wp-json\/wp\/v2\/media?parent=2851"}],"wp:term":[{"taxonomy":"category","embeddable":true,"href":"https:\/\/www.adufpb.org.br\/site\/wp-json\/wp\/v2\/categories?post=2851"},{"taxonomy":"post_tag","embeddable":true,"href":"https:\/\/www.adufpb.org.br\/site\/wp-json\/wp\/v2\/tags?post=2851"}],"curies":[{"name":"wp","href":"https:\/\/api.w.org\/{rel}","templated":true}]}}