{"id":2844,"date":"2012-04-10T16:59:22","date_gmt":"2012-04-10T20:59:22","guid":{"rendered":"http:\/\/www.adufpb.org.br\/site\/?p=2844"},"modified":"2012-04-10T17:12:21","modified_gmt":"2012-04-10T21:12:21","slug":"mesa-redonda-aborda-historia-da-ufpb-nos-anos-2000","status":"publish","type":"post","link":"https:\/\/www.adufpb.org.br\/site\/mesa-redonda-aborda-historia-da-ufpb-nos-anos-2000\/","title":{"rendered":"Mesa-redonda aborda hist\u00f3ria da UFPB nos anos 2000"},"content":{"rendered":"<p><a href=\"http:\/\/www.adufpb.org.br\/site\/wp-content\/uploads\/2012\/04\/DEBATE-NA-ADUFPB-ANOS-2000-WEB.jpg\"><img loading=\"lazy\" decoding=\"async\" class=\"alignleft size-medium wp-image-2845\" title=\"DEBATE NA ADUFPB ANOS 2000 WEB\" src=\"http:\/\/www.adufpb.org.br\/site\/wp-content\/uploads\/2012\/04\/DEBATE-NA-ADUFPB-ANOS-2000-WEB-216x300.jpg\" alt=\"\" width=\"216\" height=\"300\" srcset=\"https:\/\/www.adufpb.org.br\/site\/wp-content\/uploads\/2012\/04\/DEBATE-NA-ADUFPB-ANOS-2000-WEB-216x300.jpg 216w, https:\/\/www.adufpb.org.br\/site\/wp-content\/uploads\/2012\/04\/DEBATE-NA-ADUFPB-ANOS-2000-WEB-740x1024.jpg 740w, https:\/\/www.adufpb.org.br\/site\/wp-content\/uploads\/2012\/04\/DEBATE-NA-ADUFPB-ANOS-2000-WEB.jpg 826w\" sizes=\"auto, (max-width: 216px) 100vw, 216px\" \/><\/a>A ADUFPB realiza nesta quarta-feira (11) o quarto debate do ciclo de mesas-redondas sobre a hist\u00f3ria da UFPB que vem acontecendo desde outubro do ano passado. Desta vez, o tema \u00e9 \u201cMem\u00f3ria da D\u00e9cada de 2000\u201d. Foram convidados a participar o professor Jaldes Meneses (Hist\u00f3ria &#8211; CCHL) e o ex-reitor da Universidade, Jader Nunes (Engenharia de Produ\u00e7\u00e3o &#8211; CT). O evento est\u00e1 marcado para as 9h, na Sala de Leitura da sede do Sindicato, no Centro de Viv\u00eancia do Campus I.<\/p>\n<p>O evento \u00e9 uma iniciativa da ADUFPB com o objetivo de resgatar a mem\u00f3ria sobre a hist\u00f3ria da Universidade e trazer para a discuss\u00e3o pontos de vista diversos sobre essa trajet\u00f3ria. A proposta dos organizadores \u00e9 encerrar o ciclo com uma mesa-redonda sobre as perspectivas para o futuro da UFPB.<\/p>\n<p>O primeiro tema explorado foi a \u201cMem\u00f3ria na d\u00e9cada de 1970\u201d. O evento aconteceu na sede da ADUFPB, no dia 11 de outubro, com os professores Cl\u00e1udio Lopes, Francisco de Assis Dantas, Iveraldo Lucena, Ricardo Lucena e Gra\u00e7a Toscano como debatedores.<\/p>\n<p>O segundo, \u201cMem\u00f3ria da d\u00e9cada de 1980\u201d, aconteceu no dia 14 de mar\u00e7o. A convite da entidade, os professores Paulo Jos\u00e9 Adissi e Dami\u00e3o Ramos e o servidor da Universidade, Cristiano Zenaide, exploraram o tema.<\/p>\n<p>A terceira mesa-redonda aconteceu no dia 27 de mar\u00e7o com os convidados: professores Ivan Targino e Socorro Xavier e o servidor t\u00e9cnico Fernando Abah. Eles falaram sobre o tema \u201cMem\u00f3ria da UFPB da d\u00e9cada de 1990\u201d.<\/p>\n<p>&nbsp;<\/p>\n<div id=\"attachment_2847\" style=\"width: 230px\" class=\"wp-caption aligncenter\"><a href=\"http:\/\/www.adufpb.org.br\/site\/wp-content\/uploads\/2012\/04\/2_jaldes_menezes_2003.jpg\"><img loading=\"lazy\" decoding=\"async\" aria-describedby=\"caption-attachment-2847\" class=\"size-full wp-image-2847\" title=\"2_jaldes_menezes_2003\" src=\"http:\/\/www.adufpb.org.br\/site\/wp-content\/uploads\/2012\/04\/2_jaldes_menezes_2003.jpg\" alt=\"\" width=\"220\" height=\"193\" \/><\/a><p id=\"caption-attachment-2847\" class=\"wp-caption-text\">Jaldes Meneses<\/p><\/div>\n<p>&nbsp;<\/p>\n<div id=\"attachment_2848\" style=\"width: 190px\" class=\"wp-caption aligncenter\"><a href=\"http:\/\/www.adufpb.org.br\/site\/wp-content\/uploads\/2012\/04\/Jader-Nunes.jpg\"><img loading=\"lazy\" decoding=\"async\" aria-describedby=\"caption-attachment-2848\" class=\"size-full wp-image-2848\" title=\"Jader Nunes\" src=\"http:\/\/www.adufpb.org.br\/site\/wp-content\/uploads\/2012\/04\/Jader-Nunes.jpg\" alt=\"\" width=\"180\" height=\"160\" \/><\/a><p id=\"caption-attachment-2848\" class=\"wp-caption-text\">Jader Nunes<\/p><\/div>\n<p><em>Fonte: Ascom ADUFPB<\/em><\/p>\n","protected":false},"excerpt":{"rendered":"<p>A ADUFPB realiza nesta quarta-feira (11) o quarto debate do ciclo de mesas-redondas sobre a hist\u00f3ria da UFPB que vem acontecendo desde outubro do ano passado. Desta vez, o tema \u00e9 \u201cMem\u00f3ria da D\u00e9cada de 2000\u201d. Foram convidados a participar o professor Jaldes Meneses (Hist\u00f3ria &#8211; CCHL) e o ex-reitor da Universidade, Jader Nunes (Engenharia&hellip;<\/p>\n","protected":false},"author":3,"featured_media":0,"comment_status":"open","ping_status":"open","sticky":false,"template":"","format":"standard","meta":{"footnotes":""},"categories":[15],"tags":[219,220,218],"class_list":["post-2844","post","type-post","status-publish","format-standard","hentry","category-noticias","tag-historia-da-ufpb","tag-memoria","tag-mesa-redonda","category-15","description-off"],"_links":{"self":[{"href":"https:\/\/www.adufpb.org.br\/site\/wp-json\/wp\/v2\/posts\/2844","targetHints":{"allow":["GET"]}}],"collection":[{"href":"https:\/\/www.adufpb.org.br\/site\/wp-json\/wp\/v2\/posts"}],"about":[{"href":"https:\/\/www.adufpb.org.br\/site\/wp-json\/wp\/v2\/types\/post"}],"author":[{"embeddable":true,"href":"https:\/\/www.adufpb.org.br\/site\/wp-json\/wp\/v2\/users\/3"}],"replies":[{"embeddable":true,"href":"https:\/\/www.adufpb.org.br\/site\/wp-json\/wp\/v2\/comments?post=2844"}],"version-history":[{"count":3,"href":"https:\/\/www.adufpb.org.br\/site\/wp-json\/wp\/v2\/posts\/2844\/revisions"}],"predecessor-version":[{"id":2850,"href":"https:\/\/www.adufpb.org.br\/site\/wp-json\/wp\/v2\/posts\/2844\/revisions\/2850"}],"wp:attachment":[{"href":"https:\/\/www.adufpb.org.br\/site\/wp-json\/wp\/v2\/media?parent=2844"}],"wp:term":[{"taxonomy":"category","embeddable":true,"href":"https:\/\/www.adufpb.org.br\/site\/wp-json\/wp\/v2\/categories?post=2844"},{"taxonomy":"post_tag","embeddable":true,"href":"https:\/\/www.adufpb.org.br\/site\/wp-json\/wp\/v2\/tags?post=2844"}],"curies":[{"name":"wp","href":"https:\/\/api.w.org\/{rel}","templated":true}]}}