{"id":28284,"date":"2023-01-19T14:50:19","date_gmt":"2023-01-19T17:50:19","guid":{"rendered":"https:\/\/www.adufpb.org.br\/site\/?p=28284"},"modified":"2023-01-24T09:11:24","modified_gmt":"2023-01-24T12:11:24","slug":"nota-de-pesar-maria-da-salete-ramos-pereira-lima","status":"publish","type":"post","link":"https:\/\/www.adufpb.org.br\/site\/nota-de-pesar-maria-da-salete-ramos-pereira-lima\/","title":{"rendered":"NOTA DE PESAR \u2013 Maria da Salete Ramos Pereira Lima"},"content":{"rendered":"<p><img loading=\"lazy\" decoding=\"async\" class=\"aligncenter size-medium wp-image-28286\" src=\"https:\/\/www.adufpb.org.br\/site\/wp-content\/uploads\/2023\/01\/maria-266x300.jpg\" alt=\"\" width=\"266\" height=\"300\" srcset=\"https:\/\/www.adufpb.org.br\/site\/wp-content\/uploads\/2023\/01\/maria-266x300.jpg 266w, https:\/\/www.adufpb.org.br\/site\/wp-content\/uploads\/2023\/01\/maria-250x282.jpg 250w, https:\/\/www.adufpb.org.br\/site\/wp-content\/uploads\/2023\/01\/maria.jpg 536w\" sizes=\"auto, (max-width: 266px) 100vw, 266px\" \/><br \/>\nTodos que fazem a ADUFPB v\u00eam a p\u00fablico manifestar profundo pesar pelo falecimento de MARIA DA SALETE RAMOS PEREIRA LIMA, irm\u00e3 da professora do departamento de servi\u00e7o social e ex-presidente da ADUFPB, Cida Ramos.<\/p>\n<p>Informamos que o vel\u00f3rio est\u00e1 ocorrendo na Central de Vel\u00f3rios S\u00e3o Jo\u00e3o Batista e o sepultamento ser\u00e1 \u00e0s 9h da sexta-feira (20).<\/p>\n<p>Aos membros da fam\u00edlia e amigos, nossos sentimentos e solidariedade.<\/p>\n<p style=\"text-align: center;\">Jo\u00e3o Pessoa, 19 de janeiro de 2023.<\/p>\n<p style=\"text-align: center;\">DIRETORIA EXECUTIVA<br \/>\nFUNCION\u00c1RIOS DA ADUFPB<\/p>\n","protected":false},"excerpt":{"rendered":"<p>Todos que fazem a ADUFPB v\u00eam a p\u00fablico manifestar profundo pesar pelo falecimento de MARIA DA SALETE RAMOS PEREIRA LIMA, irm\u00e3 da professora do departamento de servi\u00e7o social e ex-presidente da ADUFPB, Cida Ramos. Informamos que o vel\u00f3rio est\u00e1 ocorrendo na Central de Vel\u00f3rios S\u00e3o Jo\u00e3o Batista e o sepultamento ser\u00e1 \u00e0s 9h da sexta-feira&hellip;<\/p>\n","protected":false},"author":8,"featured_media":28286,"comment_status":"closed","ping_status":"closed","sticky":false,"template":"","format":"standard","meta":{"footnotes":""},"categories":[15,417],"tags":[1603,236,1302],"class_list":["post-28284","post","type-post","status-publish","format-standard","has-post-thumbnail","hentry","category-noticias","category-noticias-destaque","tag-cida-ramos","tag-nota-de-pesar","tag-pesar","category-15","category-417","description-off"],"_links":{"self":[{"href":"https:\/\/www.adufpb.org.br\/site\/wp-json\/wp\/v2\/posts\/28284","targetHints":{"allow":["GET"]}}],"collection":[{"href":"https:\/\/www.adufpb.org.br\/site\/wp-json\/wp\/v2\/posts"}],"about":[{"href":"https:\/\/www.adufpb.org.br\/site\/wp-json\/wp\/v2\/types\/post"}],"author":[{"embeddable":true,"href":"https:\/\/www.adufpb.org.br\/site\/wp-json\/wp\/v2\/users\/8"}],"replies":[{"embeddable":true,"href":"https:\/\/www.adufpb.org.br\/site\/wp-json\/wp\/v2\/comments?post=28284"}],"version-history":[{"count":2,"href":"https:\/\/www.adufpb.org.br\/site\/wp-json\/wp\/v2\/posts\/28284\/revisions"}],"predecessor-version":[{"id":28287,"href":"https:\/\/www.adufpb.org.br\/site\/wp-json\/wp\/v2\/posts\/28284\/revisions\/28287"}],"wp:featuredmedia":[{"embeddable":true,"href":"https:\/\/www.adufpb.org.br\/site\/wp-json\/wp\/v2\/media\/28286"}],"wp:attachment":[{"href":"https:\/\/www.adufpb.org.br\/site\/wp-json\/wp\/v2\/media?parent=28284"}],"wp:term":[{"taxonomy":"category","embeddable":true,"href":"https:\/\/www.adufpb.org.br\/site\/wp-json\/wp\/v2\/categories?post=28284"},{"taxonomy":"post_tag","embeddable":true,"href":"https:\/\/www.adufpb.org.br\/site\/wp-json\/wp\/v2\/tags?post=28284"}],"curies":[{"name":"wp","href":"https:\/\/api.w.org\/{rel}","templated":true}]}}