{"id":28264,"date":"2023-01-05T09:56:18","date_gmt":"2023-01-05T12:56:18","guid":{"rendered":"https:\/\/www.adufpb.org.br\/site\/?p=28264"},"modified":"2023-02-24T14:25:48","modified_gmt":"2023-02-24T17:25:48","slug":"adufpb-retoma-atividades-apos-recesso-e-volta-a-distribuir-agendas-2023","status":"publish","type":"post","link":"https:\/\/www.adufpb.org.br\/site\/adufpb-retoma-atividades-apos-recesso-e-volta-a-distribuir-agendas-2023\/","title":{"rendered":"Sindicato retoma atividades ap\u00f3s recesso de fim de ano e volta a distribuir agendas 2023"},"content":{"rendered":"<p><a class=\"dt-pswp-item\" href=\"https:\/\/www.adufpb.org.br\/site\/wp-content\/uploads\/2022\/12\/WhatsApp-Image-2022-12-21-at-16.19.09.jpeg\" data-dt-img-description=\"\" data-large_image_width=\"1080\" data-large_image_height=\"1080\"><img loading=\"lazy\" decoding=\"async\" class=\"alignright size-medium wp-image-28249\" src=\"https:\/\/www.adufpb.org.br\/site\/wp-content\/uploads\/2022\/12\/WhatsApp-Image-2022-12-21-at-16.19.09-300x300.jpeg\" alt=\"\" width=\"300\" height=\"300\" srcset=\"https:\/\/www.adufpb.org.br\/site\/wp-content\/uploads\/2022\/12\/WhatsApp-Image-2022-12-21-at-16.19.09-300x300.jpeg 300w, https:\/\/www.adufpb.org.br\/site\/wp-content\/uploads\/2022\/12\/WhatsApp-Image-2022-12-21-at-16.19.09-1024x1024.jpeg 1024w, https:\/\/www.adufpb.org.br\/site\/wp-content\/uploads\/2022\/12\/WhatsApp-Image-2022-12-21-at-16.19.09-150x150.jpeg 150w, https:\/\/www.adufpb.org.br\/site\/wp-content\/uploads\/2022\/12\/WhatsApp-Image-2022-12-21-at-16.19.09-768x768.jpeg 768w, https:\/\/www.adufpb.org.br\/site\/wp-content\/uploads\/2022\/12\/WhatsApp-Image-2022-12-21-at-16.19.09-250x250.jpeg 250w, https:\/\/www.adufpb.org.br\/site\/wp-content\/uploads\/2022\/12\/WhatsApp-Image-2022-12-21-at-16.19.09.jpeg 1080w\" sizes=\"auto, (max-width: 300px) 100vw, 300px\" \/><\/a>As atividades na sede da ADUFPB, localizada no Centro de Viv\u00eancia do campus I, em Jo\u00e3o Pessoa, voltaram \u00e0 normalidade na \u00faltima segunda-feira (2), ap\u00f3s o recesso de fim de ano. Apesar da universidade ainda estar em per\u00edodo de f\u00e9rias nos cursos de gradu\u00e7\u00e3o dos quatro campi, o sindicato continua funcionando de segunda a sexta-feira, das 8h \u00e0s 17h.<\/p>\n<p>Com o encerramento do recesso, a ADUFPB tamb\u00e9m voltou a entregar a Agenda 2023, publica\u00e7\u00e3o produzida e editada pela entidade e distribu\u00edda gratuitamente entre os sindicalizados. Para adquirir um exemplar, basta fazer a retirada na secretaria da sede.\u00a0Junto com a agenda, os professores est\u00e3o recebendo tamb\u00e9m uma bolsa com a logomarca da ADUFPB.<\/p>\n<p class=\"photoswipe-wrapper\">Na capa, na contracapa e nas p\u00e1ginas internas, a Agenda 2023 apresenta parte das imagens inscritas no 11\u00ba Concurso de Fotografia da ADUFPB, realizado neste ano. Ao todo, 21 docentes se inscreveram na sele\u00e7\u00e3o e tr\u00eas fotografias foram escolhidas por uma Comiss\u00e3o Julgadora para receberem a premia\u00e7\u00e3o deste ano: uma assistente virtual da Amazon, modelo Echo Show 5 (2\u00aa gera\u00e7\u00e3o), com Alexa integrada.<\/p>\n<p><strong>Agenda mais funcional &#8211;\u00a0<\/strong>S\u00e3o 278 p\u00e1ginas de uma proposta inovadora de projeto gr\u00e1fico, em rela\u00e7\u00e3o aos anos anteriores. A Agenda ADUFPB 2023 est\u00e1 mais funcional, pois assegura, ao usu\u00e1rio, autonomia extra na hora de organizar os compromissos di\u00e1rios. No in\u00edcio de cada m\u00eas, h\u00e1 um calend\u00e1rio em que \u00e9 poss\u00edvel fazer um planejamento mensal. No final de cada m\u00eas, uma p\u00e1gina de anota\u00e7\u00f5es foi acrescentada para ampliar os espa\u00e7os de recados e anota\u00e7\u00f5es. \u201cA publica\u00e7\u00e3o mant\u00e9m a qualidade gr\u00e1fica dos anos anteriores, com acabamento primoroso e resist\u00eancia para o uso di\u00e1rio pelos docentes\u201d, disse o presidente da ADUFPB, Cristiano Bonneau.<\/p>\n<p><em>Fonte: Ascom ADUFPB<\/em><\/p>\n<p>&nbsp;<\/p>\n","protected":false},"excerpt":{"rendered":"<p>As atividades na sede da ADUFPB, localizada no Centro de Viv\u00eancia do campus I, em Jo\u00e3o Pessoa, voltaram \u00e0 normalidade na \u00faltima segunda-feira (2), ap\u00f3s o recesso de fim de ano. Apesar da universidade ainda estar em per\u00edodo de f\u00e9rias nos cursos de gradu\u00e7\u00e3o dos quatro campi, o sindicato continua funcionando de segunda a sexta-feira,&hellip;<\/p>\n","protected":false},"author":3,"featured_media":28265,"comment_status":"closed","ping_status":"closed","sticky":false,"template":"","format":"standard","meta":{"footnotes":""},"categories":[15,417],"tags":[807,498],"class_list":["post-28264","post","type-post","status-publish","format-standard","has-post-thumbnail","hentry","category-noticias","category-noticias-destaque","tag-agenda","tag-recesso","category-15","category-417","description-off"],"_links":{"self":[{"href":"https:\/\/www.adufpb.org.br\/site\/wp-json\/wp\/v2\/posts\/28264","targetHints":{"allow":["GET"]}}],"collection":[{"href":"https:\/\/www.adufpb.org.br\/site\/wp-json\/wp\/v2\/posts"}],"about":[{"href":"https:\/\/www.adufpb.org.br\/site\/wp-json\/wp\/v2\/types\/post"}],"author":[{"embeddable":true,"href":"https:\/\/www.adufpb.org.br\/site\/wp-json\/wp\/v2\/users\/3"}],"replies":[{"embeddable":true,"href":"https:\/\/www.adufpb.org.br\/site\/wp-json\/wp\/v2\/comments?post=28264"}],"version-history":[{"count":5,"href":"https:\/\/www.adufpb.org.br\/site\/wp-json\/wp\/v2\/posts\/28264\/revisions"}],"predecessor-version":[{"id":28516,"href":"https:\/\/www.adufpb.org.br\/site\/wp-json\/wp\/v2\/posts\/28264\/revisions\/28516"}],"wp:featuredmedia":[{"embeddable":true,"href":"https:\/\/www.adufpb.org.br\/site\/wp-json\/wp\/v2\/media\/28265"}],"wp:attachment":[{"href":"https:\/\/www.adufpb.org.br\/site\/wp-json\/wp\/v2\/media?parent=28264"}],"wp:term":[{"taxonomy":"category","embeddable":true,"href":"https:\/\/www.adufpb.org.br\/site\/wp-json\/wp\/v2\/categories?post=28264"},{"taxonomy":"post_tag","embeddable":true,"href":"https:\/\/www.adufpb.org.br\/site\/wp-json\/wp\/v2\/tags?post=28264"}],"curies":[{"name":"wp","href":"https:\/\/api.w.org\/{rel}","templated":true}]}}