{"id":28162,"date":"2022-12-16T10:45:21","date_gmt":"2022-12-16T13:45:21","guid":{"rendered":"https:\/\/www.adufpb.org.br\/site\/?p=28162"},"modified":"2023-01-05T09:59:47","modified_gmt":"2023-01-05T12:59:47","slug":"signatarios-de-manifesto-em-defesa-das-ifes-paraibanas-cobram-posicao-do-reitor-da-ufpb","status":"publish","type":"post","link":"https:\/\/www.adufpb.org.br\/site\/signatarios-de-manifesto-em-defesa-das-ifes-paraibanas-cobram-posicao-do-reitor-da-ufpb\/","title":{"rendered":"Signat\u00e1rios de manifesto em defesa das IFES paraibanas cobram posi\u00e7\u00e3o do reitor da UFPB"},"content":{"rendered":"<p><img loading=\"lazy\" decoding=\"async\" class=\"size-medium wp-image-28163 alignleft\" src=\"https:\/\/www.adufpb.org.br\/site\/wp-content\/uploads\/2022\/12\/WhatsApp-Image-2022-12-15-at-14.33.18-1-300x200.jpeg\" alt=\"\" width=\"300\" height=\"200\" srcset=\"https:\/\/www.adufpb.org.br\/site\/wp-content\/uploads\/2022\/12\/WhatsApp-Image-2022-12-15-at-14.33.18-1-300x200.jpeg 300w, https:\/\/www.adufpb.org.br\/site\/wp-content\/uploads\/2022\/12\/WhatsApp-Image-2022-12-15-at-14.33.18-1-1024x683.jpeg 1024w, https:\/\/www.adufpb.org.br\/site\/wp-content\/uploads\/2022\/12\/WhatsApp-Image-2022-12-15-at-14.33.18-1-768x512.jpeg 768w, https:\/\/www.adufpb.org.br\/site\/wp-content\/uploads\/2022\/12\/WhatsApp-Image-2022-12-15-at-14.33.18-1-250x167.jpeg 250w, https:\/\/www.adufpb.org.br\/site\/wp-content\/uploads\/2022\/12\/WhatsApp-Image-2022-12-15-at-14.33.18-1.jpeg 1351w\" sizes=\"auto, (max-width: 300px) 100vw, 300px\" \/>Na tarde dessa quinta-feira (15), diretores da ADUFPB participaram de uma audi\u00eancia com o reitor da UFPB, professor Valdiney Gouveia, juntamente com articuladores do Manifesto em Defesa das Institui\u00e7\u00f5es Federais de Ensino na Para\u00edba, lan\u00e7ado na sede da ADUFPB, no \u00faltimo dia 6. Convocada pela deputada estadual Cida Ramos, a reuni\u00e3o discutiu os bloqueios e cortes or\u00e7ament\u00e1rios executados pelo Governo Bolsonaro na educa\u00e7\u00e3o superior.<\/p>\n<p>Os participantes exigiram um posicionamento do reitor em rela\u00e7\u00e3o \u00e0 recomposi\u00e7\u00e3o do or\u00e7amento da UFPB, principalmente no sentido de garantir o pagamento aos bolsistas da gradua\u00e7\u00e3o e da p\u00f3s-gradua\u00e7\u00e3o. De in\u00edcio, o reitor insistiu na diferencia\u00e7\u00e3o entre os termos contingenciamento, corte e bloqueio; depois, disse que o caso em pauta passou de contingenciamento para bloqueio; por fim, garantiu que a recomposi\u00e7\u00e3o se dar\u00e1 nos pr\u00f3ximos dez dias, assim que o Minist\u00e9rio da Educa\u00e7\u00e3o (MEC) desbloquear o or\u00e7amento. Tamb\u00e9m assegurou que as bolsas da gradua\u00e7\u00e3o ser\u00e3o pagas com recurso pr\u00f3prio, ainda nesta semana.<\/p>\n<p>De acordo com a deputada Cida Ramos, que tamb\u00e9m \u00e9 professora da UFPB, o grupo que articulou o manifesto ter\u00e1 uma reuni\u00e3o com o governador do estado, Jo\u00e3o Azev\u00eado, para tratar do mesmo assunto. Em paralelo, o reitor dever\u00e1 levar as dificuldades enfrentadas pela institui\u00e7\u00e3o ao Conselho Universit\u00e1rio (Consuni). \u201cA UFPB \u00e9 muito importante para a Para\u00edba, pelo forte papel na qualifica\u00e7\u00e3o, na ci\u00eancia e na extens\u00e3o, o que reverbera na economia, de forma geral. Ela precisa voltar a ser o que foi e contribuir com o desenvolvimento do estado\u201d, disse.<\/p>\n<p>O grupo tamb\u00e9m ter\u00e1 reuni\u00f5es com o IFPB e a UFCG. Ao final, pretende realizar uma grande audi\u00eancia p\u00fablica para discutir a situa\u00e7\u00e3o das institui\u00e7\u00f5es federais de ensino superior na Para\u00edba.<\/p>\n<p><strong>Progress\u00e3o<\/strong> \u2013 A diretoria da ADUFPB aproveitou a reuni\u00e3o com Valdiney Gouveia para solicitar a sua intermedia\u00e7\u00e3o na Comiss\u00e3o Permanente de Pessoal Docente (CPPD) para discutir os atrasos das progress\u00f5es funcionais dos docentes. Conforme o professor Fernando Cunha, secret\u00e1rio-geral da entidade, a diretoria tenta se reunir com essa comiss\u00e3o desde meados deste ano, sem conseguir \u00eaxito. \u201c\u00c9 um atraso que tem impacto direto na vida dos professores. N\u00e3o \u00e9 poss\u00edvel continuar assim\u201d, salientou.<\/p>\n<p><strong>Impactos<\/strong> \u2013 O Manifesto em Defesa das Institui\u00e7\u00f5es Federais de Ensino na Para\u00edba segue recebendo ades\u00f5es e repercutindo na comunidade. Segundo o documento, foram bloqueados R$ 16 milh\u00f5es da UFPB, R$ 1,9 milh\u00e3o da UFCG e R$ 4,4 milh\u00f5es do IFPB. Os signat\u00e1rios do documento alertam para os impactos dessa medida n\u00e3o apenas sobre trabalhadores e estudantes, como tamb\u00e9m sobre toda a economia local. A ADUFPB \u00e9 uma das entidades signat\u00e1rias do manifesto e estar\u00e1 presente nas pr\u00f3ximas audi\u00eancias.<\/p>\n<p>&nbsp;<\/p>\n<p><em>Fonte: Ascom ADUFPB<\/em><\/p>\n","protected":false},"excerpt":{"rendered":"<p>Na tarde dessa quinta-feira (15), diretores da ADUFPB participaram de uma audi\u00eancia com o reitor da UFPB, professor Valdiney Gouveia, juntamente com articuladores do Manifesto em Defesa das Institui\u00e7\u00f5es Federais de Ensino na Para\u00edba, lan\u00e7ado na sede da ADUFPB, no \u00faltimo dia 6. Convocada pela deputada estadual Cida Ramos, a reuni\u00e3o discutiu os bloqueios e&hellip;<\/p>\n","protected":false},"author":10,"featured_media":28164,"comment_status":"closed","ping_status":"closed","sticky":false,"template":"","format":"standard","meta":{"footnotes":""},"categories":[1405,4,15,417],"tags":[],"class_list":["post-28162","post","type-post","status-publish","format-standard","has-post-thumbnail","hentry","category-chamada-principal","category-comunicacao","category-noticias","category-noticias-destaque","category-1405","category-4","category-15","category-417","description-off"],"_links":{"self":[{"href":"https:\/\/www.adufpb.org.br\/site\/wp-json\/wp\/v2\/posts\/28162","targetHints":{"allow":["GET"]}}],"collection":[{"href":"https:\/\/www.adufpb.org.br\/site\/wp-json\/wp\/v2\/posts"}],"about":[{"href":"https:\/\/www.adufpb.org.br\/site\/wp-json\/wp\/v2\/types\/post"}],"author":[{"embeddable":true,"href":"https:\/\/www.adufpb.org.br\/site\/wp-json\/wp\/v2\/users\/10"}],"replies":[{"embeddable":true,"href":"https:\/\/www.adufpb.org.br\/site\/wp-json\/wp\/v2\/comments?post=28162"}],"version-history":[{"count":3,"href":"https:\/\/www.adufpb.org.br\/site\/wp-json\/wp\/v2\/posts\/28162\/revisions"}],"predecessor-version":[{"id":28167,"href":"https:\/\/www.adufpb.org.br\/site\/wp-json\/wp\/v2\/posts\/28162\/revisions\/28167"}],"wp:featuredmedia":[{"embeddable":true,"href":"https:\/\/www.adufpb.org.br\/site\/wp-json\/wp\/v2\/media\/28164"}],"wp:attachment":[{"href":"https:\/\/www.adufpb.org.br\/site\/wp-json\/wp\/v2\/media?parent=28162"}],"wp:term":[{"taxonomy":"category","embeddable":true,"href":"https:\/\/www.adufpb.org.br\/site\/wp-json\/wp\/v2\/categories?post=28162"},{"taxonomy":"post_tag","embeddable":true,"href":"https:\/\/www.adufpb.org.br\/site\/wp-json\/wp\/v2\/tags?post=28162"}],"curies":[{"name":"wp","href":"https:\/\/api.w.org\/{rel}","templated":true}]}}