{"id":28082,"date":"2022-12-12T07:47:38","date_gmt":"2022-12-12T10:47:38","guid":{"rendered":"https:\/\/www.adufpb.org.br\/site\/?p=28082"},"modified":"2022-12-16T10:41:02","modified_gmt":"2022-12-16T13:41:02","slug":"livro-sobre-o-uso-terapeutico-da-cannabis-sera-lancado-na-proxima-quarta-feira-14-na-adufpb","status":"publish","type":"post","link":"https:\/\/www.adufpb.org.br\/site\/livro-sobre-o-uso-terapeutico-da-cannabis-sera-lancado-na-proxima-quarta-feira-14-na-adufpb\/","title":{"rendered":"Livro sobre o uso terap\u00eautico da cannabis ser\u00e1 lan\u00e7ado na pr\u00f3xima quarta-feira (14), na ADUFPB"},"content":{"rendered":"<p><span style=\"font-weight: 400;\"><a class=\"dt-pswp-item\" href=\"https:\/\/www.adufpb.org.br\/site\/wp-content\/uploads\/2022\/12\/cartaz-lancamento-livro-liga-canabica.jpg\" data-dt-img-description=\"\" data-large_image_width=\"521\" data-large_image_height=\"519\"><img loading=\"lazy\" decoding=\"async\" class=\"alignright size-medium wp-image-28083\" src=\"https:\/\/www.adufpb.org.br\/site\/wp-content\/uploads\/2022\/12\/cartaz-lancamento-livro-liga-canabica-300x300.jpg\" alt=\"\" width=\"300\" height=\"300\" srcset=\"https:\/\/www.adufpb.org.br\/site\/wp-content\/uploads\/2022\/12\/cartaz-lancamento-livro-liga-canabica-300x300.jpg 300w, https:\/\/www.adufpb.org.br\/site\/wp-content\/uploads\/2022\/12\/cartaz-lancamento-livro-liga-canabica-150x150.jpg 150w, https:\/\/www.adufpb.org.br\/site\/wp-content\/uploads\/2022\/12\/cartaz-lancamento-livro-liga-canabica-250x249.jpg 250w, https:\/\/www.adufpb.org.br\/site\/wp-content\/uploads\/2022\/12\/cartaz-lancamento-livro-liga-canabica.jpg 521w\" sizes=\"auto, (max-width: 300px) 100vw, 300px\" \/><\/a>A Liga Can\u00e1bica, entidade paraibana que atua desde 2015 na constru\u00e7\u00e3o de uma pol\u00edtica nacional de drogas, com foco na cannabis e na maconha terap\u00eautica, lan\u00e7a na pr\u00f3xima quarta-feira (14\/12) o livro \u201cSociedade, educa\u00e7\u00e3o e sa\u00fade: possibilidades de desmistifica\u00e7\u00e3o do uso da cannabis\u201d. O evento ser\u00e1 realizado das 16h \u00e0s 19h, na sede da ADUFPB, no Centro de Viv\u00eancia do campus I, em Jo\u00e3o Pessoa.<\/span><\/p>\n<p><span style=\"font-weight: 400;\">Com 210 p\u00e1ginas, a publica\u00e7\u00e3o da Editora Ideia re\u00fane nove artigos de dez autores que tratam de diferentes aspectos ligados ao uso terap\u00eautico da maconha, como sa\u00fade, associativismo,\u00a0 regulamenta\u00e7\u00e3o e quest\u00f5es jur\u00eddicas. Ele \u00e9 organizado pelos professores Fernando Abath Canan\u00e9a (representando a ONG Mar\u00e9 Produ\u00e7\u00f5es Art\u00edsticas e Educacionais), Djanira Fernandes, Ivaldo Gomes e Ricardo Lucena (os tr\u00eas representando a Liga Can\u00e1bica).<\/span><\/p>\n<p><span style=\"font-weight: 400;\">Segundo Ricardo Lucena, professor do Centro de Educa\u00e7\u00e3o da UFPB, o livro foi constru\u00eddo com o prop\u00f3sito de \u201creunir pesquisadores que abordassem a tem\u00e1tica sob diferentes olhares, na perspectiva de ir animando nossas conversas e discuss\u00f5es e por mais luz sobre essa \u00e1rea ainda t\u00e3o carregada de preconceitos\u201d.<\/span><\/p>\n<p><span style=\"font-weight: 400;\">Ele afirma esperar que o leitor se sinta motivado a superar barreiras impostas pelo desconhecimento, pela repress\u00e3o e por preconceitos infundados. \u201cBarreiras que agora podem ser vencidas com a contribui\u00e7\u00e3o desses escritos e das pesquisas sobre a maconha em v\u00e1rias \u00e1reas do conhecimento, que ganham espa\u00e7o no mundo todo e com as quais a Liga Can\u00e1bica busca contribuir, entre outras a\u00e7\u00f5es que j\u00e1 vem desenvolvendo\u201d, concluiu.<\/span><\/p>\n<p><em>Fonte: Ascom ADUFPB<\/em><\/p>\n","protected":false},"excerpt":{"rendered":"<p>A Liga Can\u00e1bica, entidade paraibana que atua desde 2015 na constru\u00e7\u00e3o de uma pol\u00edtica nacional de drogas, com foco na cannabis e na maconha terap\u00eautica, lan\u00e7a na pr\u00f3xima quarta-feira (14\/12) o livro \u201cSociedade, educa\u00e7\u00e3o e sa\u00fade: possibilidades de desmistifica\u00e7\u00e3o do uso da cannabis\u201d. O evento ser\u00e1 realizado das 16h \u00e0s 19h, na sede da ADUFPB,&hellip;<\/p>\n","protected":false},"author":3,"featured_media":28083,"comment_status":"closed","ping_status":"closed","sticky":false,"template":"","format":"standard","meta":{"footnotes":""},"categories":[15,417],"tags":[39,1599,43],"class_list":["post-28082","post","type-post","status-publish","format-standard","has-post-thumbnail","hentry","category-noticias","category-noticias-destaque","tag-lancamento","tag-liga-canabica","tag-livro","category-15","category-417","description-off"],"_links":{"self":[{"href":"https:\/\/www.adufpb.org.br\/site\/wp-json\/wp\/v2\/posts\/28082","targetHints":{"allow":["GET"]}}],"collection":[{"href":"https:\/\/www.adufpb.org.br\/site\/wp-json\/wp\/v2\/posts"}],"about":[{"href":"https:\/\/www.adufpb.org.br\/site\/wp-json\/wp\/v2\/types\/post"}],"author":[{"embeddable":true,"href":"https:\/\/www.adufpb.org.br\/site\/wp-json\/wp\/v2\/users\/3"}],"replies":[{"embeddable":true,"href":"https:\/\/www.adufpb.org.br\/site\/wp-json\/wp\/v2\/comments?post=28082"}],"version-history":[{"count":2,"href":"https:\/\/www.adufpb.org.br\/site\/wp-json\/wp\/v2\/posts\/28082\/revisions"}],"predecessor-version":[{"id":28085,"href":"https:\/\/www.adufpb.org.br\/site\/wp-json\/wp\/v2\/posts\/28082\/revisions\/28085"}],"wp:featuredmedia":[{"embeddable":true,"href":"https:\/\/www.adufpb.org.br\/site\/wp-json\/wp\/v2\/media\/28083"}],"wp:attachment":[{"href":"https:\/\/www.adufpb.org.br\/site\/wp-json\/wp\/v2\/media?parent=28082"}],"wp:term":[{"taxonomy":"category","embeddable":true,"href":"https:\/\/www.adufpb.org.br\/site\/wp-json\/wp\/v2\/categories?post=28082"},{"taxonomy":"post_tag","embeddable":true,"href":"https:\/\/www.adufpb.org.br\/site\/wp-json\/wp\/v2\/tags?post=28082"}],"curies":[{"name":"wp","href":"https:\/\/api.w.org\/{rel}","templated":true}]}}