{"id":28030,"date":"2022-12-05T09:09:35","date_gmt":"2022-12-05T12:09:35","guid":{"rendered":"https:\/\/www.adufpb.org.br\/site\/?p=28030"},"modified":"2022-12-07T09:54:05","modified_gmt":"2022-12-07T12:54:05","slug":"assembleia-docente-elege-delegados-para-o-41o-congresso-do-andes-sn","status":"publish","type":"post","link":"https:\/\/www.adufpb.org.br\/site\/assembleia-docente-elege-delegados-para-o-41o-congresso-do-andes-sn\/","title":{"rendered":"Assembleia docente elege delegados para o 41\u00ba Congresso do Andes-SN"},"content":{"rendered":"<p><span style=\"font-weight: 400;\"><a class=\"dt-pswp-item\" href=\"https:\/\/www.adufpb.org.br\/site\/wp-content\/uploads\/2022\/12\/2022.12.02-assembleia-6.jpeg\" data-dt-img-description=\"\" data-large_image_width=\"1600\" data-large_image_height=\"901\"><img loading=\"lazy\" decoding=\"async\" class=\"alignright size-medium wp-image-28035\" src=\"https:\/\/www.adufpb.org.br\/site\/wp-content\/uploads\/2022\/12\/2022.12.02-assembleia-6-300x169.jpeg\" alt=\"\" width=\"300\" height=\"169\" srcset=\"https:\/\/www.adufpb.org.br\/site\/wp-content\/uploads\/2022\/12\/2022.12.02-assembleia-6-300x169.jpeg 300w, https:\/\/www.adufpb.org.br\/site\/wp-content\/uploads\/2022\/12\/2022.12.02-assembleia-6-1024x577.jpeg 1024w, https:\/\/www.adufpb.org.br\/site\/wp-content\/uploads\/2022\/12\/2022.12.02-assembleia-6-768x432.jpeg 768w, https:\/\/www.adufpb.org.br\/site\/wp-content\/uploads\/2022\/12\/2022.12.02-assembleia-6-1536x865.jpeg 1536w, https:\/\/www.adufpb.org.br\/site\/wp-content\/uploads\/2022\/12\/2022.12.02-assembleia-6-250x141.jpeg 250w, https:\/\/www.adufpb.org.br\/site\/wp-content\/uploads\/2022\/12\/2022.12.02-assembleia-6.jpeg 1600w\" sizes=\"auto, (max-width: 300px) 100vw, 300px\" \/><\/a>Reunidos em assembleia geral, os docentes sindicalizados da ADUFPB conclu\u00edram a escolha dos delegados que ir\u00e3o representar o sindicato no 41\u00ba Congresso do Andes-SN, a ser realizado de 6 a 10 de fevereiro de 2023, em Rio Branco (AC). Al\u00e9m deles, foram definidos os nomes dos observadores, que tamb\u00e9m ir\u00e3o assistir ao evento, por\u00e9m sem direito a voto.<\/span><\/p>\n<p><span style=\"font-weight: 400;\">No total, a ADUFPB tem direito a levar 11 delegados para o Congresso do Andes. Desses, um \u00e9 selecionado entre os membros da Diretoria e j\u00e1 foi definido em reuni\u00e3o dos diretores. Trata-se do professor Cristiano Bonneau, presidente da entidade. Os outros 10 saem da assembleia de base. Para garantir que todos os campi da UFPB estejam representados, a ADUFPB realiza a elei\u00e7\u00e3o de delegados por secretaria adjunta. Os tr\u00eas campi do interior escolhem um representante cada e o campus de Jo\u00e3o Pessoa elege 10.<\/span><\/p>\n<p><span style=\"font-weight: 400;\"><a class=\"dt-pswp-item\" href=\"https:\/\/www.adufpb.org.br\/site\/wp-content\/uploads\/2022\/12\/2022.12.02-assembleia.jpeg\" data-dt-img-description=\"\" data-large_image_width=\"1600\" data-large_image_height=\"900\"><img loading=\"lazy\" decoding=\"async\" class=\"alignleft size-medium wp-image-28036\" src=\"https:\/\/www.adufpb.org.br\/site\/wp-content\/uploads\/2022\/12\/2022.12.02-assembleia-300x169.jpeg\" alt=\"\" width=\"300\" height=\"169\" srcset=\"https:\/\/www.adufpb.org.br\/site\/wp-content\/uploads\/2022\/12\/2022.12.02-assembleia-300x169.jpeg 300w, https:\/\/www.adufpb.org.br\/site\/wp-content\/uploads\/2022\/12\/2022.12.02-assembleia-1024x576.jpeg 1024w, https:\/\/www.adufpb.org.br\/site\/wp-content\/uploads\/2022\/12\/2022.12.02-assembleia-768x432.jpeg 768w, https:\/\/www.adufpb.org.br\/site\/wp-content\/uploads\/2022\/12\/2022.12.02-assembleia-1536x864.jpeg 1536w, https:\/\/www.adufpb.org.br\/site\/wp-content\/uploads\/2022\/12\/2022.12.02-assembleia-250x141.jpeg 250w, https:\/\/www.adufpb.org.br\/site\/wp-content\/uploads\/2022\/12\/2022.12.02-assembleia.jpeg 1600w\" sizes=\"auto, (max-width: 300px) 100vw, 300px\" \/><\/a>A assembleia nos campi de Areia e Bananeiras ocorreu na \u00faltima quinta-feira (1\u00ba) pela manh\u00e3, no modelo virtual. Foram eleitos, respectivamente, Anita Leoc\u00e1dia e Gabriel de Medeiros Lima. Como observadores, os escolhidos foram Saulo Gondim (Areia) e Philipe Ara\u00fajo (Bananeiras).<\/span><\/p>\n<p><span style=\"font-weight: 400;\">J\u00e1 em Jo\u00e3o Pessoa e Litoral Norte, a assembleia foi nesta sexta-feira (2) pela manh\u00e3, de forma h\u00edbrida. A reuni\u00e3o presencial ocorreu na Sala de Leitura da sede da ADUFPB no campus I, e os participantes virtuais puderam interagir pelo Zoom. Computadores, c\u00e2meras, microfones e um tel\u00e3o foram instalados no local pela equipe de comunica\u00e7\u00e3o do sindicato para transmitir a atividade.<\/span><\/p>\n<p><span style=\"font-weight: 400;\">Os delegados eleitos em Jo\u00e3o Pessoa foram: Fernando Cunha, Rita Porto, Edson Franco, Joaquim Rodrigues, Lenilma Bento, Dailton Lacerda e Melina Alves. Tamb\u00e9m foram escolhidos quatro observadores: Adelaide Alves, Jos\u00e9 da Paz Alvarenga, Francileide Rodrigues e Carlos Cartaxo.<\/span><\/p>\n<p><span style=\"font-weight: 400;\"><a class=\"dt-pswp-item\" href=\"https:\/\/www.adufpb.org.br\/site\/wp-content\/uploads\/2022\/12\/2022.12.02-assembleia-5.jpeg\" data-dt-img-description=\"\" data-large_image_width=\"901\" data-large_image_height=\"1600\"><img loading=\"lazy\" decoding=\"async\" class=\"alignright size-medium wp-image-28034\" src=\"https:\/\/www.adufpb.org.br\/site\/wp-content\/uploads\/2022\/12\/2022.12.02-assembleia-5-169x300.jpeg\" alt=\"\" width=\"169\" height=\"300\" srcset=\"https:\/\/www.adufpb.org.br\/site\/wp-content\/uploads\/2022\/12\/2022.12.02-assembleia-5-169x300.jpeg 169w, https:\/\/www.adufpb.org.br\/site\/wp-content\/uploads\/2022\/12\/2022.12.02-assembleia-5-577x1024.jpeg 577w, https:\/\/www.adufpb.org.br\/site\/wp-content\/uploads\/2022\/12\/2022.12.02-assembleia-5-768x1364.jpeg 768w, https:\/\/www.adufpb.org.br\/site\/wp-content\/uploads\/2022\/12\/2022.12.02-assembleia-5-865x1536.jpeg 865w, https:\/\/www.adufpb.org.br\/site\/wp-content\/uploads\/2022\/12\/2022.12.02-assembleia-5-250x444.jpeg 250w, https:\/\/www.adufpb.org.br\/site\/wp-content\/uploads\/2022\/12\/2022.12.02-assembleia-5.jpeg 901w\" sizes=\"auto, (max-width: 169px) 100vw, 169px\" \/><\/a>No total, a delega\u00e7\u00e3o da ADUFPB para o 41\u00ba Congresso do Andes ser\u00e1 composta por 18 pessoas, sendo 11 delegados e sete observadores. Inst\u00e2ncia m\u00e1xima deliberativa da categoria docente, o encontro ter\u00e1 como tema central \u201cEm defesa da educa\u00e7\u00e3o p\u00fablica e pela garantia de todos os direitos da classe trabalhadora\u201d.<\/span><\/p>\n<p><b>Confira os representantes da ADUFPB no 41\u00ba Congresso do ANDES-SN<\/b><\/p>\n<p><b>&#8211; Diretoria<\/b><\/p>\n<p style=\"padding-left: 40px;\"><span style=\"font-weight: 400;\">Cristiano Bonneau\u00a0<\/span><\/p>\n<p><b>&#8211; Assembleia \/Jo\u00e3o Pessoa<\/b><\/p>\n<p style=\"padding-left: 40px;\"><b><i>Delegados:<\/i><\/b><\/p>\n<p style=\"padding-left: 40px;\"><span style=\"font-weight: 400;\">Fernando Cunha<\/span><\/p>\n<p style=\"padding-left: 40px;\"><span style=\"font-weight: 400;\">Rita Porto<\/span><\/p>\n<p style=\"padding-left: 40px;\"><span style=\"font-weight: 400;\">Edson Franco<\/span><\/p>\n<p style=\"padding-left: 40px;\"><span style=\"font-weight: 400;\">Joaquim Rodrigues<\/span><\/p>\n<p style=\"padding-left: 40px;\"><span style=\"font-weight: 400;\">Lenilma Bento<\/span><\/p>\n<p style=\"padding-left: 40px;\"><span style=\"font-weight: 400;\">Dailton Lacerda<\/span><\/p>\n<p style=\"padding-left: 40px;\"><span style=\"font-weight: 400;\">Melina Alves<\/span><\/p>\n<p style=\"padding-left: 40px;\"><b><i>Observadores:<\/i><\/b><\/p>\n<p style=\"padding-left: 40px;\"><span style=\"font-weight: 400;\">Adelaide Alves<\/span><\/p>\n<p style=\"padding-left: 40px;\"><span style=\"font-weight: 400;\">Jos\u00e9 da Paz Alvarenga<\/span><\/p>\n<p style=\"padding-left: 40px;\"><span style=\"font-weight: 400;\">Francileide Rodrigues<\/span><\/p>\n<p style=\"padding-left: 40px;\"><span style=\"font-weight: 400;\">Carlos Cartaxo<\/span><\/p>\n<p><b>&#8211; Assembleia\/Litoral Norte<\/b><\/p>\n<p style=\"padding-left: 40px;\"><span style=\"font-weight: 400;\">Paulo Palhano &#8211; Delegado<\/span><\/p>\n<p style=\"padding-left: 40px;\"><span style=\"font-weight: 400;\">Saulo Maciel &#8211; Observador<\/span><\/p>\n<p><b>&#8211; Assembleia\/Areia<\/b><\/p>\n<p style=\"padding-left: 40px;\"><span style=\"font-weight: 400;\">Anita Leoc\u00e1dia &#8211; Delegada<\/span><\/p>\n<p style=\"padding-left: 40px;\"><span style=\"font-weight: 400;\">Saulo Gondim &#8211; Observador<\/span><\/p>\n<p><b>&#8211; Assembleia\/Bananeiras\u00a0<\/b><\/p>\n<p style=\"padding-left: 40px;\"><span style=\"font-weight: 400;\">Gabriel de Medeiros Lima &#8211; Delegado<\/span><\/p>\n<p style=\"padding-left: 40px;\"><span style=\"font-weight: 400;\">Philipe Araujo &#8211; Observador<\/span><\/p>\n<p>&nbsp;<\/p>\n<p><b><a class=\"dt-pswp-item\" href=\"https:\/\/www.adufpb.org.br\/site\/wp-content\/uploads\/2022\/12\/2022.12.02-assembleia-4.jpeg\" data-dt-img-description=\"\" data-large_image_width=\"901\" data-large_image_height=\"1600\"><img loading=\"lazy\" decoding=\"async\" class=\"alignleft size-medium wp-image-28033\" src=\"https:\/\/www.adufpb.org.br\/site\/wp-content\/uploads\/2022\/12\/2022.12.02-assembleia-4-169x300.jpeg\" alt=\"\" width=\"169\" height=\"300\" srcset=\"https:\/\/www.adufpb.org.br\/site\/wp-content\/uploads\/2022\/12\/2022.12.02-assembleia-4-169x300.jpeg 169w, https:\/\/www.adufpb.org.br\/site\/wp-content\/uploads\/2022\/12\/2022.12.02-assembleia-4-577x1024.jpeg 577w, https:\/\/www.adufpb.org.br\/site\/wp-content\/uploads\/2022\/12\/2022.12.02-assembleia-4-768x1364.jpeg 768w, https:\/\/www.adufpb.org.br\/site\/wp-content\/uploads\/2022\/12\/2022.12.02-assembleia-4-865x1536.jpeg 865w, https:\/\/www.adufpb.org.br\/site\/wp-content\/uploads\/2022\/12\/2022.12.02-assembleia-4-250x444.jpeg 250w, https:\/\/www.adufpb.org.br\/site\/wp-content\/uploads\/2022\/12\/2022.12.02-assembleia-4.jpeg 901w\" sizes=\"auto, (max-width: 169px) 100vw, 169px\" \/><\/a><\/b><strong>Desfilia\u00e7\u00e3o da CSP &#8211; Conlutas<\/strong><\/p>\n<p>Outra vota\u00e7\u00e3o importante que ocorreu durante a assembleia foi sobre a sa\u00edda do Andes da CSP-Conlutas. A decis\u00e3o foi aprovada por ampla maioria, e, agora, ser\u00e1 levada ao 41\u00ba Congresso do Andes, que ir\u00e1 avaliar o posicionamento da base e poder\u00e1 definir sobre desfilia\u00e7\u00e3o do sindicato nacional.<\/p>\n<p><b>Festa de confraterniza\u00e7\u00e3o<\/b><\/p>\n<p><span style=\"font-weight: 400;\">A assembleia docente de Jo\u00e3o Pessoa foi aberta com alguns informes. O presidente da ADUFPB, professor Cristiano Bonneau, apresentou o primeiro deles, relativo \u00e0 realiza\u00e7\u00e3o da tradicional confraterniza\u00e7\u00e3o de fim de ano da ADUFPB no Pa\u00e7o dos Le\u00f5es. Este ano, o evento ser\u00e1 no dia 13 de dezembro, a partir das 21h, e os sindicalizados interessados em participar devem confirmar o nome na lista at\u00e9 o dia 7 de dezembro, diretamente na secretaria da sede da entidade, no Centro de Viv\u00eancia.<\/span><\/p>\n<p><b>Audi\u00eancia no MPT<\/b><\/p>\n<p><span style=\"font-weight: 400;\">Cristiano falou, ainda, sobre a audi\u00eancia do Minist\u00e9rio P\u00fablico Federal para a qual a ADUFPB foi convocada a participar na \u00faltima quinta-feira a fim de tratar da quest\u00e3o dos permission\u00e1rios na UFPB. Devido a essa convoca\u00e7\u00e3o, o sindicato precisou adiar para sexta-feira a realiza\u00e7\u00e3o da assembleia de Jo\u00e3o Pessoa e Litoral Norte, que aconteceria tamb\u00e9m na quinta-feira \u00e0s 14h, mesmo hor\u00e1rio da audi\u00eancia.<\/span><\/p>\n<p><span style=\"font-weight: 400;\">Segundo Cristiano, a pr\u00f3pria ADUFPB havia provocado o MPT no in\u00edcio deste ano devido \u00e0 cobran\u00e7a abusiva que a reitoria vem fazendo n\u00e3o s\u00f3 ao sindicato dos professores, mas \u00e0s demais entidades representativas da Universidade. \u201cFizemos o pedido para que a ADUFPB n\u00e3o fosse colocada na d\u00edvida ativa da Uni\u00e3o, tendo em vista que n\u00e3o h\u00e1 justificativa razo\u00e1vel para a cobran\u00e7a que est\u00e1 sendo feita, em torno de R$ 4 milh\u00f5es\u201d, explicou o presidente do sindicato.<\/span><\/p>\n<p><span style=\"font-weight: 400;\"><a class=\"dt-pswp-item\" href=\"https:\/\/www.adufpb.org.br\/site\/wp-content\/uploads\/2022\/12\/2022.12.02-assembleia-3.jpeg\" data-dt-img-description=\"\" data-large_image_width=\"901\" data-large_image_height=\"1600\"><img loading=\"lazy\" decoding=\"async\" class=\"alignright size-medium wp-image-28032\" src=\"https:\/\/www.adufpb.org.br\/site\/wp-content\/uploads\/2022\/12\/2022.12.02-assembleia-3-169x300.jpeg\" alt=\"\" width=\"169\" height=\"300\" srcset=\"https:\/\/www.adufpb.org.br\/site\/wp-content\/uploads\/2022\/12\/2022.12.02-assembleia-3-169x300.jpeg 169w, https:\/\/www.adufpb.org.br\/site\/wp-content\/uploads\/2022\/12\/2022.12.02-assembleia-3-577x1024.jpeg 577w, https:\/\/www.adufpb.org.br\/site\/wp-content\/uploads\/2022\/12\/2022.12.02-assembleia-3-768x1364.jpeg 768w, https:\/\/www.adufpb.org.br\/site\/wp-content\/uploads\/2022\/12\/2022.12.02-assembleia-3-865x1536.jpeg 865w, https:\/\/www.adufpb.org.br\/site\/wp-content\/uploads\/2022\/12\/2022.12.02-assembleia-3-250x444.jpeg 250w, https:\/\/www.adufpb.org.br\/site\/wp-content\/uploads\/2022\/12\/2022.12.02-assembleia-3.jpeg 901w\" sizes=\"auto, (max-width: 169px) 100vw, 169px\" \/><\/a>Segundo ele, a audi\u00eancia foi bastante positiva. \u201cPedimos tamb\u00e9m que tiv\u00e9ssemos acesso \u00e0 ata da reuni\u00e3o do Consuni que suspendeu o processo de desocupa\u00e7\u00e3o das entidades representativas da UFPB\u201d, disse. Apesar da decis\u00e3o do Conselho Universit\u00e1rio, a reitoria continuou amea\u00e7ando o sindicato de despejo.<\/span><\/p>\n<p><b>Assessoria jur\u00eddica<\/b><\/p>\n<p><span style=\"font-weight: 400;\">Cristiano Bonneau tamb\u00e9m informou que j\u00e1 est\u00e1 agendada para ocorrer nos dias 19 e 21 de dezembro mais uma plen\u00e1ria jur\u00eddica com o objetivo de tratar dos processos impetrados pela ADUFPB. Os eventos contar\u00e3o com a presen\u00e7a dos advogados da assessoria jur\u00eddica do sindicato, que ir\u00e3o apresentar as movimenta\u00e7\u00f5es mais recentes dos processos e tirar d\u00favidas dos sindicalizados.<\/span><\/p>\n<p><b>Cortes or\u00e7ament\u00e1rios<\/b><\/p>\n<p><span style=\"font-weight: 400;\">Outro informe foi apresentado pelo professor Marcelo Sitcovsky, que falou sobre o corte praticado pelo governo federal no or\u00e7amento da Educa\u00e7\u00e3o, em particular das Institui\u00e7\u00f5es Federais de Ensino (IFEs). Na \u00faltima quarta-feira (30), as IFEs foram surpreendidas com o an\u00fancio de um bloqueio de R$ 344 milh\u00f5es do or\u00e7amento. Como o prazo final para empenho de despesas \u00e9 o dia 9 de dezembro, a medida na pr\u00e1tica se torna um corte de verba, porque n\u00e3o haveria tempo h\u00e1bil para os recursos serem descontingenciados.<\/span><\/p>\n<p><span style=\"font-weight: 400;\">Na quinta-feira (1\u00ba), a imprensa trouxe a not\u00edcia de que o governo teria voltado atr\u00e1s na decis\u00e3o e liberado a verba. Mas cerca de seis horas depois, os recursos voltaram a ser bloqueados sem que nenhum reitor tenha conseguido fazer pagamento.<\/span><\/p>\n<p><span style=\"font-weight: 400;\">Segundo o professor Marcelo Sitcovsky, esse novo ataque do governo Bolsonaro \u00e0s Institui\u00e7\u00f5es Federais de Ensino motivaram a constru\u00e7\u00e3o de um manifesto pela ADUFPB, a ADUFCG, o Sintespb e o Sintefpb. O documento apresenta n\u00fameros sobre os impactos dessa medida no funcionamento das IFEs e denuncia a pol\u00edtica de desmonte da educa\u00e7\u00e3o p\u00fablica praticada pelo governo Bolsonaro.<\/span><\/p>\n<p><span style=\"font-weight: 400;\">Marcelo Sitcovsky explicou que, agora, as entidades est\u00e3o reunindo assinaturas de apoio ao documento &#8211; com o apoio da deputada estadual Cida Ramos, que est\u00e1 em contato com parlamentares na Para\u00edba e em Bras\u00edlia para angariar assinaturas. Depois desta primeira fase, o documento deve ser disponibilizado on-line para que toda a sociedade possa assinar.<\/span><\/p>\n<p><span style=\"font-weight: 400;\">\u201c\u00c9 preciso que esta medida, patrocinada pelo governo Bolsonaro, seja revertida imediatamente e que os or\u00e7amentos sejam reestabelecidos no sentido de garantir o funcionamento destas institui\u00e7\u00f5es e igualmente evitar os impactos econ\u00f4micos que este corte promover\u00e1 na economia paraibana\u201d, diz o texto do manifesto elaborado pelas entidades.<\/span><\/p>\n<p><em>Fonte: Ascom ADUFPB<\/em><\/p>\n","protected":false},"excerpt":{"rendered":"<p>Reunidos em assembleia geral, os docentes sindicalizados da ADUFPB conclu\u00edram a escolha dos delegados que ir\u00e3o representar o sindicato no 41\u00ba Congresso do Andes-SN, a ser realizado de 6 a 10 de fevereiro de 2023, em Rio Branco (AC). Al\u00e9m deles, foram definidos os nomes dos observadores, que tamb\u00e9m ir\u00e3o assistir ao evento, por\u00e9m sem&hellip;<\/p>\n","protected":false},"author":3,"featured_media":28035,"comment_status":"closed","ping_status":"closed","sticky":false,"template":"","format":"standard","meta":{"footnotes":""},"categories":[1405,15,417],"tags":[],"class_list":["post-28030","post","type-post","status-publish","format-standard","has-post-thumbnail","hentry","category-chamada-principal","category-noticias","category-noticias-destaque","category-1405","category-15","category-417","description-off"],"_links":{"self":[{"href":"https:\/\/www.adufpb.org.br\/site\/wp-json\/wp\/v2\/posts\/28030","targetHints":{"allow":["GET"]}}],"collection":[{"href":"https:\/\/www.adufpb.org.br\/site\/wp-json\/wp\/v2\/posts"}],"about":[{"href":"https:\/\/www.adufpb.org.br\/site\/wp-json\/wp\/v2\/types\/post"}],"author":[{"embeddable":true,"href":"https:\/\/www.adufpb.org.br\/site\/wp-json\/wp\/v2\/users\/3"}],"replies":[{"embeddable":true,"href":"https:\/\/www.adufpb.org.br\/site\/wp-json\/wp\/v2\/comments?post=28030"}],"version-history":[{"count":5,"href":"https:\/\/www.adufpb.org.br\/site\/wp-json\/wp\/v2\/posts\/28030\/revisions"}],"predecessor-version":[{"id":28041,"href":"https:\/\/www.adufpb.org.br\/site\/wp-json\/wp\/v2\/posts\/28030\/revisions\/28041"}],"wp:featuredmedia":[{"embeddable":true,"href":"https:\/\/www.adufpb.org.br\/site\/wp-json\/wp\/v2\/media\/28035"}],"wp:attachment":[{"href":"https:\/\/www.adufpb.org.br\/site\/wp-json\/wp\/v2\/media?parent=28030"}],"wp:term":[{"taxonomy":"category","embeddable":true,"href":"https:\/\/www.adufpb.org.br\/site\/wp-json\/wp\/v2\/categories?post=28030"},{"taxonomy":"post_tag","embeddable":true,"href":"https:\/\/www.adufpb.org.br\/site\/wp-json\/wp\/v2\/tags?post=28030"}],"curies":[{"name":"wp","href":"https:\/\/api.w.org\/{rel}","templated":true}]}}