{"id":28018,"date":"2022-12-01T11:59:38","date_gmt":"2022-12-01T14:59:38","guid":{"rendered":"https:\/\/www.adufpb.org.br\/site\/?p=28018"},"modified":"2022-12-05T09:11:28","modified_gmt":"2022-12-05T12:11:28","slug":"28018-2","status":"publish","type":"post","link":"https:\/\/www.adufpb.org.br\/site\/28018-2\/","title":{"rendered":"Ap\u00f3s manuten\u00e7\u00e3o, piscina da sede social da ADUFPB est\u00e1 liberada para uso"},"content":{"rendered":"<p>Ap\u00f3s cerca de dez dias de servi\u00e7os de manuten\u00e7\u00e3o, a piscina da sede sociocultural da ADUFPB foi liberada para o uso dos sindicalizados(as) e de suas fam\u00edlias. Com a manuten\u00e7\u00e3o, o equipamento oferece agora mais conforto e seguran\u00e7a aos(as) usu\u00e1rios(as).<\/p>\n<p>A sede sociocultural da ADUFPB est\u00e1 localizada na rua Gilvan Muribeca, n\u00ba 88, bairro do Cabo Branco. O espa\u00e7o de lazer oferece uma ampla \u00e1rea para eventos e festas, com cozinha equipada e banheiros &#8211; tanto na \u00e1rea interna, quanto externa. Ela pode ser utilizada pelos(as) sindicalizados(as) e familiares para eventos com agendamento pr\u00e9vio por meio do site da ADUFPB.<\/p>\n<p><a class=\"dt-pswp-item\" href=\"https:\/\/www.adufpb.org.br\/site\/wp-content\/uploads\/2022\/12\/2022.12-piscina-liberada.jpeg\" data-dt-img-description=\"\" data-large_image_width=\"887\" data-large_image_height=\"869\"><img loading=\"lazy\" decoding=\"async\" class=\"aligncenter size-full wp-image-28019\" src=\"https:\/\/www.adufpb.org.br\/site\/wp-content\/uploads\/2022\/12\/2022.12-piscina-liberada.jpeg\" alt=\"\" width=\"887\" height=\"869\" srcset=\"https:\/\/www.adufpb.org.br\/site\/wp-content\/uploads\/2022\/12\/2022.12-piscina-liberada.jpeg 887w, https:\/\/www.adufpb.org.br\/site\/wp-content\/uploads\/2022\/12\/2022.12-piscina-liberada-300x294.jpeg 300w, https:\/\/www.adufpb.org.br\/site\/wp-content\/uploads\/2022\/12\/2022.12-piscina-liberada-768x752.jpeg 768w, https:\/\/www.adufpb.org.br\/site\/wp-content\/uploads\/2022\/12\/2022.12-piscina-liberada-250x245.jpeg 250w\" sizes=\"auto, (max-width: 887px) 100vw, 887px\" \/><\/a><\/p>\n","protected":false},"excerpt":{"rendered":"<p>Ap\u00f3s cerca de dez dias de servi\u00e7os de manuten\u00e7\u00e3o, a piscina da sede sociocultural da ADUFPB foi liberada para o uso dos sindicalizados(as) e de suas fam\u00edlias. Com a manuten\u00e7\u00e3o, o equipamento oferece agora mais conforto e seguran\u00e7a aos(as) usu\u00e1rios(as). A sede sociocultural da ADUFPB est\u00e1 localizada na rua Gilvan Muribeca, n\u00ba 88, bairro do&hellip;<\/p>\n","protected":false},"author":3,"featured_media":28019,"comment_status":"closed","ping_status":"closed","sticky":false,"template":"","format":"standard","meta":{"footnotes":""},"categories":[1405,15,417],"tags":[114],"class_list":["post-28018","post","type-post","status-publish","format-standard","has-post-thumbnail","hentry","category-chamada-principal","category-noticias","category-noticias-destaque","tag-sede-sociocultural","category-1405","category-15","category-417","description-off"],"_links":{"self":[{"href":"https:\/\/www.adufpb.org.br\/site\/wp-json\/wp\/v2\/posts\/28018","targetHints":{"allow":["GET"]}}],"collection":[{"href":"https:\/\/www.adufpb.org.br\/site\/wp-json\/wp\/v2\/posts"}],"about":[{"href":"https:\/\/www.adufpb.org.br\/site\/wp-json\/wp\/v2\/types\/post"}],"author":[{"embeddable":true,"href":"https:\/\/www.adufpb.org.br\/site\/wp-json\/wp\/v2\/users\/3"}],"replies":[{"embeddable":true,"href":"https:\/\/www.adufpb.org.br\/site\/wp-json\/wp\/v2\/comments?post=28018"}],"version-history":[{"count":3,"href":"https:\/\/www.adufpb.org.br\/site\/wp-json\/wp\/v2\/posts\/28018\/revisions"}],"predecessor-version":[{"id":28022,"href":"https:\/\/www.adufpb.org.br\/site\/wp-json\/wp\/v2\/posts\/28018\/revisions\/28022"}],"wp:featuredmedia":[{"embeddable":true,"href":"https:\/\/www.adufpb.org.br\/site\/wp-json\/wp\/v2\/media\/28019"}],"wp:attachment":[{"href":"https:\/\/www.adufpb.org.br\/site\/wp-json\/wp\/v2\/media?parent=28018"}],"wp:term":[{"taxonomy":"category","embeddable":true,"href":"https:\/\/www.adufpb.org.br\/site\/wp-json\/wp\/v2\/categories?post=28018"},{"taxonomy":"post_tag","embeddable":true,"href":"https:\/\/www.adufpb.org.br\/site\/wp-json\/wp\/v2\/tags?post=28018"}],"curies":[{"name":"wp","href":"https:\/\/api.w.org\/{rel}","templated":true}]}}