{"id":27951,"date":"2022-11-23T11:15:41","date_gmt":"2022-11-23T14:15:41","guid":{"rendered":"https:\/\/www.adufpb.org.br\/site\/?p=27951"},"modified":"2022-11-24T09:26:22","modified_gmt":"2022-11-24T12:26:22","slug":"agenda-da-jornada-novembro-negro-chega-a-areia-com-debates-e-lancamento-de-livro-nesta-quinta-24","status":"publish","type":"post","link":"https:\/\/www.adufpb.org.br\/site\/agenda-da-jornada-novembro-negro-chega-a-areia-com-debates-e-lancamento-de-livro-nesta-quinta-24\/","title":{"rendered":"Agenda da Jornada Novembro Negro chega a Areia com debates e lan\u00e7amento de livro, nesta quinta (24)"},"content":{"rendered":"<p><a class=\"dt-pswp-item\" href=\"https:\/\/www.adufpb.org.br\/site\/wp-content\/uploads\/2022\/11\/2022.11.24-jornada-novembro-negro.jpeg\" data-dt-img-description=\"\" data-large_image_width=\"1073\" data-large_image_height=\"1061\"><img loading=\"lazy\" decoding=\"async\" class=\"alignright size-medium wp-image-27954\" src=\"https:\/\/www.adufpb.org.br\/site\/wp-content\/uploads\/2022\/11\/2022.11.24-jornada-novembro-negro-300x297.jpeg\" alt=\"\" width=\"300\" height=\"297\" srcset=\"https:\/\/www.adufpb.org.br\/site\/wp-content\/uploads\/2022\/11\/2022.11.24-jornada-novembro-negro-300x297.jpeg 300w, https:\/\/www.adufpb.org.br\/site\/wp-content\/uploads\/2022\/11\/2022.11.24-jornada-novembro-negro-1024x1013.jpeg 1024w, https:\/\/www.adufpb.org.br\/site\/wp-content\/uploads\/2022\/11\/2022.11.24-jornada-novembro-negro-150x150.jpeg 150w, https:\/\/www.adufpb.org.br\/site\/wp-content\/uploads\/2022\/11\/2022.11.24-jornada-novembro-negro-768x759.jpeg 768w, https:\/\/www.adufpb.org.br\/site\/wp-content\/uploads\/2022\/11\/2022.11.24-jornada-novembro-negro-250x247.jpeg 250w, https:\/\/www.adufpb.org.br\/site\/wp-content\/uploads\/2022\/11\/2022.11.24-jornada-novembro-negro.jpeg 1073w\" sizes=\"auto, (max-width: 300px) 100vw, 300px\" \/><\/a>A segunda mesa-redonda da Jornada Novembro Negro ocorrer\u00e1 nesta quinta-feira (24), no campus II da UFPB, em Areia. Os participantes debater\u00e3o o tema \u201cConhecimento, saberes e resist\u00eancia negra\u201d e participar\u00e3o do lan\u00e7amento do livro \u201cComunidade Quilombola de Caiana dos Crioulos: Alagoa Grande-PB\u201d. O evento acontecer\u00e1 no audit\u00f3rio do pr\u00e9dio central da universidade a partir das 9h.<\/p>\n<p>Os debatedores ser\u00e3o o professor da UFCG Jos\u00e9 Luciano de Queiroz Aires, organizador do livro a ser lan\u00e7ado, e tr\u00eas de suas autoras: a professora Maria das Dores, quilombola de Caiana dos Crioulos e educadora na Escola Cidad\u00e3 Integral de Alagoa Grande; a t\u00e9cnica agr\u00edcola Ednalva Rita, l\u00edder do Coletivo Cultural Caiana dos Crioulos e militante do Movimento Negro; e a professora L\u00facia J\u00falio, especialista em hist\u00f3ria e cultura afro-brasileira e docente nas comunidades quilombolas Zumbi e Caiana dos Crioulos.<\/p>\n<p>A mesa-redonda contar\u00e1 ainda com a participa\u00e7\u00e3o do professor Antonio Baruty, representando o N\u00facleo de Estudos Afro-Brasileiros e Ind\u00edgenas (Neabi) da UFPB. A media\u00e7\u00e3o ser\u00e1 da professora Anita Leoc\u00e1dia, diretora Pol\u00edtica Social da ADUFPB e representante do Grupo de Trabalho Pol\u00edticas de Classe para as Quest\u00f5es Etnicorraciais, de G\u00eanero e Diversidade Sexual (GTPCEGDS) do sindicato.<\/p>\n<p><strong>Negras nas exatas<\/strong> \u2013 A abertura da Jornada Novembro Negro aconteceu na ter\u00e7a-feira passada (22), com uma mesa-redonda online focada no tema \u201cO sistema de cotas e a perman\u00eancia na universidade\u201d. Al\u00e9m da presen\u00e7a do professor Antonio Baruty, o encontro contou com os coletivos de estudantes negras e negros de Medicina e de Rela\u00e7\u00f5es Internacionais da UFPB e com a participa\u00e7\u00e3o especial da professora Nic\u00e9ia Amauro, da Universidade Federal de Uberl\u00e2ndia, que falou sobre \u201cAs mulheres negras na \u00e1rea de exatas\u201d.<\/p>\n<p>Promovida pela ADUFPB e o Neabi, a Jornada Novembro Negro discute pol\u00edtica de cotas, conhecimento, saberes, resist\u00eancia e sa\u00fade da popula\u00e7\u00e3o negra. A pr\u00f3xima mesa-redonda acontecer\u00e1 em Bananeiras, no dia 28 deste m\u00eas. Todos os encontros d\u00e3o direito a emiss\u00e3o de certificado, mas \u00e9 necess\u00e1rio preencher um formul\u00e1rio (dispon\u00edvel aqui) e marcar presen\u00e7a no chat das lives, com identifica\u00e7\u00e3o por meio do nome e do lugar de origem.<\/p>\n<p><strong>Acesso ao livro<\/strong> \u2013 A obra \u201cComunidade Quilombola de Caiana dos Crioulos: Alagoa Grande-PB\u201d est\u00e1 dispon\u00edvel gratuitamente na internet. Clique aqui para baixar: <a href=\"https:\/\/bit.ly\/3Eu1NGL\">https:\/\/bit.ly\/3Eu1NGL<\/a><\/p>\n<p>&nbsp;<\/p>\n<p><strong>AGENDE-SE<\/strong><\/p>\n<p>&nbsp;<\/p>\n<p>Jornada Novembro Negro da ADUFPB<\/p>\n<p>24\/11 \u2013 quinta-feira<\/p>\n<p>Local: Campus de Areia, no audit\u00f3rio do pr\u00e9dio central<\/p>\n<p>Hor\u00e1rio: das 9h \u00e0s 11h30<\/p>\n<p>Mesa-redonda: \u201cConhecimento, saberes e resist\u00eancia negra\u201d<\/p>\n<p>Lan\u00e7amento do livro \u201cComunidade Quilombola de Caiana dos Crioulos: Alagoa Grande-PB\u201d<\/p>\n<p>Debatedores(as):<\/p>\n<p>\u2013 Jos\u00e9 Luciano de Queiroz Aires (professor e tutor do PET Hist\u00f3ria UFCG)<\/p>\n<p>\u2013 Antonio Baruty (Neabi)<\/p>\n<p>\u2013 Maria das Dores (quilombola de Caiana dos Crioulos, professora da Escola Cidad\u00e3 Integral de Alagoa Grande)<\/p>\n<p>\u2013 Ednalva Rita (t\u00e9cnica agr\u00edcola em Agropecu\u00e1ria, t\u00e9cnica em Agroneg\u00f3cio, l\u00edder do Coletivo Cultural Caiana dos Crioulos, militante do Movimento Negro)<\/p>\n<p>\u2013 L\u00facia J\u00falio (professora nas comunidades quilombolas Zumbi e Caiana dos Crioulos)<\/p>\n<p>&nbsp;<\/p>\n<p>Media\u00e7\u00e3o:<\/p>\n<p>\u2013 Anita Leoc\u00e1dia Pereira dos Santos (GTPCEGDS\/ADUFPB)<\/p>\n","protected":false},"excerpt":{"rendered":"<p>A segunda mesa-redonda da Jornada Novembro Negro ocorrer\u00e1 nesta quinta-feira (24), no campus II da UFPB, em Areia. Os participantes debater\u00e3o o tema \u201cConhecimento, saberes e resist\u00eancia negra\u201d e participar\u00e3o do lan\u00e7amento do livro \u201cComunidade Quilombola de Caiana dos Crioulos: Alagoa Grande-PB\u201d. O evento acontecer\u00e1 no audit\u00f3rio do pr\u00e9dio central da universidade a partir das&hellip;<\/p>\n","protected":false},"author":10,"featured_media":27953,"comment_status":"closed","ping_status":"closed","sticky":false,"template":"","format":"standard","meta":{"footnotes":""},"categories":[1405,15,417],"tags":[267,27,1591],"class_list":["post-27951","post","type-post","status-publish","format-standard","has-post-thumbnail","hentry","category-chamada-principal","category-noticias","category-noticias-destaque","tag-dia-da-consciencia-negra","tag-evento","tag-jornada-novembro-negro","category-1405","category-15","category-417","description-off"],"_links":{"self":[{"href":"https:\/\/www.adufpb.org.br\/site\/wp-json\/wp\/v2\/posts\/27951","targetHints":{"allow":["GET"]}}],"collection":[{"href":"https:\/\/www.adufpb.org.br\/site\/wp-json\/wp\/v2\/posts"}],"about":[{"href":"https:\/\/www.adufpb.org.br\/site\/wp-json\/wp\/v2\/types\/post"}],"author":[{"embeddable":true,"href":"https:\/\/www.adufpb.org.br\/site\/wp-json\/wp\/v2\/users\/10"}],"replies":[{"embeddable":true,"href":"https:\/\/www.adufpb.org.br\/site\/wp-json\/wp\/v2\/comments?post=27951"}],"version-history":[{"count":4,"href":"https:\/\/www.adufpb.org.br\/site\/wp-json\/wp\/v2\/posts\/27951\/revisions"}],"predecessor-version":[{"id":27957,"href":"https:\/\/www.adufpb.org.br\/site\/wp-json\/wp\/v2\/posts\/27951\/revisions\/27957"}],"wp:featuredmedia":[{"embeddable":true,"href":"https:\/\/www.adufpb.org.br\/site\/wp-json\/wp\/v2\/media\/27953"}],"wp:attachment":[{"href":"https:\/\/www.adufpb.org.br\/site\/wp-json\/wp\/v2\/media?parent=27951"}],"wp:term":[{"taxonomy":"category","embeddable":true,"href":"https:\/\/www.adufpb.org.br\/site\/wp-json\/wp\/v2\/categories?post=27951"},{"taxonomy":"post_tag","embeddable":true,"href":"https:\/\/www.adufpb.org.br\/site\/wp-json\/wp\/v2\/tags?post=27951"}],"curies":[{"name":"wp","href":"https:\/\/api.w.org\/{rel}","templated":true}]}}