{"id":27930,"date":"2022-11-19T08:30:05","date_gmt":"2022-11-19T11:30:05","guid":{"rendered":"https:\/\/www.adufpb.org.br\/site\/?p=27930"},"modified":"2022-11-24T09:26:39","modified_gmt":"2022-11-24T12:26:39","slug":"nota-de-pesar-luciana-batista-de-oliveira-cantalice","status":"publish","type":"post","link":"https:\/\/www.adufpb.org.br\/site\/nota-de-pesar-luciana-batista-de-oliveira-cantalice\/","title":{"rendered":"NOTA DE PESAR &#8211; Luciana Batista de Oliveira Cantalice"},"content":{"rendered":"<p><a class=\"dt-pswp-item\" href=\"https:\/\/www.adufpb.org.br\/site\/wp-content\/uploads\/2022\/11\/NOTA-DE-PESAR-Luciana-Cantalice.jpeg\" data-dt-img-description=\"\" data-large_image_width=\"609\" data-large_image_height=\"469\"><img loading=\"lazy\" decoding=\"async\" class=\"aligncenter wp-image-27931 size-medium\" src=\"https:\/\/www.adufpb.org.br\/site\/wp-content\/uploads\/2022\/11\/NOTA-DE-PESAR-Luciana-Cantalice-300x231.jpeg\" alt=\"\" width=\"300\" height=\"231\" srcset=\"https:\/\/www.adufpb.org.br\/site\/wp-content\/uploads\/2022\/11\/NOTA-DE-PESAR-Luciana-Cantalice-300x231.jpeg 300w, https:\/\/www.adufpb.org.br\/site\/wp-content\/uploads\/2022\/11\/NOTA-DE-PESAR-Luciana-Cantalice-250x193.jpeg 250w, https:\/\/www.adufpb.org.br\/site\/wp-content\/uploads\/2022\/11\/NOTA-DE-PESAR-Luciana-Cantalice.jpeg 609w\" sizes=\"auto, (max-width: 300px) 100vw, 300px\" \/><\/a><\/p>\n<p>Todos que fazem a ADUFPB v\u00eam a p\u00fablico manifestar profundo pesar pelo falecimento, ocorrido nesta sexta-feira, 18 de novembro de 2022, de <strong>LUCIANA BATISTA DE OLIVEIRA CANTALICE<\/strong>, professora do Departamento de Servi\u00e7o Social da UFPB.<\/p>\n<p>Informamos que o vel\u00f3rio est\u00e1 ocorrendo na Central de Vel\u00f3rios S\u00e3o Jo\u00e3o Batista e o sepultamento ser\u00e1 \u00e0s 16h no Cemit\u00e9rio Senhor da Boa Senten\u00e7a.<\/p>\n<p>A professora <strong>LUCIANA<\/strong> era sindicalizada \u00e0 ADUFPB e esteve sempre muito presente \u00e0s atividades sindicais e na luta em defesa da educa\u00e7\u00e3o p\u00fablica e da universidade. Ser\u00e1 sem d\u00favida uma grande perda para todos que a conheciam e admiravam.<\/p>\n<p>Aos membros da fam\u00edlia e amigos, nossos sentimentos e solidariedade.<\/p>\n<p>Jo\u00e3o Pessoa, 19 de novembro de 2022.<\/p>\n<p>DIRETORIA EXECUTIVA<\/p>\n<p>FUNCION\u00c1RIOS DA ADUFPB<\/p>\n<p>&nbsp;<\/p>\n","protected":false},"excerpt":{"rendered":"<p>Todos que fazem a ADUFPB v\u00eam a p\u00fablico manifestar profundo pesar pelo falecimento, ocorrido nesta sexta-feira, 18 de novembro de 2022, de LUCIANA BATISTA DE OLIVEIRA CANTALICE, professora do Departamento de Servi\u00e7o Social da UFPB. Informamos que o vel\u00f3rio est\u00e1 ocorrendo na Central de Vel\u00f3rios S\u00e3o Jo\u00e3o Batista e o sepultamento ser\u00e1 \u00e0s 16h no&hellip;<\/p>\n","protected":false},"author":3,"featured_media":27931,"comment_status":"closed","ping_status":"closed","sticky":false,"template":"","format":"standard","meta":{"footnotes":""},"categories":[15,417],"tags":[],"class_list":["post-27930","post","type-post","status-publish","format-standard","has-post-thumbnail","hentry","category-noticias","category-noticias-destaque","category-15","category-417","description-off"],"_links":{"self":[{"href":"https:\/\/www.adufpb.org.br\/site\/wp-json\/wp\/v2\/posts\/27930","targetHints":{"allow":["GET"]}}],"collection":[{"href":"https:\/\/www.adufpb.org.br\/site\/wp-json\/wp\/v2\/posts"}],"about":[{"href":"https:\/\/www.adufpb.org.br\/site\/wp-json\/wp\/v2\/types\/post"}],"author":[{"embeddable":true,"href":"https:\/\/www.adufpb.org.br\/site\/wp-json\/wp\/v2\/users\/3"}],"replies":[{"embeddable":true,"href":"https:\/\/www.adufpb.org.br\/site\/wp-json\/wp\/v2\/comments?post=27930"}],"version-history":[{"count":2,"href":"https:\/\/www.adufpb.org.br\/site\/wp-json\/wp\/v2\/posts\/27930\/revisions"}],"predecessor-version":[{"id":27933,"href":"https:\/\/www.adufpb.org.br\/site\/wp-json\/wp\/v2\/posts\/27930\/revisions\/27933"}],"wp:featuredmedia":[{"embeddable":true,"href":"https:\/\/www.adufpb.org.br\/site\/wp-json\/wp\/v2\/media\/27931"}],"wp:attachment":[{"href":"https:\/\/www.adufpb.org.br\/site\/wp-json\/wp\/v2\/media?parent=27930"}],"wp:term":[{"taxonomy":"category","embeddable":true,"href":"https:\/\/www.adufpb.org.br\/site\/wp-json\/wp\/v2\/categories?post=27930"},{"taxonomy":"post_tag","embeddable":true,"href":"https:\/\/www.adufpb.org.br\/site\/wp-json\/wp\/v2\/tags?post=27930"}],"curies":[{"name":"wp","href":"https:\/\/api.w.org\/{rel}","templated":true}]}}