{"id":2792,"date":"2012-04-09T05:02:00","date_gmt":"2012-04-09T09:02:00","guid":{"rendered":"http:\/\/www.adufpb.org.br\/site\/?p=2792"},"modified":"2012-04-09T05:02:00","modified_gmt":"2012-04-09T09:02:00","slug":"audiencia-publica-vai-discutir-educacao-infantil-na-ufpb","status":"publish","type":"post","link":"https:\/\/www.adufpb.org.br\/site\/audiencia-publica-vai-discutir-educacao-infantil-na-ufpb\/","title":{"rendered":"Audi\u00eancia p\u00fablica vai discutir Educa\u00e7\u00e3o Infantil na UFPB"},"content":{"rendered":"<p><a href=\"http:\/\/www.adufpb.org.br\/site\/audiencia-publica-vai-discutir-educacao-infantil-na-ufpb\/creche-escola\/\" rel=\"attachment wp-att-2793\"><img loading=\"lazy\" decoding=\"async\" class=\"alignleft size-full wp-image-2793\" title=\"Creche-escola\" src=\"http:\/\/www.adufpb.org.br\/site\/wp-content\/uploads\/2012\/04\/creche-escola.jpg\" alt=\"\" width=\"200\" height=\"150\" \/><\/a>A ADUFPB e a Escola de Educa\u00e7\u00e3o B\u00e1sica da UFPB realizam no dia 20 de abril, \u00e0s 9h, uma audi\u00eancia p\u00fablica para discutir os rumos da Educa\u00e7\u00e3o Infantil na Universidade. A proposta \u00e9 reunir pais, professores, dirigentes, representantes da reitoria e entidades sindicais com o objetivo de avaliar a situa\u00e7\u00e3o da antiga \u201ccreche-escola\u201d e encontrar solu\u00e7\u00f5es para os problemas que podem inviabilizar o bom funcionamento do local. A audi\u00eancia ocorrer\u00e1 na pr\u00f3pria Escola, localizada pr\u00f3xima \u00e0 entrada do Hospital Universit\u00e1rio.<\/p>\n<p>Em outubro do ano passado, a Escola de Educa\u00e7\u00e3o B\u00e1sica da UFPB encaminhou \u00e0 dire\u00e7\u00e3o do Centro de Educa\u00e7\u00e3o um relat\u00f3rio apontando v\u00e1rios problemas. O principal deles \u00e9 a falta de profissionais para a manuten\u00e7\u00e3o das turmas. Hoje, a Escola tem seis professores e oito funcion\u00e1rios pr\u00f3ximos da aposentadoria, mas n\u00e3o h\u00e1 qualquer previs\u00e3o de concurso para repor essa perda.<\/p>\n<p>A car\u00eancia de pessoal pode comprometer o andamento dos trabalhos na unidade, que funciona h\u00e1 23 anos e atende a mais de 160 alunos distribu\u00eddos em turmas da Pr\u00e9-Escola e do Fundamental (at\u00e9 o 5\u00ba ano), todos filhos de funcion\u00e1rios, professores, estudantes e moradores das comunidades circunvizinhas da UFPB.<\/p>\n<p>A audi\u00eancia p\u00fablica ser\u00e1 aberta para a participa\u00e7\u00e3o de toda a comunidade. Devem compor a mesa do evento representantes da creche-escola, da reitoria, do Centro de Educa\u00e7\u00e3o, da ADUFPB, do Sintespb, do DCE (Diret\u00f3rio Central dos Estudantes) e dos pais de alunos. Eles discutir\u00e3o formas de estimular a Educa\u00e7\u00e3o Fundamental (considerando que a pr\u00f3pria UFPB aponta dentro de sua pol\u00edtica o crescimento desse n\u00edvel de ensino) a partir de uma pol\u00edtica concreta, apresentando \u00e0 sociedade as necessidades da Escola de Educa\u00e7\u00e3o B\u00e1sica e estabelecendo encaminhamentos poss\u00edveis.<\/p>\n<p><em>Fonte: Ascom ADUFPB<\/em><\/p>\n","protected":false},"excerpt":{"rendered":"<p>A ADUFPB e a Escola de Educa\u00e7\u00e3o B\u00e1sica da UFPB realizam no dia 20 de abril, \u00e0s 9h, uma audi\u00eancia p\u00fablica para discutir os rumos da Educa\u00e7\u00e3o Infantil na Universidade. A proposta \u00e9 reunir pais, professores, dirigentes, representantes da reitoria e entidades sindicais com o objetivo de avaliar a situa\u00e7\u00e3o da antiga \u201ccreche-escola\u201d e encontrar&hellip;<\/p>\n","protected":false},"author":3,"featured_media":0,"comment_status":"open","ping_status":"open","sticky":false,"template":"","format":"standard","meta":{"footnotes":""},"categories":[15],"tags":[],"class_list":["post-2792","post","type-post","status-publish","format-standard","hentry","category-noticias","category-15","description-off"],"_links":{"self":[{"href":"https:\/\/www.adufpb.org.br\/site\/wp-json\/wp\/v2\/posts\/2792","targetHints":{"allow":["GET"]}}],"collection":[{"href":"https:\/\/www.adufpb.org.br\/site\/wp-json\/wp\/v2\/posts"}],"about":[{"href":"https:\/\/www.adufpb.org.br\/site\/wp-json\/wp\/v2\/types\/post"}],"author":[{"embeddable":true,"href":"https:\/\/www.adufpb.org.br\/site\/wp-json\/wp\/v2\/users\/3"}],"replies":[{"embeddable":true,"href":"https:\/\/www.adufpb.org.br\/site\/wp-json\/wp\/v2\/comments?post=2792"}],"version-history":[{"count":14,"href":"https:\/\/www.adufpb.org.br\/site\/wp-json\/wp\/v2\/posts\/2792\/revisions"}],"predecessor-version":[{"id":2831,"href":"https:\/\/www.adufpb.org.br\/site\/wp-json\/wp\/v2\/posts\/2792\/revisions\/2831"}],"wp:attachment":[{"href":"https:\/\/www.adufpb.org.br\/site\/wp-json\/wp\/v2\/media?parent=2792"}],"wp:term":[{"taxonomy":"category","embeddable":true,"href":"https:\/\/www.adufpb.org.br\/site\/wp-json\/wp\/v2\/categories?post=2792"},{"taxonomy":"post_tag","embeddable":true,"href":"https:\/\/www.adufpb.org.br\/site\/wp-json\/wp\/v2\/tags?post=2792"}],"curies":[{"name":"wp","href":"https:\/\/api.w.org\/{rel}","templated":true}]}}