{"id":27887,"date":"2022-11-09T23:26:40","date_gmt":"2022-11-10T02:26:40","guid":{"rendered":"https:\/\/www.adufpb.org.br\/site\/?p=27887"},"modified":"2022-11-17T11:29:13","modified_gmt":"2022-11-17T14:29:13","slug":"plenaria-contra-a-intervencao-na-ufpb-reune-a-comunidade-universitaria-nesta-quinta-feira-10-11","status":"publish","type":"post","link":"https:\/\/www.adufpb.org.br\/site\/plenaria-contra-a-intervencao-na-ufpb-reune-a-comunidade-universitaria-nesta-quinta-feira-10-11\/","title":{"rendered":"Plen\u00e1ria contra a interven\u00e7\u00e3o na UFPB re\u00fane a comunidade universit\u00e1ria nesta quinta-feira (10\/11)"},"content":{"rendered":"<p>Representantes dos tr\u00eas segmentos que formam a comunidade universit\u00e1ria participam nesta quinta-feira, 10 de novembro, da Plen\u00e1ria do Comit\u00ea de Mobiliza\u00e7\u00e3o pela Autonomia e contra Interven\u00e7\u00e3o na UFPB. A atividade &#8211; que ocorrer\u00e1 a partir das 17h no Centro de Viv\u00eancia do campus I, em Jo\u00e3o Pessoa &#8211; contar\u00e1 com a participa\u00e7\u00e3o da ADUFPB, representada pelo seu secret\u00e1rio geral, professor Fernando Cunha.<\/p>\n<p>O objetivo da plen\u00e1ria \u00e9 mobilizar e organizar t\u00e1ticas combativas contra a interven\u00e7\u00e3o na UFPB, com foco, neste momento, na pr\u00f3xima reuni\u00e3o do Conselho Universit\u00e1rio (Consuni). A proposta \u00e9 exigir que os conselheiros pautem a discuss\u00e3o do &#8220;Dossi\u00ea da Interven\u00e7\u00e3o&#8221;, que foi elaborado pelo Comit\u00ea contra a Interven\u00e7\u00e3o e protocolado na reitoria em agosto do ano passado. O documento de 35 p\u00e1ginas, dividido em cinco eixos, re\u00fane e sistematiza fatos registrados ap\u00f3s a posse do interventor Valdiney Gouveia, em novembro de 2020, e denuncia o autoritarismo e o car\u00e1ter antidemocr\u00e1tico do processo de interven\u00e7\u00e3o na UFPB.<\/p>\n<p>&#8220;\u00c9 muito grave que, ap\u00f3s um ano, este dossi\u00ea n\u00e3o tenha sido ainda avaliado pelo Conselho Universit\u00e1rio. O documento lista fatos muito relevantes e pede a imediata destitui\u00e7\u00e3o do reitor, que foi nomeado ao cargo mesmo tendo obtido a menor quantidade de votos da comunidade universit\u00e1ria e zero voto dos conselhos superiores. O Consuni precisa discutir essa quest\u00e3o&#8221;, avalia o presidente da ADUFPB, Cristiano Bonneau.<\/p>\n<p><strong>AGENDE-SE<\/strong><br \/>\n<em><strong>Plen\u00e1ria pela Autonomia e contra Interven\u00e7\u00e3o na UFPB<\/strong><\/em><br \/>\n<strong>Data:<\/strong> quinta-feira, 10\/11<br \/>\n<strong>Hor\u00e1rio:<\/strong> 17h<br \/>\n<strong>Local:<\/strong> Centro de Viv\u00eancia do campus I<\/p>\n<p><em>Fonte: Ascom ADUFPB<\/em><\/p>\n","protected":false},"excerpt":{"rendered":"<p>Representantes dos tr\u00eas segmentos que formam a comunidade universit\u00e1ria participam nesta quinta-feira, 10 de novembro, da Plen\u00e1ria do Comit\u00ea de Mobiliza\u00e7\u00e3o pela Autonomia e contra Interven\u00e7\u00e3o na UFPB. A atividade &#8211; que ocorrer\u00e1 a partir das 17h no Centro de Viv\u00eancia do campus I, em Jo\u00e3o Pessoa &#8211; contar\u00e1 com a participa\u00e7\u00e3o da ADUFPB, representada&hellip;<\/p>\n","protected":false},"author":3,"featured_media":25527,"comment_status":"closed","ping_status":"closed","sticky":false,"template":"","format":"standard","meta":{"footnotes":""},"categories":[1405,15],"tags":[1412,1450,178,1413,1426,1409],"class_list":["post-27887","post","type-post","status-publish","format-standard","has-post-thumbnail","hentry","category-chamada-principal","category-noticias","tag-autonomia","tag-comite","tag-consuni","tag-intervencao","tag-interventor","tag-valdiney","category-1405","category-15","description-off"],"_links":{"self":[{"href":"https:\/\/www.adufpb.org.br\/site\/wp-json\/wp\/v2\/posts\/27887","targetHints":{"allow":["GET"]}}],"collection":[{"href":"https:\/\/www.adufpb.org.br\/site\/wp-json\/wp\/v2\/posts"}],"about":[{"href":"https:\/\/www.adufpb.org.br\/site\/wp-json\/wp\/v2\/types\/post"}],"author":[{"embeddable":true,"href":"https:\/\/www.adufpb.org.br\/site\/wp-json\/wp\/v2\/users\/3"}],"replies":[{"embeddable":true,"href":"https:\/\/www.adufpb.org.br\/site\/wp-json\/wp\/v2\/comments?post=27887"}],"version-history":[{"count":1,"href":"https:\/\/www.adufpb.org.br\/site\/wp-json\/wp\/v2\/posts\/27887\/revisions"}],"predecessor-version":[{"id":27888,"href":"https:\/\/www.adufpb.org.br\/site\/wp-json\/wp\/v2\/posts\/27887\/revisions\/27888"}],"wp:featuredmedia":[{"embeddable":true,"href":"https:\/\/www.adufpb.org.br\/site\/wp-json\/wp\/v2\/media\/25527"}],"wp:attachment":[{"href":"https:\/\/www.adufpb.org.br\/site\/wp-json\/wp\/v2\/media?parent=27887"}],"wp:term":[{"taxonomy":"category","embeddable":true,"href":"https:\/\/www.adufpb.org.br\/site\/wp-json\/wp\/v2\/categories?post=27887"},{"taxonomy":"post_tag","embeddable":true,"href":"https:\/\/www.adufpb.org.br\/site\/wp-json\/wp\/v2\/tags?post=27887"}],"curies":[{"name":"wp","href":"https:\/\/api.w.org\/{rel}","templated":true}]}}