{"id":2765,"date":"2012-03-30T21:07:54","date_gmt":"2012-03-31T01:07:54","guid":{"rendered":"http:\/\/www.adufpb.org.br\/site\/?p=2765"},"modified":"2012-04-01T18:22:40","modified_gmt":"2012-04-01T22:22:40","slug":"setor-das-ifes-define-calendario-de-luta-e-mobilizacao","status":"publish","type":"post","link":"https:\/\/www.adufpb.org.br\/site\/setor-das-ifes-define-calendario-de-luta-e-mobilizacao\/","title":{"rendered":"Setor das Ifes define calend\u00e1rio de luta e mobiliza\u00e7\u00e3o"},"content":{"rendered":"<p>Trinta e oito se\u00e7\u00f5es sindicais enviaram representantes para a reuni\u00e3o do setor das Ifes, em Bras\u00edlia, na qual foi avaliado o quadro de mobiliza\u00e7\u00e3o e definida a orienta\u00e7\u00e3o para os pr\u00f3ximos rumos da luta dos docentes das institui\u00e7\u00f5es federais de ensino superior. Ao todo, 65 docentes, sendo 58 das se\u00e7\u00f5es sindicais e 7 diretores do ANDES-SN, participaram da reuni\u00e3o desta sexta-feira, 30\/03.<\/p>\n<p>Segundo a professora Terezinha Diniz, que representou a ADUFPB na reuni\u00e3o do setor das Ifes, \u201cera vis\u00edvel a inquieta\u00e7\u00e3o dos professores durante a reuni\u00e3o com o MPOG. Os representantes das se\u00e7\u00f5es sindicais est\u00e3o insatisfeitos com as atitudes do governo, que vem tratando com descaso as negocia\u00e7\u00f5es e n\u00e3o apresentou na reuni\u00e3o uma proposta de retomada das negocia\u00e7\u00f5es em torno da carreira. O clima \u00e9 de total inquieta\u00e7\u00e3o\u201d, enfatizou a presidente em exerc\u00edcio da ADUFPB.<\/p>\n<p>CALEND\u00c1RIO<\/p>\n<p>A professora Terezinha Diniz destacou a pauta de delibera\u00e7\u00f5es do Setor das Federais, definida ap\u00f3s o encerramento da reuni\u00e3o em Bras\u00edlia, que ser\u00e1 conduzida pelas Se\u00e7\u00f5es Sindicais em todo o pa\u00eds:<\/p>\n<p>1) Per\u00edodo para rodada de Assembl\u00e9ias Gerais de 09 a 20\/04\/12;<\/p>\n<p>2) Manter participa\u00e7\u00e3o do GT de Negocia\u00e7\u00f5es (entidades e Governo) nas datas 13, 19 e 25\/04\/12;<\/p>\n<p>3) Aulas P\u00fablicas \u2013 Comunica\u00e7\u00e3o para dentro e para fora das Universidades no dia 13\/04.<\/p>\n<p>4) Pauta da Greve:\u00a0 pauta da categoria protocolada no MEC (aprovada no 31\u00ba Congresso do ANDES-SN) que valoriza a carreira docente como foco principal;<\/p>\n<p>5) Paralisa\u00e7\u00e3o dos Docentes em todas as Universidades Federais no dia 19 de abril de 2012.<\/p>\n<p>6) Reuni\u00e3o do Setor das Federais nos dias 21 e 22\/04\/12;<\/p>\n<p>7) Paralisa\u00e7\u00e3o no conjunto dos SPFs no dia 25 de abril de 2012;<\/p>\n<p>8- Congresso do CSP-CONLUTAS de 27 a 30\/04\/12; \u2013 Sumar\u00e9\/SP;<\/p>\n<p>9) Indicativo de Greve para o dia 15 DE MAIO DE 2012;<\/p>\n<p>ASCOM\/ADUFPB<\/p>\n","protected":false},"excerpt":{"rendered":"<p>Trinta e oito se\u00e7\u00f5es sindicais enviaram representantes para a reuni\u00e3o do setor das Ifes, em Bras\u00edlia, na qual foi avaliado o quadro de mobiliza\u00e7\u00e3o e definida a orienta\u00e7\u00e3o para os pr\u00f3ximos rumos da luta dos docentes das institui\u00e7\u00f5es federais de ensino superior. Ao todo, 65 docentes, sendo 58 das se\u00e7\u00f5es sindicais e 7 diretores do&hellip;<\/p>\n","protected":false},"author":1,"featured_media":0,"comment_status":"open","ping_status":"open","sticky":false,"template":"","format":"standard","meta":{"footnotes":""},"categories":[15],"tags":[],"class_list":["post-2765","post","type-post","status-publish","format-standard","hentry","category-noticias","category-15","description-off"],"_links":{"self":[{"href":"https:\/\/www.adufpb.org.br\/site\/wp-json\/wp\/v2\/posts\/2765","targetHints":{"allow":["GET"]}}],"collection":[{"href":"https:\/\/www.adufpb.org.br\/site\/wp-json\/wp\/v2\/posts"}],"about":[{"href":"https:\/\/www.adufpb.org.br\/site\/wp-json\/wp\/v2\/types\/post"}],"author":[{"embeddable":true,"href":"https:\/\/www.adufpb.org.br\/site\/wp-json\/wp\/v2\/users\/1"}],"replies":[{"embeddable":true,"href":"https:\/\/www.adufpb.org.br\/site\/wp-json\/wp\/v2\/comments?post=2765"}],"version-history":[{"count":3,"href":"https:\/\/www.adufpb.org.br\/site\/wp-json\/wp\/v2\/posts\/2765\/revisions"}],"predecessor-version":[{"id":2773,"href":"https:\/\/www.adufpb.org.br\/site\/wp-json\/wp\/v2\/posts\/2765\/revisions\/2773"}],"wp:attachment":[{"href":"https:\/\/www.adufpb.org.br\/site\/wp-json\/wp\/v2\/media?parent=2765"}],"wp:term":[{"taxonomy":"category","embeddable":true,"href":"https:\/\/www.adufpb.org.br\/site\/wp-json\/wp\/v2\/categories?post=2765"},{"taxonomy":"post_tag","embeddable":true,"href":"https:\/\/www.adufpb.org.br\/site\/wp-json\/wp\/v2\/tags?post=2765"}],"curies":[{"name":"wp","href":"https:\/\/api.w.org\/{rel}","templated":true}]}}