{"id":2760,"date":"2012-03-30T07:54:26","date_gmt":"2012-03-30T11:54:26","guid":{"rendered":"http:\/\/www.adufpb.org.br\/site\/?p=2760"},"modified":"2012-03-30T07:54:26","modified_gmt":"2012-03-30T11:54:26","slug":"nota-de-pesar-14","status":"publish","type":"post","link":"https:\/\/www.adufpb.org.br\/site\/nota-de-pesar-14\/","title":{"rendered":"NOTA DE PESAR"},"content":{"rendered":"<p><a href=\"http:\/\/www.adufpb.org.br\/site\/wp-content\/uploads\/2012\/03\/efemero-adeus11.jpg\"><img loading=\"lazy\" decoding=\"async\" class=\"alignleft size-medium wp-image-2762\" title=\"efemero-adeus1\" src=\"http:\/\/www.adufpb.org.br\/site\/wp-content\/uploads\/2012\/03\/efemero-adeus11-300x223.jpg\" alt=\"\" width=\"300\" height=\"223\" srcset=\"https:\/\/www.adufpb.org.br\/site\/wp-content\/uploads\/2012\/03\/efemero-adeus11-300x223.jpg 300w, https:\/\/www.adufpb.org.br\/site\/wp-content\/uploads\/2012\/03\/efemero-adeus11.jpg 780w\" sizes=\"auto, (max-width: 300px) 100vw, 300px\" \/><\/a>A Diretoria Executiva da ADUFPB vem a p\u00fablico manifestar o seu profundo pesar pelo falecimento, ocorrido hoje, dia 30 de mar\u00e7o de 2012, da professora, aposentada do Departamento de Ci\u00eancias Sociais, da Universidade Federal da Para\u00edba, S\u00c2NIA MARIA RODRIGUES BEZERRA. Estendemos os p\u00easames \u00e0 fam\u00edlia e amigos. A professora<br \/>\nS\u00e2nia foi s\u00f3cia-fundadora da ADUFPB.<\/p>\n<p>O vel\u00f3rio est\u00e1 acontecendo no Morada da Paz, na avenida Jo\u00e3o Machado, 1.214, em Jo\u00e3o Pessoa.<\/p>\n<p>Jo\u00e3o Pessoa, 30 de mar\u00e7o de 2012.<\/p>\n<p>DIRETORIA EXECUTIVA<\/p>\n","protected":false},"excerpt":{"rendered":"<p>A Diretoria Executiva da ADUFPB vem a p\u00fablico manifestar o seu profundo pesar pelo falecimento, ocorrido hoje, dia 30 de mar\u00e7o de 2012, da professora, aposentada do Departamento de Ci\u00eancias Sociais, da Universidade Federal da Para\u00edba, S\u00c2NIA MARIA RODRIGUES BEZERRA. Estendemos os p\u00easames \u00e0 fam\u00edlia e amigos. A professora S\u00e2nia foi s\u00f3cia-fundadora da ADUFPB. O&hellip;<\/p>\n","protected":false},"author":1,"featured_media":0,"comment_status":"open","ping_status":"open","sticky":false,"template":"","format":"standard","meta":{"footnotes":""},"categories":[15],"tags":[],"class_list":["post-2760","post","type-post","status-publish","format-standard","hentry","category-noticias","category-15","description-off"],"_links":{"self":[{"href":"https:\/\/www.adufpb.org.br\/site\/wp-json\/wp\/v2\/posts\/2760","targetHints":{"allow":["GET"]}}],"collection":[{"href":"https:\/\/www.adufpb.org.br\/site\/wp-json\/wp\/v2\/posts"}],"about":[{"href":"https:\/\/www.adufpb.org.br\/site\/wp-json\/wp\/v2\/types\/post"}],"author":[{"embeddable":true,"href":"https:\/\/www.adufpb.org.br\/site\/wp-json\/wp\/v2\/users\/1"}],"replies":[{"embeddable":true,"href":"https:\/\/www.adufpb.org.br\/site\/wp-json\/wp\/v2\/comments?post=2760"}],"version-history":[{"count":1,"href":"https:\/\/www.adufpb.org.br\/site\/wp-json\/wp\/v2\/posts\/2760\/revisions"}],"predecessor-version":[{"id":2763,"href":"https:\/\/www.adufpb.org.br\/site\/wp-json\/wp\/v2\/posts\/2760\/revisions\/2763"}],"wp:attachment":[{"href":"https:\/\/www.adufpb.org.br\/site\/wp-json\/wp\/v2\/media?parent=2760"}],"wp:term":[{"taxonomy":"category","embeddable":true,"href":"https:\/\/www.adufpb.org.br\/site\/wp-json\/wp\/v2\/categories?post=2760"},{"taxonomy":"post_tag","embeddable":true,"href":"https:\/\/www.adufpb.org.br\/site\/wp-json\/wp\/v2\/tags?post=2760"}],"curies":[{"name":"wp","href":"https:\/\/api.w.org\/{rel}","templated":true}]}}