{"id":27599,"date":"2022-09-19T09:52:54","date_gmt":"2022-09-19T12:52:54","guid":{"rendered":"https:\/\/www.adufpb.org.br\/site\/?p=27599"},"modified":"2022-09-19T09:53:37","modified_gmt":"2022-09-19T12:53:37","slug":"nota-a-comunidade-academica-da-ufpb-2","status":"publish","type":"post","link":"https:\/\/www.adufpb.org.br\/site\/nota-a-comunidade-academica-da-ufpb-2\/","title":{"rendered":"NOTA \u00c0 COMUNIDADE ACAD\u00caMICA DA UFPB"},"content":{"rendered":"<p>As entidades representativas de docentes, servidores t\u00e9cnico-administrativos e estudantes da Universidade Federal da Para\u00edba correm s\u00e9rio risco de serem expulsas da UFPB pela gest\u00e3o do Sr. Valdiney Gouveia. Recentemente, o SINTESPB \u2013 Sindicato dos Trabalhadores em Ensino Superior da Para\u00edba foi intimado judicialmente a pagar \u00e0 universidade a exorbitante quantia de R$ 2.287.251,55, alegadamente referente a \u201calugu\u00e9is atrasados\u201d de sua sede administrativa no Campus. Cobran\u00e7as abusivas semelhantes foram apresentadas \u00e0 ADUFPB e ao DCE.<br \/>\nOra, o SINTESPB e a ADUFPB nunca deixaram de cumprir seus compromissos junto \u00e0 administra\u00e7\u00e3o da universidade, assim como nunca se negaram a dialogar com esta gest\u00e3o, nem com as anteriores, sobre o pagamento pela ocupa\u00e7\u00e3o de espa\u00e7o na UFPB. Somos entidades representativas dos trabalhadores desta institui\u00e7\u00e3o, reconhecidas constitucionalmente, registradas no Minist\u00e9rio do Trabalho e Previd\u00eancia e no Minist\u00e9rio da Economia. Foi cumprindo com responsabilidade nosso papel de defender os interesses e direitos dos representados que constru\u00edmos uma hist\u00f3ria de luta em nossa universidade.<br \/>\nO que n\u00e3o podemos aceitar \u00e9 uma cobran\u00e7a de valores irreais, baseada em crit\u00e9rios arbitr\u00e1rios, que colocam em p\u00e9 de igualdade entidades sem fins lucrativos, como sindicatos e associa\u00e7\u00f5es de categorias, e os bancos instalados no Campus, institui\u00e7\u00f5es que lucram dezenas de bilh\u00f5es de reais por ano. N\u00e3o reconhecer a distin\u00e7\u00e3o \u00f3bvia entre as finalidades das nossas entidades e aquelas das institui\u00e7\u00f5es financeiras \u00e9 assumir uma l\u00f3gica de mercado incompat\u00edvel com a pr\u00f3pria luta que fazemos h\u00e1 d\u00e9cadas em prol da universidade p\u00fablica e gratuita. Tamb\u00e9m \u00e9 de se estranhar que a cobran\u00e7a apresentada pela atual administra\u00e7\u00e3o central se refira a gest\u00f5es passadas, quando a ocupa\u00e7\u00e3o do solo por nossas entidades se dava em regime de comodato, acordado com os ex-reitores da UFPB.<br \/>\nO que nos parece \u00e9 que tal iniciativa se d\u00e1 por persegui\u00e7\u00e3o a organiza\u00e7\u00f5es sociais que pautam sua atua\u00e7\u00e3o na defesa intransigente do Estado democr\u00e1tico e de direito, que lutam pelos direitos dos trabalhadores e pela manuten\u00e7\u00e3o dos princ\u00edpios constitucionais da Educa\u00e7\u00e3o P\u00fablica \u2013 gratuita, laica e socialmente referenciada. Nossas institui\u00e7\u00f5es representativas possuem legitimidade democr\u00e1tica e desfrutam do devido reconhecimento e respeito para falar em nome de nossos associados. Talvez, por isso, tenhamos despertado a aten\u00e7\u00e3o da atual administra\u00e7\u00e3o para nossa presen\u00e7a no Campus.<br \/>\nQueremos, portanto, denunciar a grave situa\u00e7\u00e3o a que estamos sendo submetidos e reafirmar nosso interesse em permanecermos pr\u00f3ximos \u00e0s nossas bases, ocupando os espa\u00e7os historicamente conquistados pelos docentes e t\u00e9cnico-administrativos dentro do Campus da Universidade Federal da Para\u00edba, a universidade na qual trabalhamos e pela qual lutamos.<\/p>\n<p>Jo\u00e3o Pessoa, Para\u00edba &#8211; 16 de setembro de 2022<\/p>\n<p>ADUFPB &#8211; Se\u00e7\u00e3o Sindical do ANDES-SN (Sindicato dos Docentes da UFPB)<\/p>\n<p>SINTESPB &#8211; Sindicato dos Servidores T\u00e9cnicos Administrativos da UFPB<\/p>\n<p>&nbsp;<\/p>\n<p><img loading=\"lazy\" decoding=\"async\" class=\"alignleft size-medium wp-image-27601\" src=\"https:\/\/www.adufpb.org.br\/site\/wp-content\/uploads\/2022\/09\/NOTA-CONJUNTA-ADUFPB-E-SINTESPB-PERMISSIONARIOS-SET-2022-site-212x300.jpg\" alt=\"\" width=\"212\" height=\"300\" srcset=\"https:\/\/www.adufpb.org.br\/site\/wp-content\/uploads\/2022\/09\/NOTA-CONJUNTA-ADUFPB-E-SINTESPB-PERMISSIONARIOS-SET-2022-site-212x300.jpg 212w, https:\/\/www.adufpb.org.br\/site\/wp-content\/uploads\/2022\/09\/NOTA-CONJUNTA-ADUFPB-E-SINTESPB-PERMISSIONARIOS-SET-2022-site-725x1024.jpg 725w, https:\/\/www.adufpb.org.br\/site\/wp-content\/uploads\/2022\/09\/NOTA-CONJUNTA-ADUFPB-E-SINTESPB-PERMISSIONARIOS-SET-2022-site-768x1085.jpg 768w, https:\/\/www.adufpb.org.br\/site\/wp-content\/uploads\/2022\/09\/NOTA-CONJUNTA-ADUFPB-E-SINTESPB-PERMISSIONARIOS-SET-2022-site-1087x1536.jpg 1087w, https:\/\/www.adufpb.org.br\/site\/wp-content\/uploads\/2022\/09\/NOTA-CONJUNTA-ADUFPB-E-SINTESPB-PERMISSIONARIOS-SET-2022-site-250x353.jpg 250w, https:\/\/www.adufpb.org.br\/site\/wp-content\/uploads\/2022\/09\/NOTA-CONJUNTA-ADUFPB-E-SINTESPB-PERMISSIONARIOS-SET-2022-site.jpg 1181w\" sizes=\"auto, (max-width: 212px) 100vw, 212px\" \/><\/p>\n","protected":false},"excerpt":{"rendered":"<p>As entidades representativas de docentes, servidores t\u00e9cnico-administrativos e estudantes da Universidade Federal da Para\u00edba correm s\u00e9rio risco de serem expulsas da UFPB pela gest\u00e3o do Sr. Valdiney Gouveia. Recentemente, o SINTESPB \u2013 Sindicato dos Trabalhadores em Ensino Superior da Para\u00edba foi intimado judicialmente a pagar \u00e0 universidade a exorbitante quantia de R$ 2.287.251,55, alegadamente referente&hellip;<\/p>\n","protected":false},"author":4,"featured_media":0,"comment_status":"closed","ping_status":"closed","sticky":false,"template":"","format":"standard","meta":{"footnotes":""},"categories":[15],"tags":[],"class_list":["post-27599","post","type-post","status-publish","format-standard","hentry","category-noticias","category-15","description-off"],"_links":{"self":[{"href":"https:\/\/www.adufpb.org.br\/site\/wp-json\/wp\/v2\/posts\/27599","targetHints":{"allow":["GET"]}}],"collection":[{"href":"https:\/\/www.adufpb.org.br\/site\/wp-json\/wp\/v2\/posts"}],"about":[{"href":"https:\/\/www.adufpb.org.br\/site\/wp-json\/wp\/v2\/types\/post"}],"author":[{"embeddable":true,"href":"https:\/\/www.adufpb.org.br\/site\/wp-json\/wp\/v2\/users\/4"}],"replies":[{"embeddable":true,"href":"https:\/\/www.adufpb.org.br\/site\/wp-json\/wp\/v2\/comments?post=27599"}],"version-history":[{"count":3,"href":"https:\/\/www.adufpb.org.br\/site\/wp-json\/wp\/v2\/posts\/27599\/revisions"}],"predecessor-version":[{"id":27604,"href":"https:\/\/www.adufpb.org.br\/site\/wp-json\/wp\/v2\/posts\/27599\/revisions\/27604"}],"wp:attachment":[{"href":"https:\/\/www.adufpb.org.br\/site\/wp-json\/wp\/v2\/media?parent=27599"}],"wp:term":[{"taxonomy":"category","embeddable":true,"href":"https:\/\/www.adufpb.org.br\/site\/wp-json\/wp\/v2\/categories?post=27599"},{"taxonomy":"post_tag","embeddable":true,"href":"https:\/\/www.adufpb.org.br\/site\/wp-json\/wp\/v2\/tags?post=27599"}],"curies":[{"name":"wp","href":"https:\/\/api.w.org\/{rel}","templated":true}]}}