{"id":2755,"date":"2012-03-29T15:24:34","date_gmt":"2012-03-29T19:24:34","guid":{"rendered":"http:\/\/www.adufpb.org.br\/site\/?p=2755"},"modified":"2012-03-29T15:24:34","modified_gmt":"2012-03-29T19:24:34","slug":"sesu-diz-que-reestruturacao-da-carreira-docente-e-prioridade","status":"publish","type":"post","link":"https:\/\/www.adufpb.org.br\/site\/sesu-diz-que-reestruturacao-da-carreira-docente-e-prioridade\/","title":{"rendered":"Sesu diz que reestrutura\u00e7\u00e3o da carreira docente \u00e9 prioridade"},"content":{"rendered":"<p><span style=\"font-family: Arial;\"><span><a href=\"http:\/\/www.adufpb.org.br\/site\/wp-content\/uploads\/2012\/03\/sisu-ult-1828784216.jpg\"><img loading=\"lazy\" decoding=\"async\" class=\"alignleft size-medium wp-image-2756\" title=\"sisu-ult-1828784216\" src=\"http:\/\/www.adufpb.org.br\/site\/wp-content\/uploads\/2012\/03\/sisu-ult-1828784216-300x200.jpg\" alt=\"\" width=\"300\" height=\"200\" srcset=\"https:\/\/www.adufpb.org.br\/site\/wp-content\/uploads\/2012\/03\/sisu-ult-1828784216-300x200.jpg 300w, https:\/\/www.adufpb.org.br\/site\/wp-content\/uploads\/2012\/03\/sisu-ult-1828784216.jpg 450w\" sizes=\"auto, (max-width: 300px) 100vw, 300px\" \/><\/a>O secret\u00e1rio do Ensino Superior do Minist\u00e9rio da Educa\u00e7\u00e3o (Sesu\/MEC), Amaro Lins, declarou priorit\u00e1ria a negocia\u00e7\u00e3o para a reestrutura\u00e7\u00e3o da carreira do professor federal. A fala foi feita durante reuni\u00e3o com diretores do ANDES-SN nesta quarta-feira (28) para tratar do tema.<\/p>\n<p>\u201cTodos concordamos que a remunera\u00e7\u00e3o \u00e9 ruim. Precisamos de uma carreira que atraia os jovens e que reconhe\u00e7a o que j\u00e1 foi feito pelas universidades at\u00e9 hoje\u201d, avaliou Lins. O chefe da Sesu disse ainda acreditar que a negocia\u00e7\u00e3o deva ser de longo prazo e separada da discuss\u00e3o de reajuste salarial.<\/p>\n<p>O ANDES-SN fez um resgate do que foi tratado at\u00e9 o momento e apresentou ao secret\u00e1rio do MEC o plano de carreira defendido pela entidade. \u201cO conceito de 13 n\u00edveis com steps de 5% remete ao PUCRCE\u201d, observou Luiz Henrique Schuch, 1\u00ba vice-presidente do Sindicato Nacional, fazendo refer\u00eancia ao Plano \u00danico de Classifica\u00e7\u00e3o e Retribui\u00e7\u00e3o de Cargos e Empregos, criado em 1987.<\/p>\n<p>Marina Barbosa, presidente do ANDES-SN, lembrou tamb\u00e9m que o projeto de carreira defendido pela entidade preserva a autonomia universit\u00e1ria e a indissociabilidade entre pesquisa, ensino e extens\u00e3o, buscando a manuten\u00e7\u00e3o do padr\u00e3o de qualidade.<\/p>\n<p>\u201cA nossa proposta prev\u00ea a unifica\u00e7\u00e3o das carreiras e cargos do professor federal e valoriza a dedica\u00e7\u00e3o exclusiva como regime de trabalho priorit\u00e1rio. Trabalho igual, em regime igual, tem que ter sal\u00e1rio igual\u201d, concluiu Marina, em rela\u00e7\u00e3o ao tratamento diferenciado dado \u00e0s carreiras do Magist\u00e9rio Superior e Ebtt.<\/p>\n<p>Lins observou que h\u00e1 concord\u00e2ncia em v\u00e1rios pontos, e disse que o impacto financeiro da reestrutura\u00e7\u00e3o \u00e9 um elemento que precisa ser enfrentado durante a negocia\u00e7\u00e3o. Segundo ele, um ponto de impasse ser\u00e1 a discuss\u00e3o acerca da paridade e isonomia entre ativos e aposentados presentes na proposta de transposi\u00e7\u00e3o apresentada pelo sindicato. Os diretores do ANDES-SN foram veementes ao afirmar que n\u00e3o abrem m\u00e3o deste ponto.<\/p>\n<p>O ANDES-SN reafirmou a necessidade de uma agenda permanente com a Sesu para tratar outros temas que tamb\u00e9m s\u00e3o prioridade para o Sindicato Nacional como autonomia universit\u00e1ria, pesquisa e financiamento nas institui\u00e7\u00f5es, os Col\u00e9gios de Aplica\u00e7\u00e3o e Cefets, entre outros. Lins solicitou que a entidade encaminhasse proposta de datas e temas \u00e0 Sesu.<\/span><\/span><\/p>\n<p>Fonte: Andes-SN<\/p>\n<div align=\"right\"><span style=\"font-family: Arial;\"><strong><br \/>\n<\/strong><\/span><\/div>\n","protected":false},"excerpt":{"rendered":"<p>O secret\u00e1rio do Ensino Superior do Minist\u00e9rio da Educa\u00e7\u00e3o (Sesu\/MEC), Amaro Lins, declarou priorit\u00e1ria a negocia\u00e7\u00e3o para a reestrutura\u00e7\u00e3o da carreira do professor federal. A fala foi feita durante reuni\u00e3o com diretores do ANDES-SN nesta quarta-feira (28) para tratar do tema. \u201cTodos concordamos que a remunera\u00e7\u00e3o \u00e9 ruim. Precisamos de uma carreira que atraia os&hellip;<\/p>\n","protected":false},"author":1,"featured_media":0,"comment_status":"open","ping_status":"open","sticky":false,"template":"","format":"standard","meta":{"footnotes":""},"categories":[15],"tags":[],"class_list":["post-2755","post","type-post","status-publish","format-standard","hentry","category-noticias","category-15","description-off"],"_links":{"self":[{"href":"https:\/\/www.adufpb.org.br\/site\/wp-json\/wp\/v2\/posts\/2755","targetHints":{"allow":["GET"]}}],"collection":[{"href":"https:\/\/www.adufpb.org.br\/site\/wp-json\/wp\/v2\/posts"}],"about":[{"href":"https:\/\/www.adufpb.org.br\/site\/wp-json\/wp\/v2\/types\/post"}],"author":[{"embeddable":true,"href":"https:\/\/www.adufpb.org.br\/site\/wp-json\/wp\/v2\/users\/1"}],"replies":[{"embeddable":true,"href":"https:\/\/www.adufpb.org.br\/site\/wp-json\/wp\/v2\/comments?post=2755"}],"version-history":[{"count":1,"href":"https:\/\/www.adufpb.org.br\/site\/wp-json\/wp\/v2\/posts\/2755\/revisions"}],"predecessor-version":[{"id":2757,"href":"https:\/\/www.adufpb.org.br\/site\/wp-json\/wp\/v2\/posts\/2755\/revisions\/2757"}],"wp:attachment":[{"href":"https:\/\/www.adufpb.org.br\/site\/wp-json\/wp\/v2\/media?parent=2755"}],"wp:term":[{"taxonomy":"category","embeddable":true,"href":"https:\/\/www.adufpb.org.br\/site\/wp-json\/wp\/v2\/categories?post=2755"},{"taxonomy":"post_tag","embeddable":true,"href":"https:\/\/www.adufpb.org.br\/site\/wp-json\/wp\/v2\/tags?post=2755"}],"curies":[{"name":"wp","href":"https:\/\/api.w.org\/{rel}","templated":true}]}}