{"id":2734,"date":"2012-03-27T11:08:33","date_gmt":"2012-03-27T15:08:33","guid":{"rendered":"http:\/\/www.adufpb.org.br\/site\/?p=2734"},"modified":"2012-03-27T11:27:47","modified_gmt":"2012-03-27T15:27:47","slug":"trajetoria-da-ufpb-nos-anos-90-e-discutida-na-adufpb","status":"publish","type":"post","link":"https:\/\/www.adufpb.org.br\/site\/trajetoria-da-ufpb-nos-anos-90-e-discutida-na-adufpb\/","title":{"rendered":"Trajet\u00f3ria da UFPB nos anos 90 \u00e9 discutida na ADUFPB"},"content":{"rendered":"<p>Diferentes pontos de vista sobre a viv\u00eancia do meio acad\u00eamico na d\u00e9cada de 1990 foram apresentados e debatidos na manh\u00e3 desta ter\u00e7a-feira (28\/03) na sede da ADUFPB. O painel \u201cMem\u00f3ria dos 1990 na UFPB\u201d foi a terceira-mesa redonda promovida pelo sindicato com o objetivo de resgatar a trajet\u00f3ria da institui\u00e7\u00e3o sob o \u00e2ngulo dos docentes e tamb\u00e9m dos servidores t\u00e9cnicos.<\/p>\n<p>A mesa-redonda ficou sob a responsabilidade dos professores Ivan Targino e Socorro Xavier e do servidor t\u00e9cnico Fernando Abath. A professora Terezinha Diniz, presidente interina da ADUFPB, destacou a import\u00e2ncia da atividade: \u201c\u00e9 riqu\u00edssima essa intera\u00e7\u00e3o entre professores e servidores. \u00c9 ponto de honra ouvirmos os debatedores, pois \u00e9 uma experi\u00eancia que nos enriquece e empolga, ao revivermos as hist\u00f3rias contadas.\u201d<br \/>\n<a href=\"http:\/\/www.adufpb.org.br\/site\/wp-content\/uploads\/2012\/03\/Socorro-Xavier.jpg\"><img loading=\"lazy\" decoding=\"async\" class=\"alignleft size-medium wp-image-2736\" title=\"Socorro Xavier\" src=\"http:\/\/www.adufpb.org.br\/site\/wp-content\/uploads\/2012\/03\/Socorro-Xavier-224x300.jpg\" alt=\"\" width=\"224\" height=\"300\" srcset=\"https:\/\/www.adufpb.org.br\/site\/wp-content\/uploads\/2012\/03\/Socorro-Xavier-224x300.jpg 224w, https:\/\/www.adufpb.org.br\/site\/wp-content\/uploads\/2012\/03\/Socorro-Xavier-767x1024.jpg 767w, https:\/\/www.adufpb.org.br\/site\/wp-content\/uploads\/2012\/03\/Socorro-Xavier.jpg 1417w\" sizes=\"auto, (max-width: 224px) 100vw, 224px\" \/><\/a><\/p>\n<p>A primeira a explorar o tema foi a professora Socorro Xavier. A docente destacou uma vis\u00e3o macro do per\u00edodo, abordando fundamentalmente a pol\u00edtica e os projetos governamentais para o ensino superior no pa\u00eds. \u201cFoi uma d\u00e9cada marcada pelo neoliberalismo de FHC e Collor, que pregavam a redu\u00e7\u00e3o do Estado. Nessa perspectiva, uma das propostas para as universidades era um modelo de organiza\u00e7\u00e3o social que tivesse recursos p\u00fablicos, mas que contasse tamb\u00e9m com recursos capitalizados pela iniciativa privada\u201d, lembrou, acrescentando que essa id\u00e9ia j\u00e1 vinha desde os tempos da ditadura militar.<\/p>\n<p>Tamb\u00e9m houve nessa \u00e9poca, continuou Socorro, \u201cum ponto central de contradi\u00e7\u00f5es das lutas e dos movimentos, j\u00e1 que o governo queria privatizar as universidades e os docentes e estudantes, n\u00e3o\u201d. Estagna\u00e7\u00e3o na oferta de vagas nas universidades p\u00fablicas, ao passo que nas institui\u00e7\u00f5es privadas essa oferta ia num crescente e flexibiliza\u00e7\u00e3o de novas modalidades de cursos \u2013 com formato de curr\u00edculos flexibilizados \u2013 que deu liberdade para as faculdades particulares criarem seus cursos foram outros pontos citados pela debatedora.<\/p>\n<p>\u201cP\u00f3s 1985, com o fim formal da ditadura militar, o Brasil, e particularmente na UFPB, viv\u00edamos um ardente desejo de reencontro com a democracia\u201d, destacou logo no in\u00edcio de sua fala, o servidor t\u00e9cnico Fernando Abath, que trabalha na UFPB h\u00e1 mais de 34 anos. Apoiado nessa viv\u00eancia, Abath relembrou as lutas nas quais a categoria estava engajada naquela \u00e9poca: pol\u00edtica de desenvolvimento para os servidores t\u00e9cnicos-administrativos; forma\u00e7\u00e3o e capacita\u00e7\u00e3o; participa\u00e7\u00e3o na gest\u00e3o, nos colegiados, conselhos superiores e na vida universit\u00e1ria; Plano de Carreira, cargos e sal\u00e1rios; melhoria nas condi\u00e7\u00f5es de vida e trabalho; consulta para reitor que se esgotasse no \u00e2mbito da institui\u00e7\u00e3o; convoca\u00e7\u00e3o para uma estatuinte e programa de sa\u00fade ocupacional. <a href=\"http:\/\/www.adufpb.org.br\/site\/wp-content\/uploads\/2012\/03\/FERNANDO-ABATH.jpg\"><img loading=\"lazy\" decoding=\"async\" class=\"alignright size-medium wp-image-2737\" title=\"FERNANDO ABATH\" src=\"http:\/\/www.adufpb.org.br\/site\/wp-content\/uploads\/2012\/03\/FERNANDO-ABATH-231x300.jpg\" alt=\"\" width=\"231\" height=\"300\" srcset=\"https:\/\/www.adufpb.org.br\/site\/wp-content\/uploads\/2012\/03\/FERNANDO-ABATH-231x300.jpg 231w, https:\/\/www.adufpb.org.br\/site\/wp-content\/uploads\/2012\/03\/FERNANDO-ABATH-788x1024.jpg 788w, https:\/\/www.adufpb.org.br\/site\/wp-content\/uploads\/2012\/03\/FERNANDO-ABATH.jpg 1417w\" sizes=\"auto, (max-width: 231px) 100vw, 231px\" \/><\/a><\/p>\n<p>\u201cA d\u00e9cada de 90 inicia com a cria\u00e7\u00e3o de v\u00e1rios programas de p\u00f3s-gradua\u00e7\u00e3o, consolidando a UFPB tamb\u00e9m como centro de pesquisas\u201d, avaliou, citando como destaque a Resolu\u00e7\u00e3o 58\/90 que criou o doutorado em Letras, no CCHLA.<br \/>\nFernando Abath ainda elencou outra s\u00e9rie de acontecimentos que marcaram a d\u00e9cada, a exemplo da cria\u00e7\u00e3o de cursos t\u00e9cnicos; da institui\u00e7\u00e3o de gratuidade no Restaurante Universit\u00e1rio; da constru\u00e7\u00e3o f\u00edsica das sedes do Sintesp-PB e da ADUFPB no Campus I; al\u00e9m das resolu\u00e7\u00f5es que criaram o Hospital Universit\u00e1rio Alcides Carneiro (UAC, em Campina Grande), a Superintend\u00eancia de Recursos Humanos (SRH), a Divis\u00e3o de Meio Ambiente na Prefeitura Universit\u00e1ria e o Museu do Brejo Paraibano. \u201cForam muitas as conquistas e muitas froam as lutas n\u00e3o vencidas, Segundo Neroaldo Pontes, nunca foi t\u00e3o bonito, nunca foi t\u00e3o dif\u00edcil\u201d, finalizou.<\/p>\n<p>O professor Ivan Targino iniciou a fala destacando que vivencia a UFPB desde a d\u00e9cada de 1970, primeiro como professor do Departamento de Economia, depois, j\u00e1 nos anos 1990, integrando a Pro-reitoria (antiga PRAC), no reitorado de Neroaldo Pontes (1992-1996). \u201cSob o ponto de vista de quem estava com a m\u00e3o na massa, foram anos dif\u00edceis, tanto interna como externamente para as institui\u00e7\u00f5es de ensino e para a UFPB. O reitorado do professor Sobrinho foi conturbado, al\u00e9m de ter sido o per\u00edodo do governo Collor \u201d, contou. O movimento docente, continuou, \u201cteve papel importante, foram feitas severas cr\u00edticas ao reitorado e foi quando criou-se for\u00e7a na propositura para a candidatura de Neroaldo Pontes\u201d.<\/p>\n<p><a href=\"http:\/\/www.adufpb.org.br\/site\/wp-content\/uploads\/2012\/03\/IVAN-TARGINO.jpg\"><img loading=\"lazy\" decoding=\"async\" class=\"alignleft size-medium wp-image-2738\" title=\"IVAN TARGINO\" src=\"http:\/\/www.adufpb.org.br\/site\/wp-content\/uploads\/2012\/03\/IVAN-TARGINO-222x300.jpg\" alt=\"\" width=\"222\" height=\"300\" srcset=\"https:\/\/www.adufpb.org.br\/site\/wp-content\/uploads\/2012\/03\/IVAN-TARGINO-222x300.jpg 222w, https:\/\/www.adufpb.org.br\/site\/wp-content\/uploads\/2012\/03\/IVAN-TARGINO-758x1024.jpg 758w, https:\/\/www.adufpb.org.br\/site\/wp-content\/uploads\/2012\/03\/IVAN-TARGINO.jpg 1464w\" sizes=\"auto, (max-width: 222px) 100vw, 222px\" \/><\/a>A quest\u00e3o dos 84,2% na justi\u00e7a permeou todo o reitorado de Pontes, segundo relembrou o professor Ivan: \u201ca UFPB teve que recorrer e todo dia havia uma novidade sobre esse caso. Mas, o per\u00edodo tamb\u00e9m gerou ganhos como resgate institucional das atividades acad\u00eamicas e a expans\u00e3o dos programas de inicia\u00e7\u00e3o cient\u00edfica com bolsas de estudo\u201d.<\/p>\n<p>&nbsp;<\/p>\n","protected":false},"excerpt":{"rendered":"<p>Diferentes pontos de vista sobre a viv\u00eancia do meio acad\u00eamico na d\u00e9cada de 1990 foram apresentados e debatidos na manh\u00e3 desta ter\u00e7a-feira (28\/03) na sede da ADUFPB. O painel \u201cMem\u00f3ria dos 1990 na UFPB\u201d foi a terceira-mesa redonda promovida pelo sindicato com o objetivo de resgatar a trajet\u00f3ria da institui\u00e7\u00e3o sob o \u00e2ngulo dos docentes&hellip;<\/p>\n","protected":false},"author":1,"featured_media":0,"comment_status":"open","ping_status":"open","sticky":false,"template":"","format":"standard","meta":{"footnotes":""},"categories":[15],"tags":[],"class_list":["post-2734","post","type-post","status-publish","format-standard","hentry","category-noticias","category-15","description-off"],"_links":{"self":[{"href":"https:\/\/www.adufpb.org.br\/site\/wp-json\/wp\/v2\/posts\/2734","targetHints":{"allow":["GET"]}}],"collection":[{"href":"https:\/\/www.adufpb.org.br\/site\/wp-json\/wp\/v2\/posts"}],"about":[{"href":"https:\/\/www.adufpb.org.br\/site\/wp-json\/wp\/v2\/types\/post"}],"author":[{"embeddable":true,"href":"https:\/\/www.adufpb.org.br\/site\/wp-json\/wp\/v2\/users\/1"}],"replies":[{"embeddable":true,"href":"https:\/\/www.adufpb.org.br\/site\/wp-json\/wp\/v2\/comments?post=2734"}],"version-history":[{"count":4,"href":"https:\/\/www.adufpb.org.br\/site\/wp-json\/wp\/v2\/posts\/2734\/revisions"}],"predecessor-version":[{"id":2742,"href":"https:\/\/www.adufpb.org.br\/site\/wp-json\/wp\/v2\/posts\/2734\/revisions\/2742"}],"wp:attachment":[{"href":"https:\/\/www.adufpb.org.br\/site\/wp-json\/wp\/v2\/media?parent=2734"}],"wp:term":[{"taxonomy":"category","embeddable":true,"href":"https:\/\/www.adufpb.org.br\/site\/wp-json\/wp\/v2\/categories?post=2734"},{"taxonomy":"post_tag","embeddable":true,"href":"https:\/\/www.adufpb.org.br\/site\/wp-json\/wp\/v2\/tags?post=2734"}],"curies":[{"name":"wp","href":"https:\/\/api.w.org\/{rel}","templated":true}]}}