{"id":27143,"date":"2022-07-27T17:00:07","date_gmt":"2022-07-27T20:00:07","guid":{"rendered":"https:\/\/www.adufpb.org.br\/site\/?p=27143"},"modified":"2022-08-10T16:33:01","modified_gmt":"2022-08-10T19:33:01","slug":"delegacao-da-adufpb-avalia-deliberacoes-do-65o-conad-em-boletim-do-sindicato","status":"publish","type":"post","link":"https:\/\/www.adufpb.org.br\/site\/delegacao-da-adufpb-avalia-deliberacoes-do-65o-conad-em-boletim-do-sindicato\/","title":{"rendered":"Delega\u00e7\u00e3o da ADUFPB avalia delibera\u00e7\u00f5es do 65\u00ba Conad em boletim do sindicato"},"content":{"rendered":"<p>No mais recente Boletim da ADUFPB, a delega\u00e7\u00e3o que participou do 65\u00ba Conad &#8211; ocorrido em Vit\u00f3ria da Conquista (BA), entre os dias 15 e 17 deste m\u00eas &#8211; avalia a postura &#8220;fantasiosamente&#8221; neutra e isenta do ANDES em rela\u00e7\u00e3o \u00e0s elei\u00e7\u00f5es de outubro pr\u00f3ximo. Para a delega\u00e7\u00e3o, \u00e9 uma conduta que &#8220;confirma o descolamento do ANDES de sua base, sobretudo de sess\u00f5es sindicais que possuem expressiva representatividade e hist\u00f3ria de luta&#8221;. Ainda de acordo com a avalia\u00e7\u00e3o, o &#8220;Conad demonstrou que o burocratismo e o formalismo podem ser resistentes, mas n\u00e3o se sustentam eternamente mediante os conte\u00fados inevit\u00e1veis que a vida real nos apresenta&#8221;.<\/p>\n<p><a href=\"https:\/\/www.adufpb.org.br\/site\/wp-content\/uploads\/2022\/07\/BOLETIM-ADUFPB-218-27-JUL-2022.pdf\" target=\"_blank\" rel=\"noopener noreferrer\">Clique aqui para para acessar o boletim em formato PDF.<\/a><\/p>\n<p>Leia o texto na \u00edntegra:<\/p>\n<blockquote>\n<h2 style=\"text-align: center;\">ANDES mais uma vez se esquiva como t\u00e1tica pol\u00edtica sindical<\/h2>\n<p>O que se viu do ANDES-SN em seu \u00faltimo Conad, na fria Vit\u00f3ria da Conquista (BA), foi uma parte da categoria docente inquieta e frustrada diante de uma posi\u00e7\u00e3o temerosa \u2013 ou mesmo acovardada \u2013 da institui\u00e7\u00e3o, enquanto outro segmento buscava acomodar-se ao modelo congressual de nosso sindicato nacional, de controle total das discuss\u00f5es e vota\u00e7\u00f5es, estrat\u00e9gia que se adapta ao n\u00e3o conflito, em nome de uma pretensa autonomia pol\u00edtica que mant\u00e9m a entidade em um fantasioso terreno de \u201cneutralidade\u201d e \u201cisen\u00e7\u00e3o\u201d. Vimos esse comportamento do sindicato nacional em outras situa\u00e7\u00f5es, t\u00e3o importantes quanto, como diante do plano de carreira ora vigente na categoria docente \u2013 n\u00e3o assinado pelo ANDES \u2013 e durante o golpe contra a presidenta Dilma Rousseff, com sua omiss\u00e3o discursiva e de a\u00e7\u00e3o. Agora, na elei\u00e7\u00e3o mais importante da nossa hist\u00f3ria, o ANDES novamente deixa de assumir um vi\u00e9s mais pragm\u00e1tico \u2013 ou mesmo cr\u00edtico \u2013 diante das elei\u00e7\u00f5es de outubro.<\/p>\n<p>O que vemos nos grandes encontros deliberativos do nosso sindicato nacional s\u00e3o ambientes totalmente controlados, nos quais a previsibilidade dos resultados das vota\u00e7\u00f5es que interessam \u00e0 categoria docente beira a exatid\u00e3o e confirma o descolamento do ANDES de sua base, sobretudo de sess\u00f5es sindicais que possuem expressiva representatividade e hist\u00f3ria de luta. As linhas de transmiss\u00e3o da representa\u00e7\u00e3o pol\u00edtica s\u00e3o interrompidas por esse modelo de gest\u00e3o sindical, e o resultado pode ser conferido na Carta de Vit\u00f3ria da Conquista: n\u00f3s nos transformamos em um sindicato supostamente isento e neutro, cuja diretoria rejeita os anseios classistas da pr\u00f3pria categoria, que se fragmenta em mil peda\u00e7os, perde for\u00e7a e reconhecimento, ano ap\u00f3s ano, em consequ\u00eancia desse controle da institui\u00e7\u00e3o.<\/p>\n<p>O famoso TR 9 do Conad de Vit\u00f3ria da Conquista prop\u00f4s t\u00e3o somente o envio de uma carta com as reivindica\u00e7\u00f5es mais b\u00e1sicas da categoria docente ao \u00fanico candidato capaz de vencer o necrocida no poder. Na ocasi\u00e3o, a proposta foi recha\u00e7ada e transformada em mais um \u201cmonumento\u201d exemplar do poder dirigente de uma institui\u00e7\u00e3o sindical de encaminhar \u00e0 elimina\u00e7\u00e3o o que n\u00e3o lhe conv\u00e9m: uma carta simples, que revelaria a expectativa de uma categoria forjada na experi\u00eancia democr\u00e1tica e desejosa de novidades epist\u00eamicas, uma categoria que hoje sangra em cada universidade brasileira, seja pelas condi\u00e7\u00f5es de trabalho ou pelas agruras impostas pela vida, uma categoria que deixa o Conad sem poder levar de volta \u00e0s suas bases uma consigna nacional de luta e a\u00e7\u00e3o pol\u00edtica.<\/p>\n<p>O asno de Burindan morreu de fome, pois n\u00e3o sabia qual feixe de capim comer, entre dois iguais que estavam \u00e0 sua disposi\u00e7\u00e3o. N\u00e3o h\u00e1 como haver dois feixes de capim iguais, e at\u00e9 o olhar menos atento perceber\u00e1 uma falsa simetria entre ambos. Dessa forma, a despeito de termos sido todos bem tratados pela ADUESB em Vit\u00f3ria da Conquista, nossas lutas por via do ANDES sucumbiram diante das op\u00e7\u00f5es poss\u00edveis que nos foram deixadas, e o contexto sindical, atuando como for\u00e7a contr\u00e1ria, imp\u00f4s obst\u00e1culos que n\u00e3o nos permitem empreender o caminho necess\u00e1rio, enquanto categoria docente coesa e forte.<\/p>\n<p>O Conad demonstrou que o burocratismo e o formalismo podem ser resistentes, mas n\u00e3o se sustentam eternamente mediante os conte\u00fados inevit\u00e1veis que a vida real nos apresenta. Caso o referido TR e a maneira de tratamento de seu conte\u00fado \u2013 na busca, sen\u00e3o de demov\u00ea-lo da pauta, de asfixi\u00e1-lo, de torn\u00e1-lo rarefeito, de alterar sua dire\u00e7\u00e3o at\u00e9 torn\u00e1-lo inofensivo, de fato \u2013 n\u00e3o contrariasse o anseio de parte significativa da categoria docente, o 65\u00ba Conad seria apenas passado, n\u00e3o apontaria mais para um novo horizonte. Felizmente, o futuro n\u00e3o se faz apenas de um passado que nos determinou at\u00e9 agora, mas de uma profunda esperan\u00e7a que pode nos contaminar sem que deixemos de ser razo\u00e1veis nem cheguemos ao irracionalismo, com a necess\u00e1ria coragem de assumir as a\u00e7\u00f5es da pol\u00edtica transformadora. Esse registro constitui o testemunho da delega\u00e7\u00e3o da ADUFPB no referido encontro deliberativo. Em grande medida, sugere a posi\u00e7\u00e3o hegem\u00f4nica da nossa diretoria executiva, que nunca se furtou a tomar as decis\u00f5es mais dif\u00edceis nem se esquivou de qualquer pol\u00eamica na defesa hist\u00f3rica da carreira docente e da universidade p\u00fablica.<\/p>\n<p>&nbsp;<\/p>\n<p style=\"text-align: center;\"><strong>Delega\u00e7\u00e3o da ADUFPB no 65\u00ba Conad<\/strong><br \/>\n<strong>Vit\u00f3ria da Conquista (BA) &#8211; Julho\/2022<\/strong><\/p>\n<\/blockquote>\n<p>&nbsp;<\/p>\n<p><em>Fonte: Ascom ADUFPB<\/em><\/p>\n","protected":false},"excerpt":{"rendered":"<p>No mais recente Boletim da ADUFPB, a delega\u00e7\u00e3o que participou do 65\u00ba Conad &#8211; ocorrido em Vit\u00f3ria da Conquista (BA), entre os dias 15 e 17 deste m\u00eas &#8211; avalia a postura &#8220;fantasiosamente&#8221; neutra e isenta do ANDES em rela\u00e7\u00e3o \u00e0s elei\u00e7\u00f5es de outubro pr\u00f3ximo. Para a delega\u00e7\u00e3o, \u00e9 uma conduta que &#8220;confirma o descolamento&hellip;<\/p>\n","protected":false},"author":3,"featured_media":27144,"comment_status":"closed","ping_status":"closed","sticky":false,"template":"","format":"standard","meta":{"footnotes":""},"categories":[1405,15,417],"tags":[],"class_list":["post-27143","post","type-post","status-publish","format-standard","has-post-thumbnail","hentry","category-chamada-principal","category-noticias","category-noticias-destaque","category-1405","category-15","category-417","description-off"],"_links":{"self":[{"href":"https:\/\/www.adufpb.org.br\/site\/wp-json\/wp\/v2\/posts\/27143","targetHints":{"allow":["GET"]}}],"collection":[{"href":"https:\/\/www.adufpb.org.br\/site\/wp-json\/wp\/v2\/posts"}],"about":[{"href":"https:\/\/www.adufpb.org.br\/site\/wp-json\/wp\/v2\/types\/post"}],"author":[{"embeddable":true,"href":"https:\/\/www.adufpb.org.br\/site\/wp-json\/wp\/v2\/users\/3"}],"replies":[{"embeddable":true,"href":"https:\/\/www.adufpb.org.br\/site\/wp-json\/wp\/v2\/comments?post=27143"}],"version-history":[{"count":7,"href":"https:\/\/www.adufpb.org.br\/site\/wp-json\/wp\/v2\/posts\/27143\/revisions"}],"predecessor-version":[{"id":27227,"href":"https:\/\/www.adufpb.org.br\/site\/wp-json\/wp\/v2\/posts\/27143\/revisions\/27227"}],"wp:featuredmedia":[{"embeddable":true,"href":"https:\/\/www.adufpb.org.br\/site\/wp-json\/wp\/v2\/media\/27144"}],"wp:attachment":[{"href":"https:\/\/www.adufpb.org.br\/site\/wp-json\/wp\/v2\/media?parent=27143"}],"wp:term":[{"taxonomy":"category","embeddable":true,"href":"https:\/\/www.adufpb.org.br\/site\/wp-json\/wp\/v2\/categories?post=27143"},{"taxonomy":"post_tag","embeddable":true,"href":"https:\/\/www.adufpb.org.br\/site\/wp-json\/wp\/v2\/tags?post=27143"}],"curies":[{"name":"wp","href":"https:\/\/api.w.org\/{rel}","templated":true}]}}