{"id":27129,"date":"2022-07-25T16:44:23","date_gmt":"2022-07-25T19:44:23","guid":{"rendered":"https:\/\/www.adufpb.org.br\/site\/?p=27129"},"modified":"2022-08-10T16:36:31","modified_gmt":"2022-08-10T19:36:31","slug":"programa-de-pos-graduacao-em-musica-realiza-5o-festival-internacional-de-musica-de-camara-da-ufpb-em-agosto","status":"publish","type":"post","link":"https:\/\/www.adufpb.org.br\/site\/programa-de-pos-graduacao-em-musica-realiza-5o-festival-internacional-de-musica-de-camara-da-ufpb-em-agosto\/","title":{"rendered":"Programa de P\u00f3s-Gradua\u00e7\u00e3o em M\u00fasica realiza 5\u00ba Festival Internacional de M\u00fasica de C\u00e2mara da UFPB em agosto"},"content":{"rendered":"<p><img loading=\"lazy\" decoding=\"async\" class=\"size-medium wp-image-27131 alignleft\" src=\"https:\/\/www.adufpb.org.br\/site\/wp-content\/uploads\/2022\/07\/FestMusi2-300x211.jpg\" alt=\"\" width=\"300\" height=\"211\" srcset=\"https:\/\/www.adufpb.org.br\/site\/wp-content\/uploads\/2022\/07\/FestMusi2-300x211.jpg 300w, https:\/\/www.adufpb.org.br\/site\/wp-content\/uploads\/2022\/07\/FestMusi2-250x175.jpg 250w, https:\/\/www.adufpb.org.br\/site\/wp-content\/uploads\/2022\/07\/FestMusi2.jpg 483w\" sizes=\"auto, (max-width: 300px) 100vw, 300px\" \/>Entre os dias 12 e 20 do pr\u00f3ximo m\u00eas de agosto, acontece o 5\u00ba Festival Internacional de M\u00fasica de C\u00e2mara da Universidade Federal da Para\u00edba (UFPB), promovido pelo Programa de P\u00f3s-Gradua\u00e7\u00e3o em M\u00fasica (PPG). O evento reunir\u00e1 artistas dos Estados Unidos, da China e do Brasil em apresenta\u00e7\u00f5es gratuitas, na Sala de Concertos Radegundis Feitosa, \u00e0s 20h. Tamb\u00e9m propiciar\u00e1 um di\u00e1logo entre a m\u00fasica e a filosofia, a partir da intera\u00e7\u00e3o de fil\u00f3sofos e estudiosos da \u00e1rea com o repert\u00f3rio apresentado a cada concerto.<\/p>\n<p>O repert\u00f3rio escolhido para esta edi\u00e7\u00e3o do festival engloba composi\u00e7\u00f5es de diferentes pa\u00edses \u2013 mas o violoncelista e professor da UFPB Felipe Avellar de Aquino, coordenador art\u00edstico do evento, garante que haver\u00e1 muita m\u00fasica brasileira. \u201cNo primeiro dia de concerto, por exemplo, ouviremos a abertura da \u00f3pera \u2018Anita Garibaldi\u2019, composta pela pianista e professora brasileira Catarina Domenici\u201d, disse ele. A execu\u00e7\u00e3o ser\u00e1 da Orquestra Sinf\u00f4nica da UFPB (OSUFPB). Nesse mesmo dia, tamb\u00e9m ser\u00e3o executadas obras de Brahms e Tchaikovsky.<\/p>\n<p>De acordo com Aquino, o festival representa um momento de fomento da produ\u00e7\u00e3o art\u00edstica do Programa de P\u00f3s-Gradua\u00e7\u00e3o em M\u00fasica, pois incentiva os alunos, forma grupos durante a sua realiza\u00e7\u00e3o e ainda colabora com a avalia\u00e7\u00e3o do programa do curso pela Coordena\u00e7\u00e3o de Aperfei\u00e7oamento de Pessoal de N\u00edvel (Capes), por meio do Qualis Art\u00edstico, em uma produ\u00e7\u00e3o de \u00e2mbito internacional. \u201cTeremos dez masterclasses, que s\u00e3o oportunidades acad\u00eamicas para os estudantes de m\u00fasica da UFPB, por meio do contato que eles fazem com professores de outras institui\u00e7\u00f5es\u201d, avaliou.<\/p>\n<p><strong><img loading=\"lazy\" decoding=\"async\" class=\"alignright size-medium wp-image-27130\" src=\"https:\/\/www.adufpb.org.br\/site\/wp-content\/uploads\/2022\/07\/FestMusi-300x123.jpg\" alt=\"\" width=\"300\" height=\"123\" srcset=\"https:\/\/www.adufpb.org.br\/site\/wp-content\/uploads\/2022\/07\/FestMusi-300x123.jpg 300w, https:\/\/www.adufpb.org.br\/site\/wp-content\/uploads\/2022\/07\/FestMusi-1024x419.jpg 1024w, https:\/\/www.adufpb.org.br\/site\/wp-content\/uploads\/2022\/07\/FestMusi-768x314.jpg 768w, https:\/\/www.adufpb.org.br\/site\/wp-content\/uploads\/2022\/07\/FestMusi-250x102.jpg 250w, https:\/\/www.adufpb.org.br\/site\/wp-content\/uploads\/2022\/07\/FestMusi.jpg 1524w\" sizes=\"auto, (max-width: 300px) 100vw, 300px\" \/>Equipe<\/strong> \u2013 Este ano, a dire\u00e7\u00e3o art\u00edstica do evento \u00e9 dividida entre o professor Felipe Avellar de Aquino e a violista estadunidense Kate Hamilton, professora da University of Nevada, em Las Vegas (UNLV). A promo\u00e7\u00e3o \u00e9 do Grupo de Pesquisas em Pedagogia, Performance e Literatura de Instrumentos de Cordas, pela \u00e1rea de Pr\u00e1ticas Interpretativas do PPGM, com apoio da Reitoria da UFPB, do Centro de Comunica\u00e7\u00e3o, Turismo e Artes da UFPB (CCTA), da Coordena\u00e7\u00e3o do Programa de P\u00f3s-Gradua\u00e7\u00e3o em M\u00fasica, da Ag\u00eancia UFPB de Coopera\u00e7\u00e3o Internacional, do CCHLA, do Departamento de Filosofia, da Funda\u00e7\u00e3o de Cultura da Cidade de Jo\u00e3o Pessoa (FUNJOPE) e da Cl\u00ednica FisioCorpore.<\/p>\n<p>O 5\u00ba Festival Internacional de M\u00fasica de C\u00e2mara da UFPB celebra ainda o 10\u00ba anivers\u00e1rio de cria\u00e7\u00e3o do CCTA-UFPB. Mais informa\u00e7\u00f5es no site do evento (clique <a href=\"https:\/\/festivalufpb2022.homesteadcloud.com\/\">aqui<\/a>) e tamb\u00e9m no seu perfil do Instagram (clique <a href=\"https:\/\/www.instagram.com\/festival.internacional.ufpb\/\">aqui<\/a>).<\/p>\n<p>&nbsp;<\/p>\n<p><strong>Servi\u00e7o<\/strong>:<\/p>\n<p>5\u00ba Festival Internacional de M\u00fasica de C\u00e2mara da Universidade Federal da Para\u00edba (UFPB)<\/p>\n<p>Data: de 12 a 20 de agosto de 2022<\/p>\n<p>Local: Sala de Concertos Radegundis Feitosa (no Centro de Comunica\u00e7\u00e3o, Turismo e Artes da UFPB)<\/p>\n<p>Hora: 20h<\/p>\n<p>Entrada franca<\/p>\n<p>&nbsp;<\/p>\n<p><em>Fonte: Ascom ADUFPB<\/em><\/p>\n","protected":false},"excerpt":{"rendered":"<p>Entre os dias 12 e 20 do pr\u00f3ximo m\u00eas de agosto, acontece o 5\u00ba Festival Internacional de M\u00fasica de C\u00e2mara da Universidade Federal da Para\u00edba (UFPB), promovido pelo Programa de P\u00f3s-Gradua\u00e7\u00e3o em M\u00fasica (PPG). O evento reunir\u00e1 artistas dos Estados Unidos, da China e do Brasil em apresenta\u00e7\u00f5es gratuitas, na Sala de Concertos Radegundis Feitosa,&hellip;<\/p>\n","protected":false},"author":10,"featured_media":27133,"comment_status":"closed","ping_status":"closed","sticky":false,"template":"","format":"standard","meta":{"footnotes":""},"categories":[1405,15,417],"tags":[],"class_list":["post-27129","post","type-post","status-publish","format-standard","has-post-thumbnail","hentry","category-chamada-principal","category-noticias","category-noticias-destaque","category-1405","category-15","category-417","description-off"],"_links":{"self":[{"href":"https:\/\/www.adufpb.org.br\/site\/wp-json\/wp\/v2\/posts\/27129","targetHints":{"allow":["GET"]}}],"collection":[{"href":"https:\/\/www.adufpb.org.br\/site\/wp-json\/wp\/v2\/posts"}],"about":[{"href":"https:\/\/www.adufpb.org.br\/site\/wp-json\/wp\/v2\/types\/post"}],"author":[{"embeddable":true,"href":"https:\/\/www.adufpb.org.br\/site\/wp-json\/wp\/v2\/users\/10"}],"replies":[{"embeddable":true,"href":"https:\/\/www.adufpb.org.br\/site\/wp-json\/wp\/v2\/comments?post=27129"}],"version-history":[{"count":3,"href":"https:\/\/www.adufpb.org.br\/site\/wp-json\/wp\/v2\/posts\/27129\/revisions"}],"predecessor-version":[{"id":27230,"href":"https:\/\/www.adufpb.org.br\/site\/wp-json\/wp\/v2\/posts\/27129\/revisions\/27230"}],"wp:featuredmedia":[{"embeddable":true,"href":"https:\/\/www.adufpb.org.br\/site\/wp-json\/wp\/v2\/media\/27133"}],"wp:attachment":[{"href":"https:\/\/www.adufpb.org.br\/site\/wp-json\/wp\/v2\/media?parent=27129"}],"wp:term":[{"taxonomy":"category","embeddable":true,"href":"https:\/\/www.adufpb.org.br\/site\/wp-json\/wp\/v2\/categories?post=27129"},{"taxonomy":"post_tag","embeddable":true,"href":"https:\/\/www.adufpb.org.br\/site\/wp-json\/wp\/v2\/tags?post=27129"}],"curies":[{"name":"wp","href":"https:\/\/api.w.org\/{rel}","templated":true}]}}