{"id":2712,"date":"2012-03-23T11:43:29","date_gmt":"2012-03-23T15:43:29","guid":{"rendered":"http:\/\/www.adufpb.org.br\/site\/?p=2712"},"modified":"2012-03-23T11:44:06","modified_gmt":"2012-03-23T15:44:06","slug":"professor-e-poeta-lanca-livro-nesta-sexta-feira","status":"publish","type":"post","link":"https:\/\/www.adufpb.org.br\/site\/professor-e-poeta-lanca-livro-nesta-sexta-feira\/","title":{"rendered":"Professor e poeta lan\u00e7a livro nesta sexta-feira"},"content":{"rendered":"<p><a href=\"http:\/\/www.adufpb.org.br\/site\/wp-content\/uploads\/2012\/03\/as-silencio.jpg\"><img loading=\"lazy\" decoding=\"async\" class=\"alignleft size-medium wp-image-2713\" title=\"as-silencio\" src=\"http:\/\/www.adufpb.org.br\/site\/wp-content\/uploads\/2012\/03\/as-silencio-300x150.jpg\" alt=\"\" width=\"300\" height=\"150\" srcset=\"https:\/\/www.adufpb.org.br\/site\/wp-content\/uploads\/2012\/03\/as-silencio-300x150.jpg 300w, https:\/\/www.adufpb.org.br\/site\/wp-content\/uploads\/2012\/03\/as-silencio.jpg 600w\" sizes=\"auto, (max-width: 300px) 100vw, 300px\" \/><\/a>A Livraria Esquina das Letras e o Zarinha Centro de Cultura far\u00e3o nesta sexta-feira (23\/03) o lan\u00e7amento do livro &#8220;\u00c1spero Sil\u00eancio&#8221;, do professor e poeta Carlos Alberto Jales, que \u00e9 sindicalizado \u00e0 ADUFPB.<br \/>\nO evento ter\u00e1 in\u00edcio \u00e0s 19h, no Centro de Cultura Zarinha, localizado na avenida Nego, n\u00famero 140, em Tamba\u00fa, na Capital.<\/p>\n<p>Os poemas que constituem a obra foram escritos ao longo de muitos anos. Muitos foram publicados em revistas, jornais, suplementos liter\u00e1rios, \u201csites\u201d nacionais, mas a grande maioria deles \u00e9 in\u00e9dita.<\/p>\n<p>O autor considera que decantar a produ\u00e7\u00e3o po\u00e9tica lhe d\u00e1 uma grande seguran\u00e7a sobre seu conte\u00fado e est\u00e1 convencido que a boa poesia se faz com sentimentos e ideias, o que equivale dizer,com motivos e dom\u00ednio do fazer po\u00e9tico. Sua dic\u00e7\u00e3o se deve muito \u00e0 l\u00edrica, mas de uma l\u00edrica comedida, dentro de limites que n\u00e3o permitem a simples extravas\u00e3o de dores \u00edntimas. Antes, \u00e9 uma atitude e uma postura segundo as quais tudo pode ser mat\u00e9ria de poesia, pois \u00e9 no cotidiano que est\u00e3o os grandes temas da exist\u00eancia.<\/p>\n<p>Por isto, o leitor concordar\u00e1 que os poemas deste livro, traduzem as d\u00favidas metaf\u00edsicas, as interroga\u00e7\u00f5es fundamentais, os espantos que o simples viver provoca. Numa palavra, o autor mergulha na ess\u00eancia da poesia, que rejeita qualquer compromisso com ideologia, religi\u00e3o, momentos hist\u00f3ricos, experimentalismos e privilegiam os \u201cgrandes problemas da humanidade\u201d.<\/p>\n<p>Carlos Alberto Jales \u00e9 potiguar, lecionou em Macei\u00f3 e em Natal; formou-se em Filosofia na UFAL; estudou na It\u00e1lia, na Fran\u00e7a e na Inglaterra; diplomou-se em Ci\u00eancias ligadas ao desenvolvimento econ\u00f4mico e social pelo Instituto de Desenvolvimento de Paris. Foi professor de disciplinas como: Filosofia da Educa\u00e7\u00e3o, Antropologia da Educa\u00e7\u00e3o, Antropofilosofia da Educa\u00e7\u00e3o, no Centro de Educa\u00e7\u00e3o.<\/p>\n","protected":false},"excerpt":{"rendered":"<p>A Livraria Esquina das Letras e o Zarinha Centro de Cultura far\u00e3o nesta sexta-feira (23\/03) o lan\u00e7amento do livro &#8220;\u00c1spero Sil\u00eancio&#8221;, do professor e poeta Carlos Alberto Jales, que \u00e9 sindicalizado \u00e0 ADUFPB. O evento ter\u00e1 in\u00edcio \u00e0s 19h, no Centro de Cultura Zarinha, localizado na avenida Nego, n\u00famero 140, em Tamba\u00fa, na Capital. Os&hellip;<\/p>\n","protected":false},"author":1,"featured_media":0,"comment_status":"open","ping_status":"open","sticky":false,"template":"","format":"standard","meta":{"footnotes":""},"categories":[15],"tags":[],"class_list":["post-2712","post","type-post","status-publish","format-standard","hentry","category-noticias","category-15","description-off"],"_links":{"self":[{"href":"https:\/\/www.adufpb.org.br\/site\/wp-json\/wp\/v2\/posts\/2712","targetHints":{"allow":["GET"]}}],"collection":[{"href":"https:\/\/www.adufpb.org.br\/site\/wp-json\/wp\/v2\/posts"}],"about":[{"href":"https:\/\/www.adufpb.org.br\/site\/wp-json\/wp\/v2\/types\/post"}],"author":[{"embeddable":true,"href":"https:\/\/www.adufpb.org.br\/site\/wp-json\/wp\/v2\/users\/1"}],"replies":[{"embeddable":true,"href":"https:\/\/www.adufpb.org.br\/site\/wp-json\/wp\/v2\/comments?post=2712"}],"version-history":[{"count":2,"href":"https:\/\/www.adufpb.org.br\/site\/wp-json\/wp\/v2\/posts\/2712\/revisions"}],"predecessor-version":[{"id":2715,"href":"https:\/\/www.adufpb.org.br\/site\/wp-json\/wp\/v2\/posts\/2712\/revisions\/2715"}],"wp:attachment":[{"href":"https:\/\/www.adufpb.org.br\/site\/wp-json\/wp\/v2\/media?parent=2712"}],"wp:term":[{"taxonomy":"category","embeddable":true,"href":"https:\/\/www.adufpb.org.br\/site\/wp-json\/wp\/v2\/categories?post=2712"},{"taxonomy":"post_tag","embeddable":true,"href":"https:\/\/www.adufpb.org.br\/site\/wp-json\/wp\/v2\/tags?post=2712"}],"curies":[{"name":"wp","href":"https:\/\/api.w.org\/{rel}","templated":true}]}}