{"id":27030,"date":"2022-07-12T15:46:02","date_gmt":"2022-07-12T18:46:02","guid":{"rendered":"https:\/\/www.adufpb.org.br\/site\/?p=27030"},"modified":"2022-07-19T10:39:08","modified_gmt":"2022-07-19T13:39:08","slug":"professor-da-ufpb-e-indicado-ao-premio-jabuti","status":"publish","type":"post","link":"https:\/\/www.adufpb.org.br\/site\/professor-da-ufpb-e-indicado-ao-premio-jabuti\/","title":{"rendered":"Professor da UFPB \u00e9 indicado ao Pr\u00eamio Jabuti com seu primeiro livro de fic\u00e7\u00e3o"},"content":{"rendered":"<p><img loading=\"lazy\" decoding=\"async\" class=\" wp-image-27032 alignleft\" src=\"https:\/\/www.adufpb.org.br\/site\/wp-content\/uploads\/2022\/07\/flavio-lucio-2.jpg\" alt=\"\" width=\"144\" height=\"144\" srcset=\"https:\/\/www.adufpb.org.br\/site\/wp-content\/uploads\/2022\/07\/flavio-lucio-2.jpg 200w, https:\/\/www.adufpb.org.br\/site\/wp-content\/uploads\/2022\/07\/flavio-lucio-2-150x150.jpg 150w\" sizes=\"auto, (max-width: 144px) 100vw, 144px\" \/>O Pr\u00eamio Jabuti deste ano tem um professor da UFPB como um dos seus indicados. Fl\u00e1vio L\u00facio Vieira, do Departamento de Hist\u00f3ria da UFPB, concorre \u00e0 honraria com o livro \u201cUlisses e o fogo ol\u00edmpico\u201d (Editora Giostri), na categoria Juvenil do eixo Literatura.<\/p>\n<p>O livro \u00e9 um mergulho na mitologia grega, com linguagem din\u00e2mica e imag\u00e9tica. Na aventura, os adolescentes Ulisses, Dafne e \u00cdon s\u00e3o escolhidos pelos deuses para cumprir a miss\u00e3o de recuperar o fogo ol\u00edmpico \u2013 fonte de todas as artes e de todo conhecimento humano \u2013 das m\u00e3os do tit\u00e3 Prometeu, que o roubou do Olimpo. Para tal feito, eles t\u00eam apenas sete dias.<\/p>\n<p>Fl\u00e1vio L\u00facio \u00e9 graduado em hist\u00f3ria, com mestrado e doutorado em sociologia. \u201cUlisses e o fogo ol\u00edmpico\u201d marca a sua estreia na \u00e1rea de fic\u00e7\u00e3o \u2013 e poder\u00e1 ter sequ\u00eancias, a depender da receptividade do p\u00fablico e do interesse da editora.<\/p>\n<p>Considerado um dos pr\u00eamios liter\u00e1rios mais importantes da Am\u00e9rica Latina, o Jabuti j\u00e1 teve outros paraibanos entre os indicados: Maria Val\u00e9ria Rezende, Shiko, Tiago Germano e Patr\u00edcia Rosas.<\/p>\n","protected":false},"excerpt":{"rendered":"<p>O Pr\u00eamio Jabuti deste ano tem um professor da UFPB como um dos seus indicados. Fl\u00e1vio L\u00facio Vieira, do Departamento de Hist\u00f3ria da UFPB, concorre \u00e0 honraria com o livro \u201cUlisses e o fogo ol\u00edmpico\u201d (Editora Giostri), na categoria Juvenil do eixo Literatura. O livro \u00e9 um mergulho na mitologia grega, com linguagem din\u00e2mica e&hellip;<\/p>\n","protected":false},"author":10,"featured_media":27031,"comment_status":"closed","ping_status":"closed","sticky":false,"template":"","format":"standard","meta":{"footnotes":""},"categories":[1405,15,417],"tags":[],"class_list":["post-27030","post","type-post","status-publish","format-standard","has-post-thumbnail","hentry","category-chamada-principal","category-noticias","category-noticias-destaque","category-1405","category-15","category-417","description-off"],"_links":{"self":[{"href":"https:\/\/www.adufpb.org.br\/site\/wp-json\/wp\/v2\/posts\/27030","targetHints":{"allow":["GET"]}}],"collection":[{"href":"https:\/\/www.adufpb.org.br\/site\/wp-json\/wp\/v2\/posts"}],"about":[{"href":"https:\/\/www.adufpb.org.br\/site\/wp-json\/wp\/v2\/types\/post"}],"author":[{"embeddable":true,"href":"https:\/\/www.adufpb.org.br\/site\/wp-json\/wp\/v2\/users\/10"}],"replies":[{"embeddable":true,"href":"https:\/\/www.adufpb.org.br\/site\/wp-json\/wp\/v2\/comments?post=27030"}],"version-history":[{"count":3,"href":"https:\/\/www.adufpb.org.br\/site\/wp-json\/wp\/v2\/posts\/27030\/revisions"}],"predecessor-version":[{"id":27035,"href":"https:\/\/www.adufpb.org.br\/site\/wp-json\/wp\/v2\/posts\/27030\/revisions\/27035"}],"wp:featuredmedia":[{"embeddable":true,"href":"https:\/\/www.adufpb.org.br\/site\/wp-json\/wp\/v2\/media\/27031"}],"wp:attachment":[{"href":"https:\/\/www.adufpb.org.br\/site\/wp-json\/wp\/v2\/media?parent=27030"}],"wp:term":[{"taxonomy":"category","embeddable":true,"href":"https:\/\/www.adufpb.org.br\/site\/wp-json\/wp\/v2\/categories?post=27030"},{"taxonomy":"post_tag","embeddable":true,"href":"https:\/\/www.adufpb.org.br\/site\/wp-json\/wp\/v2\/tags?post=27030"}],"curies":[{"name":"wp","href":"https:\/\/api.w.org\/{rel}","templated":true}]}}