{"id":2701,"date":"2012-03-23T08:57:09","date_gmt":"2012-03-23T12:57:09","guid":{"rendered":"http:\/\/www.adufpb.org.br\/site\/?p=2701"},"modified":"2012-03-23T08:57:09","modified_gmt":"2012-03-23T12:57:09","slug":"andes-sn-e-mec-retomam-agenda-de-debates","status":"publish","type":"post","link":"https:\/\/www.adufpb.org.br\/site\/andes-sn-e-mec-retomam-agenda-de-debates\/","title":{"rendered":"ANDES-SN e MEC retomam agenda de debates"},"content":{"rendered":"<p><a href=\"http:\/\/www.adufpb.org.br\/site\/wp-content\/uploads\/2012\/03\/rmercadanteimp-ult-942732507.jpg\"><img loading=\"lazy\" decoding=\"async\" class=\"alignleft size-medium wp-image-2702\" title=\"rmercadanteimp-ult-942732507\" src=\"http:\/\/www.adufpb.org.br\/site\/wp-content\/uploads\/2012\/03\/rmercadanteimp-ult-942732507-300x158.jpg\" alt=\"\" width=\"300\" height=\"158\" srcset=\"https:\/\/www.adufpb.org.br\/site\/wp-content\/uploads\/2012\/03\/rmercadanteimp-ult-942732507-300x158.jpg 300w, https:\/\/www.adufpb.org.br\/site\/wp-content\/uploads\/2012\/03\/rmercadanteimp-ult-942732507.jpg 500w\" sizes=\"auto, (max-width: 300px) 100vw, 300px\" \/><\/a>Os diretores do ANDES-SN se reuniram na manh\u00e3 desta quinta-feira (22\/03) com o novo ministro da Educa\u00e7\u00e3o, Aloizio Mercadante. Na pauta, diversas quest\u00f5es como Campanha 2012, carreira docente, os PL 2203\/2011 e 2314\/2011.<\/p>\n<p>Marina Barbosa, presidente do Sindicato Nacional, ressaltou j\u00e1 no in\u00edcio de sua fala que o objetivo da entidade \u00e9 definir uma agenda permanente de di\u00e1logo com o MEC, uma vez que, no entendimento do ANDES-SN, a conversa dos professores com o governo deve passar pelo minist\u00e9rio competente pela educa\u00e7\u00e3o.<\/p>\n<p>\u201cViemos aqui fazer uma reivindica\u00e7\u00e3o formal de uma agenda permanente com o MEC. Muitas das conversas foram desviadas para o Minist\u00e9rio do Planejamento e v\u00e1rios debates de fundo conceitual e que dizem respeito ao projeto de universidade que defendemos passaram a ser quest\u00f5es gerenciais, tratadas apenas pelo car\u00e1ter administrativo\u201d, explicou Marina.<\/p>\n<p>Mercadante disse concordar com Marina e assumiu o compromisso de manter uma rela\u00e7\u00e3o direta do MEC com o Sindicato Nacional, atrav\u00e9s da Secretaria de Educa\u00e7\u00e3o Superior (Sesu). \u201cTamb\u00e9m queremos debater projeto de universidade, formas de financiamento, democracia acad\u00eamica\u201d, disse o ministro, reconhecendo que existem diverg\u00eancias ideol\u00f3gicas, mas que isso n\u00e3o deve impedir o debate.<\/p>\n<p><strong>Novas vagas<\/strong><br \/>\nEm rela\u00e7\u00e3o ao PL 2314\/2011, que prev\u00ea a contrata\u00e7\u00e3o de mais de 19 mil professores federais, Mercadante prop\u00f4s uma a\u00e7\u00e3o coordenada do MEC, Andifes e ANDES-SN para pressionar a C\u00e2mara a agilizar a tramita\u00e7\u00e3o na casa. \u201cPrecisamos fazer um movimento forte, que sensibilize os deputados. A aprova\u00e7\u00e3o deste PL \u00e9 indispens\u00e1vel para a continuidade do projeto de universidade e essa demora compromete todo o processo\u201d, comentou.<a href=\"http:\/\/www.adufpb.org.br\/site\/wp-content\/uploads\/2012\/03\/mercadante-2imp-ult-1208408871.jpg\"><img loading=\"lazy\" decoding=\"async\" class=\"alignleft size-medium wp-image-2703\" title=\"mercadante 2imp-ult-1208408871\" src=\"http:\/\/www.adufpb.org.br\/site\/wp-content\/uploads\/2012\/03\/mercadante-2imp-ult-1208408871-300x161.jpg\" alt=\"\" width=\"300\" height=\"161\" srcset=\"https:\/\/www.adufpb.org.br\/site\/wp-content\/uploads\/2012\/03\/mercadante-2imp-ult-1208408871-300x161.jpg 300w, https:\/\/www.adufpb.org.br\/site\/wp-content\/uploads\/2012\/03\/mercadante-2imp-ult-1208408871.jpg 500w\" sizes=\"auto, (max-width: 300px) 100vw, 300px\" \/><\/a><\/p>\n<p><strong>Carreira<\/strong><br \/>\nJ\u00e1 em rela\u00e7\u00e3o ao PL 2203\/2011, que traz componentes do acordo emergencial firmado entre o governo e no Sindicato Nacional, o ministro se declarou preocupado com a morosidade no andamento do mesmo, tamb\u00e9m em tramita\u00e7\u00e3o na C\u00e2mara, e disse apoiar a posi\u00e7\u00e3o do ANDES-SN contr\u00e1ria a Se\u00e7\u00e3o XXIV, que pretende alterar o Regime Jur\u00eddico \u00danico (RJU) no que diz respeito \u00e0 insalubridade e periculosidade.<\/p>\n<p>O chefe da pasta da Educa\u00e7\u00e3o se mostrou preocupado com o prazo das negocia\u00e7\u00f5es para reestrutura\u00e7\u00e3o da carreira do professor federal e ainda salientou que n\u00e3o pretende \u2018empurrar com a barriga\u2019. \u201cAcho que o governo deve apresentar logo sua proposta e em cima dela discutimos as diferen\u00e7as. J\u00e1 tive uma reuni\u00e3o com o Planejamento e pedi prioridade na agenda deles para a negocia\u00e7\u00e3o com os professores. Acompanharemos o processo de perto\u201d, informou, declarando tamb\u00e9m ser favor\u00e1vel a um aumento no piso salarial da categoria.<\/p>\n<p><strong>Compromisso<\/strong><br \/>\n\u201cO ministro assumiu publicamente o compromisso de manter uma interlocu\u00e7\u00e3o permanente com o ANDES-SN e se mostrou disposto a debater os pontos de pauta que apresentamos e que dizem respeito \u00e0 concep\u00e7\u00e3o de educa\u00e7\u00e3o, p\u00fablica, gratuita e de qualidade que defendemos\u201d, avaliou Marina Barbosa.<\/p>\n<p>\u201cBuscaremos com esta agenda tratar os grandes temas que est\u00e3o na pauta do ANDES-SN, com a Ebserh, a quest\u00e3o do produtivismo acad\u00eamico, os problemas de infraestrutura nas institui\u00e7\u00f5es, os Col\u00e9gios de Aplica\u00e7\u00e3o e Cefets. Tudo isso j\u00e1 foi apresentado nesta reuni\u00e3o, e daqui para frente trataremos ponto a ponto com o MEC\/Sesu\u201d, completou a presidente do ANDES-SN.<\/p>\n<p>Uma pr\u00f3xima reuni\u00e3o j\u00e1 foi agendada, para quarta-feira (28), com o secret\u00e1rio da Sesu, Amaro Lins, para discutir a reestrutura\u00e7\u00e3o da carreira docente. No dia seguinte, o ANDES-SN e se re\u00fane com o Minist\u00e9rio do Planejamento e o MEC para retomar as negocia\u00e7\u00f5es espec\u00edficas com os professores.<\/p>\n<p>Fonte: Andes<\/p>\n","protected":false},"excerpt":{"rendered":"<p>Os diretores do ANDES-SN se reuniram na manh\u00e3 desta quinta-feira (22\/03) com o novo ministro da Educa\u00e7\u00e3o, Aloizio Mercadante. Na pauta, diversas quest\u00f5es como Campanha 2012, carreira docente, os PL 2203\/2011 e 2314\/2011. Marina Barbosa, presidente do Sindicato Nacional, ressaltou j\u00e1 no in\u00edcio de sua fala que o objetivo da entidade \u00e9 definir uma agenda&hellip;<\/p>\n","protected":false},"author":1,"featured_media":0,"comment_status":"open","ping_status":"open","sticky":false,"template":"","format":"standard","meta":{"footnotes":""},"categories":[1],"tags":[],"class_list":["post-2701","post","type-post","status-publish","format-standard","hentry","category-agenda","category-1","description-off"],"_links":{"self":[{"href":"https:\/\/www.adufpb.org.br\/site\/wp-json\/wp\/v2\/posts\/2701","targetHints":{"allow":["GET"]}}],"collection":[{"href":"https:\/\/www.adufpb.org.br\/site\/wp-json\/wp\/v2\/posts"}],"about":[{"href":"https:\/\/www.adufpb.org.br\/site\/wp-json\/wp\/v2\/types\/post"}],"author":[{"embeddable":true,"href":"https:\/\/www.adufpb.org.br\/site\/wp-json\/wp\/v2\/users\/1"}],"replies":[{"embeddable":true,"href":"https:\/\/www.adufpb.org.br\/site\/wp-json\/wp\/v2\/comments?post=2701"}],"version-history":[{"count":1,"href":"https:\/\/www.adufpb.org.br\/site\/wp-json\/wp\/v2\/posts\/2701\/revisions"}],"predecessor-version":[{"id":2704,"href":"https:\/\/www.adufpb.org.br\/site\/wp-json\/wp\/v2\/posts\/2701\/revisions\/2704"}],"wp:attachment":[{"href":"https:\/\/www.adufpb.org.br\/site\/wp-json\/wp\/v2\/media?parent=2701"}],"wp:term":[{"taxonomy":"category","embeddable":true,"href":"https:\/\/www.adufpb.org.br\/site\/wp-json\/wp\/v2\/categories?post=2701"},{"taxonomy":"post_tag","embeddable":true,"href":"https:\/\/www.adufpb.org.br\/site\/wp-json\/wp\/v2\/tags?post=2701"}],"curies":[{"name":"wp","href":"https:\/\/api.w.org\/{rel}","templated":true}]}}