{"id":26970,"date":"2022-07-06T11:07:57","date_gmt":"2022-07-06T14:07:57","guid":{"rendered":"https:\/\/www.adufpb.org.br\/site\/?p=26970"},"modified":"2022-07-08T17:51:09","modified_gmt":"2022-07-08T20:51:09","slug":"adufpb-participa-em-brasilia-da-jornada-de-lutas-em-defesa-da-educacao-publica","status":"publish","type":"post","link":"https:\/\/www.adufpb.org.br\/site\/adufpb-participa-em-brasilia-da-jornada-de-lutas-em-defesa-da-educacao-publica\/","title":{"rendered":"ADUFPB participa, em Bras\u00edlia, da jornada de lutas em defesa da Educa\u00e7\u00e3o P\u00fablica"},"content":{"rendered":"<p><a class=\"dt-pswp-item\" href=\"https:\/\/www.adufpb.org.br\/site\/wp-content\/uploads\/2022\/07\/2022.07.04-recepcao-no-aeroporto-2.jpg\" data-dt-img-description=\"\" data-large_image_width=\"2000\" data-large_image_height=\"1333\"><img loading=\"lazy\" decoding=\"async\" class=\"aligncenter size-large wp-image-26976\" src=\"https:\/\/www.adufpb.org.br\/site\/wp-content\/uploads\/2022\/07\/2022.07.04-recepcao-no-aeroporto-2-1024x682.jpg\" alt=\"\" width=\"1024\" height=\"682\" srcset=\"https:\/\/www.adufpb.org.br\/site\/wp-content\/uploads\/2022\/07\/2022.07.04-recepcao-no-aeroporto-2-1024x682.jpg 1024w, https:\/\/www.adufpb.org.br\/site\/wp-content\/uploads\/2022\/07\/2022.07.04-recepcao-no-aeroporto-2-300x200.jpg 300w, https:\/\/www.adufpb.org.br\/site\/wp-content\/uploads\/2022\/07\/2022.07.04-recepcao-no-aeroporto-2-768x512.jpg 768w, https:\/\/www.adufpb.org.br\/site\/wp-content\/uploads\/2022\/07\/2022.07.04-recepcao-no-aeroporto-2-1536x1024.jpg 1536w, https:\/\/www.adufpb.org.br\/site\/wp-content\/uploads\/2022\/07\/2022.07.04-recepcao-no-aeroporto-2-250x167.jpg 250w, https:\/\/www.adufpb.org.br\/site\/wp-content\/uploads\/2022\/07\/2022.07.04-recepcao-no-aeroporto-2.jpg 2000w\" sizes=\"auto, (max-width: 1024px) 100vw, 1024px\" \/><\/a><\/p>\n<p><a class=\"dt-pswp-item\" href=\"https:\/\/www.adufpb.org.br\/site\/wp-content\/uploads\/2022\/07\/2022.07.04-07-jornada-de-lutas-em-Brasilia-3.jpeg\" data-dt-img-description=\"\" data-large_image_width=\"720\" data-large_image_height=\"1280\"><img loading=\"lazy\" decoding=\"async\" class=\"alignright size-medium wp-image-26974\" src=\"https:\/\/www.adufpb.org.br\/site\/wp-content\/uploads\/2022\/07\/2022.07.04-07-jornada-de-lutas-em-Brasilia-3-169x300.jpeg\" alt=\"\" width=\"169\" height=\"300\" srcset=\"https:\/\/www.adufpb.org.br\/site\/wp-content\/uploads\/2022\/07\/2022.07.04-07-jornada-de-lutas-em-Brasilia-3-169x300.jpeg 169w, https:\/\/www.adufpb.org.br\/site\/wp-content\/uploads\/2022\/07\/2022.07.04-07-jornada-de-lutas-em-Brasilia-3-576x1024.jpeg 576w, https:\/\/www.adufpb.org.br\/site\/wp-content\/uploads\/2022\/07\/2022.07.04-07-jornada-de-lutas-em-Brasilia-3-250x444.jpeg 250w, https:\/\/www.adufpb.org.br\/site\/wp-content\/uploads\/2022\/07\/2022.07.04-07-jornada-de-lutas-em-Brasilia-3.jpeg 720w\" sizes=\"auto, (max-width: 169px) 100vw, 169px\" \/><\/a>A ADUFPB participa na manh\u00e3 desta quarta-feira (6) de audi\u00eancia na C\u00e2mara dos Deputados, em Bras\u00edlia, para tratar do projeto que torna obrigat\u00f3ria a execu\u00e7\u00e3o da programa\u00e7\u00e3o or\u00e7ament\u00e1ria destinada ao setor de ensino. O presidente da entidade, Cristiano Bonneau, e o tesoureiro, Edson Franco, representam o sindicato.<\/p>\n<p>Eles integram, desde a \u00faltima segunda-feira, as atividades da jornada de lutas em defesa da Educa\u00e7\u00e3o P\u00fablica, dos demais servi\u00e7os p\u00fablicos e das servidoras e dos servidores federais. As atividades em Bras\u00edlia, que contam a participa\u00e7\u00e3o de docentes de todo o pa\u00eds, t\u00eam como objetivo pressionar parlamentares e chamar a aten\u00e7\u00e3o da sociedade para os desmontes promovidos pelo governo federal.<\/p>\n<p>No primeiro dia da jornada de luta, manifestantes foram ao Aeroporto Juscelino Kubistchek, na capital federal, recepcionar senadores, senadoras, deputados e deputadas. Na ter\u00e7a-feira (5), pela manh\u00e3 tamb\u00e9m houve recep\u00e7\u00e3o no aeroporto e, \u00e0 tarde, foi realizada uma mobiliza\u00e7\u00e3o em frente ao Anexo II da C\u00e2mara.<\/p>\n<div id=\"attachment_26978\" style=\"width: 1610px\" class=\"wp-caption aligncenter\"><a class=\"dt-pswp-item\" href=\"https:\/\/www.adufpb.org.br\/site\/wp-content\/uploads\/2022\/07\/2022.07.04-07-jornada-de-lutas-em-Brasilia-4-rotated.jpeg\" data-dt-img-description=\"Edson Franco e Cristiano Bonneau\" data-large_image_width=\"1600\" data-large_image_height=\"900\"><img loading=\"lazy\" decoding=\"async\" aria-describedby=\"caption-attachment-26978\" class=\"size-large wp-image-26978\" src=\"https:\/\/www.adufpb.org.br\/site\/wp-content\/uploads\/2022\/07\/2022.07.04-07-jornada-de-lutas-em-Brasilia-4-1024x576.jpeg\" alt=\"\" width=\"1024\" height=\"576\" srcset=\"https:\/\/www.adufpb.org.br\/site\/wp-content\/uploads\/2022\/07\/2022.07.04-07-jornada-de-lutas-em-Brasilia-4-1024x576.jpeg 1024w, https:\/\/www.adufpb.org.br\/site\/wp-content\/uploads\/2022\/07\/2022.07.04-07-jornada-de-lutas-em-Brasilia-4-300x169.jpeg 300w, https:\/\/www.adufpb.org.br\/site\/wp-content\/uploads\/2022\/07\/2022.07.04-07-jornada-de-lutas-em-Brasilia-4-768x432.jpeg 768w, https:\/\/www.adufpb.org.br\/site\/wp-content\/uploads\/2022\/07\/2022.07.04-07-jornada-de-lutas-em-Brasilia-4-1536x864.jpeg 1536w, https:\/\/www.adufpb.org.br\/site\/wp-content\/uploads\/2022\/07\/2022.07.04-07-jornada-de-lutas-em-Brasilia-4-250x141.jpeg 250w, https:\/\/www.adufpb.org.br\/site\/wp-content\/uploads\/2022\/07\/2022.07.04-07-jornada-de-lutas-em-Brasilia-4-rotated.jpeg 1600w\" sizes=\"auto, (max-width: 1024px) 100vw, 1024px\" \/><\/a><p id=\"caption-attachment-26978\" class=\"wp-caption-text\">Edson Franco e Cristiano Bonneau<\/p><\/div>\n<p>&nbsp;<\/p>\n<p><strong>Programa\u00e7\u00e3o de atividades<\/strong><\/p>\n<p>Nesta quarta-feira, al\u00e9m da reuni\u00e3o sobre a Proposta de Emenda \u00e0 Constitui\u00e7\u00e3o n\u00ba 96\/19, haver\u00e1 \u00e0 tarde, a partir das 14h, vig\u00edlia em frente ao Anexo II da C\u00e2mara e visita aos gabinetes de parlamentares. J\u00e1 na quinta-feira (7), \u00faltimo dia de atividades, haver\u00e1 uma grande manifesta\u00e7\u00e3o, a partir das 10h, pela imediata abertura da CPI da Educa\u00e7\u00e3o.<\/p>\n<p>Professoras e professores protestam contra os cortes e os desvios de recursos do Minist\u00e9rio da Educa\u00e7\u00e3o (MEC), cobram a realiza\u00e7\u00e3o da Comiss\u00e3o Parlamentar de Inqu\u00e9rito (CPI) do MEC, a recomposi\u00e7\u00e3o do or\u00e7amento da Pasta e o atendimento da pauta de reivindica\u00e7\u00f5es do Setor da Educa\u00e7\u00e3o, protocolada no \u00faltimo dia 14 de junho.<\/p>\n<p>Al\u00e9m disso, cobram junto com demais categorias do funcionalismo federal, a recomposi\u00e7\u00e3o salarial de 19,99%, a revoga\u00e7\u00e3o da Emenda Constitucional (EC) 95 &#8211; que imp\u00f4s o Teto dos Gastos &#8211; e o arquivamento da Proposta de Emenda \u00e0 Constitui\u00e7\u00e3o (PEC) 32, da contrarreforma Administrativa.<\/p>\n<p><em>Fonte: Andes-SN, com edi\u00e7\u00e3o da ADUFPB<\/em><\/p>\n","protected":false},"excerpt":{"rendered":"<p>A ADUFPB participa na manh\u00e3 desta quarta-feira (6) de audi\u00eancia na C\u00e2mara dos Deputados, em Bras\u00edlia, para tratar do projeto que torna obrigat\u00f3ria a execu\u00e7\u00e3o da programa\u00e7\u00e3o or\u00e7ament\u00e1ria destinada ao setor de ensino. O presidente da entidade, Cristiano Bonneau, e o tesoureiro, Edson Franco, representam o sindicato. Eles integram, desde a \u00faltima segunda-feira, as atividades&hellip;<\/p>\n","protected":false},"author":3,"featured_media":26976,"comment_status":"closed","ping_status":"closed","sticky":false,"template":"","format":"standard","meta":{"footnotes":""},"categories":[1405,15,417],"tags":[599,216,286,197,354],"class_list":["post-26970","post","type-post","status-publish","format-standard","has-post-thumbnail","hentry","category-chamada-principal","category-noticias","category-noticias-destaque","tag-brasilia","tag-educacao","tag-jornada-de-lutas","tag-orcamento","tag-protesto","category-1405","category-15","category-417","description-off"],"_links":{"self":[{"href":"https:\/\/www.adufpb.org.br\/site\/wp-json\/wp\/v2\/posts\/26970","targetHints":{"allow":["GET"]}}],"collection":[{"href":"https:\/\/www.adufpb.org.br\/site\/wp-json\/wp\/v2\/posts"}],"about":[{"href":"https:\/\/www.adufpb.org.br\/site\/wp-json\/wp\/v2\/types\/post"}],"author":[{"embeddable":true,"href":"https:\/\/www.adufpb.org.br\/site\/wp-json\/wp\/v2\/users\/3"}],"replies":[{"embeddable":true,"href":"https:\/\/www.adufpb.org.br\/site\/wp-json\/wp\/v2\/comments?post=26970"}],"version-history":[{"count":4,"href":"https:\/\/www.adufpb.org.br\/site\/wp-json\/wp\/v2\/posts\/26970\/revisions"}],"predecessor-version":[{"id":26981,"href":"https:\/\/www.adufpb.org.br\/site\/wp-json\/wp\/v2\/posts\/26970\/revisions\/26981"}],"wp:featuredmedia":[{"embeddable":true,"href":"https:\/\/www.adufpb.org.br\/site\/wp-json\/wp\/v2\/media\/26976"}],"wp:attachment":[{"href":"https:\/\/www.adufpb.org.br\/site\/wp-json\/wp\/v2\/media?parent=26970"}],"wp:term":[{"taxonomy":"category","embeddable":true,"href":"https:\/\/www.adufpb.org.br\/site\/wp-json\/wp\/v2\/categories?post=26970"},{"taxonomy":"post_tag","embeddable":true,"href":"https:\/\/www.adufpb.org.br\/site\/wp-json\/wp\/v2\/tags?post=26970"}],"curies":[{"name":"wp","href":"https:\/\/api.w.org\/{rel}","templated":true}]}}