{"id":26884,"date":"2022-06-19T12:15:00","date_gmt":"2022-06-19T15:15:00","guid":{"rendered":"https:\/\/www.adufpb.org.br\/site\/?p=26884"},"modified":"2022-06-29T10:02:54","modified_gmt":"2022-06-29T13:02:54","slug":"atencao-cerimonia-de-posse-da-nova-diretoria-e-adiada","status":"publish","type":"post","link":"https:\/\/www.adufpb.org.br\/site\/atencao-cerimonia-de-posse-da-nova-diretoria-e-adiada\/","title":{"rendered":"ATEN\u00c7\u00c3O: Cerim\u00f4nia de posse da nova Diretoria Executiva da ADUFPB \u00e9 adiada"},"content":{"rendered":"<p>A cerim\u00f4nia de posse da 34\u00aa Diretoria Executiva da ADUFPB, que aconteceria nesta segunda-feira (20), foi adiada, por quest\u00f5es de sa\u00fade, para data ainda n\u00e3o definida.<\/p>\n<p>Apesar disso, est\u00e1 mantida a transfer\u00eancia dos cargos da antiga para a nova Diretoria, com a formaliza\u00e7\u00e3o da burocracia cartorial, de forma que as diretoras eleitas e os diretores eleitos j\u00e1 come\u00e7ar\u00e3o a atuar oficialmente na ter\u00e7a-feira.<\/p>\n<p>O adiamento da cerim\u00f4nia foi necess\u00e1rio devido a alguns dos integrantes das diretorias terem apresentado sintomas respirat\u00f3rios compat\u00edveis com covid-19 e estarem impossibilitados de comparecer ao evento tanto presencial quanto virtualmente.<\/p>\n<p><em>Fonte: Ascom ADUFPB<\/em><\/p>\n","protected":false},"excerpt":{"rendered":"<p>A cerim\u00f4nia de posse da 34\u00aa Diretoria Executiva da ADUFPB, que aconteceria nesta segunda-feira (20), foi adiada, por quest\u00f5es de sa\u00fade, para data ainda n\u00e3o definida. Apesar disso, est\u00e1 mantida a transfer\u00eancia dos cargos da antiga para a nova Diretoria, com a formaliza\u00e7\u00e3o da burocracia cartorial, de forma que as diretoras eleitas e os diretores&hellip;<\/p>\n","protected":false},"author":3,"featured_media":26173,"comment_status":"closed","ping_status":"closed","sticky":false,"template":"","format":"standard","meta":{"footnotes":""},"categories":[1405,15,417],"tags":[],"class_list":["post-26884","post","type-post","status-publish","format-standard","has-post-thumbnail","hentry","category-chamada-principal","category-noticias","category-noticias-destaque","category-1405","category-15","category-417","description-off"],"_links":{"self":[{"href":"https:\/\/www.adufpb.org.br\/site\/wp-json\/wp\/v2\/posts\/26884","targetHints":{"allow":["GET"]}}],"collection":[{"href":"https:\/\/www.adufpb.org.br\/site\/wp-json\/wp\/v2\/posts"}],"about":[{"href":"https:\/\/www.adufpb.org.br\/site\/wp-json\/wp\/v2\/types\/post"}],"author":[{"embeddable":true,"href":"https:\/\/www.adufpb.org.br\/site\/wp-json\/wp\/v2\/users\/3"}],"replies":[{"embeddable":true,"href":"https:\/\/www.adufpb.org.br\/site\/wp-json\/wp\/v2\/comments?post=26884"}],"version-history":[{"count":2,"href":"https:\/\/www.adufpb.org.br\/site\/wp-json\/wp\/v2\/posts\/26884\/revisions"}],"predecessor-version":[{"id":26886,"href":"https:\/\/www.adufpb.org.br\/site\/wp-json\/wp\/v2\/posts\/26884\/revisions\/26886"}],"wp:featuredmedia":[{"embeddable":true,"href":"https:\/\/www.adufpb.org.br\/site\/wp-json\/wp\/v2\/media\/26173"}],"wp:attachment":[{"href":"https:\/\/www.adufpb.org.br\/site\/wp-json\/wp\/v2\/media?parent=26884"}],"wp:term":[{"taxonomy":"category","embeddable":true,"href":"https:\/\/www.adufpb.org.br\/site\/wp-json\/wp\/v2\/categories?post=26884"},{"taxonomy":"post_tag","embeddable":true,"href":"https:\/\/www.adufpb.org.br\/site\/wp-json\/wp\/v2\/tags?post=26884"}],"curies":[{"name":"wp","href":"https:\/\/api.w.org\/{rel}","templated":true}]}}