{"id":2675,"date":"2012-03-19T09:14:00","date_gmt":"2012-03-19T13:14:00","guid":{"rendered":"http:\/\/www.adufpb.org.br\/site\/?p=2675"},"modified":"2012-03-19T09:14:00","modified_gmt":"2012-03-19T13:14:00","slug":"cida-ramos-faz-cirurgia-de-emergencia","status":"publish","type":"post","link":"https:\/\/www.adufpb.org.br\/site\/cida-ramos-faz-cirurgia-de-emergencia\/","title":{"rendered":"Cida Ramos faz cirurgia de emerg\u00eancia"},"content":{"rendered":"<p>Aa secret\u00e1ria de Desenvolvimento Humano do Estado, Aparecida Ramos, sofreu um acidente em Salvador, na Bahia, no fim da manh\u00e3 da sexta-feira (16), quando iria participar do F\u00f3rum Nacional de Secret\u00e1rios do Trabalho. De acordo com a assessoria de imprensa da secretaria, Aparecida fraturou a t\u00edbia da perna direita na rampa do hotel onde estava hospedada. Ela chegou \u00e0 Para\u00edba no s\u00e1bado (17).<br \/>\nCida Ramos foi socorrida para o Hospital do Aeroporto, onde foi submetida a uma cirurgia de emerg\u00eancia sob a coordena\u00e7\u00e3o do ortopedista Carlos Henrique. Depois de passar um tempo em observa\u00e7\u00e3o, a secret\u00e1ria recebeu alta na manh\u00e3 deste s\u00e1bado e retornou a Jo\u00e3o Pessoa.<br \/>\n\u201cEstou bem, foi um susto. J\u00e1 recebi alta e chego ainda neste s\u00e1bado em Jo\u00e3o Pessoa. Na ter\u00e7a-feira estarei de volta \u00e0s atividades na Secretaria\u201d, comentou Aparecida Ramos por meio da assessoria de imprensa da secretaria.<\/p>\n<p>Fonte: G1\/Para\u00edba<\/p>\n<p>&nbsp;<\/p>\n","protected":false},"excerpt":{"rendered":"<p>Aa secret\u00e1ria de Desenvolvimento Humano do Estado, Aparecida Ramos, sofreu um acidente em Salvador, na Bahia, no fim da manh\u00e3 da sexta-feira (16), quando iria participar do F\u00f3rum Nacional de Secret\u00e1rios do Trabalho. De acordo com a assessoria de imprensa da secretaria, Aparecida fraturou a t\u00edbia da perna direita na rampa do hotel onde estava&hellip;<\/p>\n","protected":false},"author":1,"featured_media":0,"comment_status":"open","ping_status":"open","sticky":false,"template":"","format":"standard","meta":{"footnotes":""},"categories":[15],"tags":[],"class_list":["post-2675","post","type-post","status-publish","format-standard","hentry","category-noticias","category-15","description-off"],"_links":{"self":[{"href":"https:\/\/www.adufpb.org.br\/site\/wp-json\/wp\/v2\/posts\/2675","targetHints":{"allow":["GET"]}}],"collection":[{"href":"https:\/\/www.adufpb.org.br\/site\/wp-json\/wp\/v2\/posts"}],"about":[{"href":"https:\/\/www.adufpb.org.br\/site\/wp-json\/wp\/v2\/types\/post"}],"author":[{"embeddable":true,"href":"https:\/\/www.adufpb.org.br\/site\/wp-json\/wp\/v2\/users\/1"}],"replies":[{"embeddable":true,"href":"https:\/\/www.adufpb.org.br\/site\/wp-json\/wp\/v2\/comments?post=2675"}],"version-history":[{"count":1,"href":"https:\/\/www.adufpb.org.br\/site\/wp-json\/wp\/v2\/posts\/2675\/revisions"}],"predecessor-version":[{"id":2676,"href":"https:\/\/www.adufpb.org.br\/site\/wp-json\/wp\/v2\/posts\/2675\/revisions\/2676"}],"wp:attachment":[{"href":"https:\/\/www.adufpb.org.br\/site\/wp-json\/wp\/v2\/media?parent=2675"}],"wp:term":[{"taxonomy":"category","embeddable":true,"href":"https:\/\/www.adufpb.org.br\/site\/wp-json\/wp\/v2\/categories?post=2675"},{"taxonomy":"post_tag","embeddable":true,"href":"https:\/\/www.adufpb.org.br\/site\/wp-json\/wp\/v2\/tags?post=2675"}],"curies":[{"name":"wp","href":"https:\/\/api.w.org\/{rel}","templated":true}]}}