{"id":26713,"date":"2022-05-30T21:00:48","date_gmt":"2022-05-31T00:00:48","guid":{"rendered":"https:\/\/www.adufpb.org.br\/site\/?p=26713"},"modified":"2022-06-10T14:35:14","modified_gmt":"2022-06-10T17:35:14","slug":"comissao-eleitoral-da-adufpb-divulga-locais-de-urnas-votacao-sera-na-proxima-quarta-feira-1o","status":"publish","type":"post","link":"https:\/\/www.adufpb.org.br\/site\/comissao-eleitoral-da-adufpb-divulga-locais-de-urnas-votacao-sera-na-proxima-quarta-feira-1o\/","title":{"rendered":"Comiss\u00e3o Eleitoral da ADUFPB divulga locais de urnas; vota\u00e7\u00e3o ser\u00e1 nesta quarta-feira (1\u00ba)"},"content":{"rendered":"<p>Ap\u00f3s reuni\u00e3o realizada no final da tarde desta segunda-feira (30), a Comiss\u00e3o Eleitoral da ADUFPB divulgou a listagem consolidada dos locais onde ficar\u00e3o disponibilizadas as urnas da elei\u00e7\u00e3o para escolha da 34\u00aa Diretoria Executiva e do Conselho de Representantes do sindicato.<\/p>\n<p>Aproximadamente dois mil docentes est\u00e3o aptos(as) a votar nos quatro campi da UFPB, e 18 urnas ser\u00e3o disponibilizadas nos centros de ensino e na sede da ADUFPB. A vota\u00e7\u00e3o come\u00e7a \u00e0s 8h e se encerra \u00e0s 18h ou \u00e0s \u00e0s 21h, a depender do local de vota\u00e7\u00e3o. Confira os hor\u00e1rios de cada urna na rela\u00e7\u00e3o divulgada pela Comiss\u00e3o Eleitoral. <a href=\"https:\/\/www.adufpb.org.br\/site\/wp-content\/uploads\/2022\/05\/NOVO-MAPA-DE-URNAS.pdf\" target=\"_blank\" rel=\"noopener noreferrer\">Clique aqui para baixar o documento.<\/a><\/p>\n<p><em>Fonte: Ascom ADUFPB<\/em><\/p>\n","protected":false},"excerpt":{"rendered":"<p>Ap\u00f3s reuni\u00e3o realizada no final da tarde desta segunda-feira (30), a Comiss\u00e3o Eleitoral da ADUFPB divulgou a listagem consolidada dos locais onde ficar\u00e3o disponibilizadas as urnas da elei\u00e7\u00e3o para escolha da 34\u00aa Diretoria Executiva e do Conselho de Representantes do sindicato. Aproximadamente dois mil docentes est\u00e3o aptos(as) a votar nos quatro campi da UFPB, e&hellip;<\/p>\n","protected":false},"author":3,"featured_media":26715,"comment_status":"closed","ping_status":"closed","sticky":false,"template":"","format":"standard","meta":{"footnotes":""},"categories":[1405,1545,15,417],"tags":[361],"class_list":["post-26713","post","type-post","status-publish","format-standard","has-post-thumbnail","hentry","category-chamada-principal","category-eleicoes-2022","category-noticias","category-noticias-destaque","tag-eleicao-adufpb","category-1405","category-1545","category-15","category-417","description-off"],"_links":{"self":[{"href":"https:\/\/www.adufpb.org.br\/site\/wp-json\/wp\/v2\/posts\/26713","targetHints":{"allow":["GET"]}}],"collection":[{"href":"https:\/\/www.adufpb.org.br\/site\/wp-json\/wp\/v2\/posts"}],"about":[{"href":"https:\/\/www.adufpb.org.br\/site\/wp-json\/wp\/v2\/types\/post"}],"author":[{"embeddable":true,"href":"https:\/\/www.adufpb.org.br\/site\/wp-json\/wp\/v2\/users\/3"}],"replies":[{"embeddable":true,"href":"https:\/\/www.adufpb.org.br\/site\/wp-json\/wp\/v2\/comments?post=26713"}],"version-history":[{"count":3,"href":"https:\/\/www.adufpb.org.br\/site\/wp-json\/wp\/v2\/posts\/26713\/revisions"}],"predecessor-version":[{"id":26730,"href":"https:\/\/www.adufpb.org.br\/site\/wp-json\/wp\/v2\/posts\/26713\/revisions\/26730"}],"wp:featuredmedia":[{"embeddable":true,"href":"https:\/\/www.adufpb.org.br\/site\/wp-json\/wp\/v2\/media\/26715"}],"wp:attachment":[{"href":"https:\/\/www.adufpb.org.br\/site\/wp-json\/wp\/v2\/media?parent=26713"}],"wp:term":[{"taxonomy":"category","embeddable":true,"href":"https:\/\/www.adufpb.org.br\/site\/wp-json\/wp\/v2\/categories?post=26713"},{"taxonomy":"post_tag","embeddable":true,"href":"https:\/\/www.adufpb.org.br\/site\/wp-json\/wp\/v2\/tags?post=26713"}],"curies":[{"name":"wp","href":"https:\/\/api.w.org\/{rel}","templated":true}]}}