{"id":26625,"date":"2022-05-13T10:09:40","date_gmt":"2022-05-13T13:09:40","guid":{"rendered":"https:\/\/www.adufpb.org.br\/site\/?p=26625"},"modified":"2022-05-19T09:17:06","modified_gmt":"2022-05-19T12:17:06","slug":"luta-contra-intervencao-nas-ifes-reune-secoes-sindicais-e-reitores-em-brasilia","status":"publish","type":"post","link":"https:\/\/www.adufpb.org.br\/site\/luta-contra-intervencao-nas-ifes-reune-secoes-sindicais-e-reitores-em-brasilia\/","title":{"rendered":"Luta contra interven\u00e7\u00e3o nas IFEs re\u00fane se\u00e7\u00f5es sindicais e reitores em Bras\u00edlia"},"content":{"rendered":"<p><a class=\"dt-pswp-item\" href=\"https:\/\/www.adufpb.org.br\/site\/wp-content\/uploads\/2022\/05\/05.2011-movimento-contra-intervencao-nas-IFES-em-Brasilia-3.jpeg\" data-dt-img-description=\"\" data-large_image_width=\"1024\" data-large_image_height=\"768\"><img loading=\"lazy\" decoding=\"async\" class=\"alignright size-medium wp-image-26628\" src=\"https:\/\/www.adufpb.org.br\/site\/wp-content\/uploads\/2022\/05\/05.2011-movimento-contra-intervencao-nas-IFES-em-Brasilia-3-300x225.jpeg\" alt=\"\" width=\"300\" height=\"225\" srcset=\"https:\/\/www.adufpb.org.br\/site\/wp-content\/uploads\/2022\/05\/05.2011-movimento-contra-intervencao-nas-IFES-em-Brasilia-3-300x225.jpeg 300w, https:\/\/www.adufpb.org.br\/site\/wp-content\/uploads\/2022\/05\/05.2011-movimento-contra-intervencao-nas-IFES-em-Brasilia-3-768x576.jpeg 768w, https:\/\/www.adufpb.org.br\/site\/wp-content\/uploads\/2022\/05\/05.2011-movimento-contra-intervencao-nas-IFES-em-Brasilia-3-250x188.jpeg 250w, https:\/\/www.adufpb.org.br\/site\/wp-content\/uploads\/2022\/05\/05.2011-movimento-contra-intervencao-nas-IFES-em-Brasilia-3.jpeg 1024w\" sizes=\"auto, (max-width: 300px) 100vw, 300px\" \/><\/a>A ADUFPB participou ativamente do Encontro das Universidades, Institutos Federais e CEFETs em Luta contra as Interven\u00e7\u00f5es, realizado pelo ANDES-SN desde a manh\u00e3 de quarta-feira (11), em Bras\u00edlia-DF, e encerrado nesta quinta (12). Deliberado no 40\u00ba Congresso do Sindicato Nacional, ocorrido em mar\u00e7o deste ano, o evento contou com a participa\u00e7\u00e3o de 30 se\u00e7\u00f5es sindicais e do F\u00f3rum de Reitores e Reitoras Eleitos e n\u00e3o Empossados por Bolsonaro.<\/p>\n<p>Como desfecho, o semin\u00e1rio ter\u00e1 a publica\u00e7\u00e3o de todas as falas sobre as interven\u00e7\u00f5es e a retomada da articula\u00e7\u00e3o nacional para a constru\u00e7\u00e3o de a\u00e7\u00f5es em conjunto com as se\u00e7\u00f5es sindicais sob interven\u00e7\u00e3o. \u201cNo dia 20 deste m\u00eas, teremos nova reuni\u00e3o com as sess\u00f5es sindicais que participaram do semin\u00e1rio. Al\u00e9m de outros encaminhamentos, trataremos dessa quest\u00e3o, que deve ter efeitos pr\u00e1ticos dentro dos pr\u00f3ximos 30 dias\u201d, disse Fernando Cunha, presidente da ADUFPB.<\/p>\n<p>Para ele, a lei que trata da nomea\u00e7\u00e3o de reitores precisa ser revogada e substitu\u00edda por uma que, depois de passar por amplo debate, atenda ao que a comunidade universit\u00e1ria quer: ser respeitada na sua decis\u00e3o. \u201cOs representantes escolhidos devem ser empossados, sem o risco de serem v\u00edtimas de artimanhas\u201d, enfatizou. Segundo Fernando, desde que Bolsonaro assumiu a presid\u00eancia, mais de 20 institui\u00e7\u00f5es federais de ensino (IFEs) sofreram interven\u00e7\u00e3o do governo federal na escolha de reitores e reitoras.<\/p>\n<p>O encontro realizou tr\u00eas mesas-redondas para tratar dos diferentes tipos de interven\u00e7\u00e3o no Brasil, apresentar as quest\u00f5es jur\u00eddicas e os impactos dessas interven\u00e7\u00f5es na gest\u00e3o das institui\u00e7\u00f5es e analisar o que elas significam para o governo que a\u00ed est\u00e1, do ponto de vista pol\u00edtico e estrat\u00e9gico. Tamb\u00e9m lan\u00e7ou dois dossi\u00eas: \u201cMilitariza\u00e7\u00e3o do Governo Bolsonaro e Interven\u00e7\u00e3o nas Institui\u00e7\u00f5es Federais de Ensino\u201d e \u201cA Inven\u00e7\u00e3o da Balb\u00fardia\u201d, que abordam as interven\u00e7\u00f5es nessas institui\u00e7\u00f5es.<\/p>\n<p><strong>Fora Bolsonaro<\/strong><\/p>\n<p>Na tarde desta quinta, os participantes do encontro participaram de um ato \u201cFora Bolsonaro\u201d e pela recomposi\u00e7\u00e3o salarial de 19,99%, na Pra\u00e7a dos Tr\u00eas Poderes, local que re\u00fane o Pal\u00e1cio do Planalto, o Supremo Tribunal Federal e o Congresso Nacional. O protesto foi inicialmente convocado pelo Sinasefe e incorporado \u00e0 agenda das entidades do setor da educa\u00e7\u00e3o.<\/p>\n\n\t\t\t<style type='text\/css'>\n\t\t\t\t#gallery-1 {\n\t\t\t\t\tmargin: auto;\n\t\t\t\t}\n\t\t\t\t#gallery-1 .gallery-item {\n\t\t\t\t\tfloat: left;\n\t\t\t\t\tmargin-top: 10px;\n\t\t\t\t\ttext-align: center;\n\t\t\t\t\twidth: 100%;\n\t\t\t\t}\n\t\t\t\t#gallery-1 img {\n\t\t\t\t\tborder: 2px solid #cfcfcf;\n\t\t\t\t}\n\t\t\t\t#gallery-1 .gallery-caption {\n\t\t\t\t\tmargin-left: 0;\n\t\t\t\t}\n\t\t\t\t\/* see gallery_shortcode() in wp-includes\/media.php *\/\n\t\t\t<\/style>\n\t\t<div id='gallery-1' class='dt-gallery-container gallery galleryid-26625 gallery-columns-1 gallery-size-large'><dl class='gallery-item'>\n\t\t\t\t<dt class='gallery-icon landscape'>\n\t\t\t\t\t<a class=\"rollover\" href='https:\/\/www.adufpb.org.br\/site\/luta-contra-intervencao-nas-ifes-reune-secoes-sindicais-e-reitores-em-brasilia\/05-2011-movimento-contra-intervencao-nas-ifes-em-brasilia-6\/'><img loading=\"lazy\" decoding=\"async\" width=\"1024\" height=\"768\" src=\"https:\/\/www.adufpb.org.br\/site\/wp-content\/uploads\/2022\/05\/05.2011-movimento-contra-intervencao-nas-IFES-em-Brasilia-6.jpeg\" class=\"attachment-large size-large\" alt=\"\" srcset=\"https:\/\/www.adufpb.org.br\/site\/wp-content\/uploads\/2022\/05\/05.2011-movimento-contra-intervencao-nas-IFES-em-Brasilia-6.jpeg 1024w, https:\/\/www.adufpb.org.br\/site\/wp-content\/uploads\/2022\/05\/05.2011-movimento-contra-intervencao-nas-IFES-em-Brasilia-6-300x225.jpeg 300w, https:\/\/www.adufpb.org.br\/site\/wp-content\/uploads\/2022\/05\/05.2011-movimento-contra-intervencao-nas-IFES-em-Brasilia-6-768x576.jpeg 768w, https:\/\/www.adufpb.org.br\/site\/wp-content\/uploads\/2022\/05\/05.2011-movimento-contra-intervencao-nas-IFES-em-Brasilia-6-250x188.jpeg 250w\" sizes=\"auto, (max-width: 1024px) 100vw, 1024px\" \/><\/a>\n\t\t\t\t<\/dt><\/dl><br style=\"clear: both\" \/><dl class='gallery-item'>\n\t\t\t\t<dt class='gallery-icon landscape'>\n\t\t\t\t\t<a class=\"rollover\" href='https:\/\/www.adufpb.org.br\/site\/luta-contra-intervencao-nas-ifes-reune-secoes-sindicais-e-reitores-em-brasilia\/05-2011-movimento-contra-intervencao-nas-ifes-em-brasilia-4\/'><img loading=\"lazy\" decoding=\"async\" width=\"1024\" height=\"768\" src=\"https:\/\/www.adufpb.org.br\/site\/wp-content\/uploads\/2022\/05\/05.2011-movimento-contra-intervencao-nas-IFES-em-Brasilia-4.jpeg\" class=\"attachment-large size-large\" alt=\"\" srcset=\"https:\/\/www.adufpb.org.br\/site\/wp-content\/uploads\/2022\/05\/05.2011-movimento-contra-intervencao-nas-IFES-em-Brasilia-4.jpeg 1024w, https:\/\/www.adufpb.org.br\/site\/wp-content\/uploads\/2022\/05\/05.2011-movimento-contra-intervencao-nas-IFES-em-Brasilia-4-300x225.jpeg 300w, https:\/\/www.adufpb.org.br\/site\/wp-content\/uploads\/2022\/05\/05.2011-movimento-contra-intervencao-nas-IFES-em-Brasilia-4-768x576.jpeg 768w, https:\/\/www.adufpb.org.br\/site\/wp-content\/uploads\/2022\/05\/05.2011-movimento-contra-intervencao-nas-IFES-em-Brasilia-4-250x188.jpeg 250w\" sizes=\"auto, (max-width: 1024px) 100vw, 1024px\" \/><\/a>\n\t\t\t\t<\/dt><\/dl><br style=\"clear: both\" \/><dl class='gallery-item'>\n\t\t\t\t<dt class='gallery-icon landscape'>\n\t\t\t\t\t<a class=\"rollover\" href='https:\/\/www.adufpb.org.br\/site\/luta-contra-intervencao-nas-ifes-reune-secoes-sindicais-e-reitores-em-brasilia\/05-2011-movimento-contra-intervencao-nas-ifes-em-brasilia-3\/'><img loading=\"lazy\" decoding=\"async\" width=\"1024\" height=\"768\" src=\"https:\/\/www.adufpb.org.br\/site\/wp-content\/uploads\/2022\/05\/05.2011-movimento-contra-intervencao-nas-IFES-em-Brasilia-3.jpeg\" class=\"attachment-large size-large\" alt=\"\" srcset=\"https:\/\/www.adufpb.org.br\/site\/wp-content\/uploads\/2022\/05\/05.2011-movimento-contra-intervencao-nas-IFES-em-Brasilia-3.jpeg 1024w, https:\/\/www.adufpb.org.br\/site\/wp-content\/uploads\/2022\/05\/05.2011-movimento-contra-intervencao-nas-IFES-em-Brasilia-3-300x225.jpeg 300w, https:\/\/www.adufpb.org.br\/site\/wp-content\/uploads\/2022\/05\/05.2011-movimento-contra-intervencao-nas-IFES-em-Brasilia-3-768x576.jpeg 768w, https:\/\/www.adufpb.org.br\/site\/wp-content\/uploads\/2022\/05\/05.2011-movimento-contra-intervencao-nas-IFES-em-Brasilia-3-250x188.jpeg 250w\" sizes=\"auto, (max-width: 1024px) 100vw, 1024px\" \/><\/a>\n\t\t\t\t<\/dt><\/dl><br style=\"clear: both\" \/><dl class='gallery-item'>\n\t\t\t\t<dt class='gallery-icon landscape'>\n\t\t\t\t\t<a class=\"rollover\" href='https:\/\/www.adufpb.org.br\/site\/luta-contra-intervencao-nas-ifes-reune-secoes-sindicais-e-reitores-em-brasilia\/05-2011-movimento-contra-intervencao-nas-ifes-em-brasilia-2\/'><img loading=\"lazy\" decoding=\"async\" width=\"1024\" height=\"768\" src=\"https:\/\/www.adufpb.org.br\/site\/wp-content\/uploads\/2022\/05\/05.2011-movimento-contra-intervencao-nas-IFES-em-Brasilia-2.jpeg\" class=\"attachment-large size-large\" alt=\"\" srcset=\"https:\/\/www.adufpb.org.br\/site\/wp-content\/uploads\/2022\/05\/05.2011-movimento-contra-intervencao-nas-IFES-em-Brasilia-2.jpeg 1024w, https:\/\/www.adufpb.org.br\/site\/wp-content\/uploads\/2022\/05\/05.2011-movimento-contra-intervencao-nas-IFES-em-Brasilia-2-300x225.jpeg 300w, https:\/\/www.adufpb.org.br\/site\/wp-content\/uploads\/2022\/05\/05.2011-movimento-contra-intervencao-nas-IFES-em-Brasilia-2-768x576.jpeg 768w, https:\/\/www.adufpb.org.br\/site\/wp-content\/uploads\/2022\/05\/05.2011-movimento-contra-intervencao-nas-IFES-em-Brasilia-2-250x188.jpeg 250w\" sizes=\"auto, (max-width: 1024px) 100vw, 1024px\" \/><\/a>\n\t\t\t\t<\/dt><\/dl><br style=\"clear: both\" \/><dl class='gallery-item'>\n\t\t\t\t<dt class='gallery-icon landscape'>\n\t\t\t\t\t<a class=\"rollover\" href='https:\/\/www.adufpb.org.br\/site\/luta-contra-intervencao-nas-ifes-reune-secoes-sindicais-e-reitores-em-brasilia\/05-2011-movimento-contra-intervencao-nas-ifes-em-brasilia-1\/'><img loading=\"lazy\" decoding=\"async\" width=\"1024\" height=\"768\" src=\"https:\/\/www.adufpb.org.br\/site\/wp-content\/uploads\/2022\/05\/05.2011-movimento-contra-intervencao-nas-IFES-em-Brasilia-1.jpeg\" class=\"attachment-large size-large\" alt=\"\" srcset=\"https:\/\/www.adufpb.org.br\/site\/wp-content\/uploads\/2022\/05\/05.2011-movimento-contra-intervencao-nas-IFES-em-Brasilia-1.jpeg 1024w, https:\/\/www.adufpb.org.br\/site\/wp-content\/uploads\/2022\/05\/05.2011-movimento-contra-intervencao-nas-IFES-em-Brasilia-1-300x225.jpeg 300w, https:\/\/www.adufpb.org.br\/site\/wp-content\/uploads\/2022\/05\/05.2011-movimento-contra-intervencao-nas-IFES-em-Brasilia-1-768x576.jpeg 768w, https:\/\/www.adufpb.org.br\/site\/wp-content\/uploads\/2022\/05\/05.2011-movimento-contra-intervencao-nas-IFES-em-Brasilia-1-250x188.jpeg 250w\" sizes=\"auto, (max-width: 1024px) 100vw, 1024px\" \/><\/a>\n\t\t\t\t<\/dt><\/dl><br style=\"clear: both\" \/>\n\t\t\t<\/div>\n\n<p><em>Fonte: Ascom ADUFPB<\/em><\/p>\n","protected":false},"excerpt":{"rendered":"<p>A ADUFPB participou ativamente do Encontro das Universidades, Institutos Federais e CEFETs em Luta contra as Interven\u00e7\u00f5es, realizado pelo ANDES-SN desde a manh\u00e3 de quarta-feira (11), em Bras\u00edlia-DF, e encerrado nesta quinta (12). Deliberado no 40\u00ba Congresso do Sindicato Nacional, ocorrido em mar\u00e7o deste ano, o evento contou com a participa\u00e7\u00e3o de 30 se\u00e7\u00f5es sindicais&hellip;<\/p>\n","protected":false},"author":3,"featured_media":26631,"comment_status":"closed","ping_status":"closed","sticky":false,"template":"","format":"standard","meta":{"footnotes":""},"categories":[1405,15,417],"tags":[599,202,1413,1426],"class_list":["post-26625","post","type-post","status-publish","format-standard","has-post-thumbnail","hentry","category-chamada-principal","category-noticias","category-noticias-destaque","tag-brasilia","tag-ifes","tag-intervencao","tag-interventor","category-1405","category-15","category-417","description-off"],"_links":{"self":[{"href":"https:\/\/www.adufpb.org.br\/site\/wp-json\/wp\/v2\/posts\/26625","targetHints":{"allow":["GET"]}}],"collection":[{"href":"https:\/\/www.adufpb.org.br\/site\/wp-json\/wp\/v2\/posts"}],"about":[{"href":"https:\/\/www.adufpb.org.br\/site\/wp-json\/wp\/v2\/types\/post"}],"author":[{"embeddable":true,"href":"https:\/\/www.adufpb.org.br\/site\/wp-json\/wp\/v2\/users\/3"}],"replies":[{"embeddable":true,"href":"https:\/\/www.adufpb.org.br\/site\/wp-json\/wp\/v2\/comments?post=26625"}],"version-history":[{"count":2,"href":"https:\/\/www.adufpb.org.br\/site\/wp-json\/wp\/v2\/posts\/26625\/revisions"}],"predecessor-version":[{"id":26633,"href":"https:\/\/www.adufpb.org.br\/site\/wp-json\/wp\/v2\/posts\/26625\/revisions\/26633"}],"wp:featuredmedia":[{"embeddable":true,"href":"https:\/\/www.adufpb.org.br\/site\/wp-json\/wp\/v2\/media\/26631"}],"wp:attachment":[{"href":"https:\/\/www.adufpb.org.br\/site\/wp-json\/wp\/v2\/media?parent=26625"}],"wp:term":[{"taxonomy":"category","embeddable":true,"href":"https:\/\/www.adufpb.org.br\/site\/wp-json\/wp\/v2\/categories?post=26625"},{"taxonomy":"post_tag","embeddable":true,"href":"https:\/\/www.adufpb.org.br\/site\/wp-json\/wp\/v2\/tags?post=26625"}],"curies":[{"name":"wp","href":"https:\/\/api.w.org\/{rel}","templated":true}]}}