{"id":26526,"date":"2022-04-27T11:15:41","date_gmt":"2022-04-27T14:15:41","guid":{"rendered":"https:\/\/www.adufpb.org.br\/site\/?p=26526"},"modified":"2022-05-02T10:46:34","modified_gmt":"2022-05-02T13:46:34","slug":"26526-2","status":"publish","type":"post","link":"https:\/\/www.adufpb.org.br\/site\/26526-2\/","title":{"rendered":"Semana de Luta das Ifes: entidades realizam ato em frente ao STF nesta quarta-feira (27)"},"content":{"rendered":"<p>Come\u00e7ou na \u00faltima segunda-feira (25) a Semana de Luta do Setor das Institui\u00e7\u00f5es Federais de Ensino (Ifes) do ANDES-SN que tem como tema central \u201cPela reposi\u00e7\u00e3o salarial e em defesa da Educa\u00e7\u00e3o P\u00fablica\u201d. A s\u00e9rie de atividades foi aprovada no 40\u00ba Congresso do ANDES-SN realizado em Porto Alegre (RS) entre 27 de mar\u00e7o e 1\u00ba de abril.<\/p>\n<p>Durante esse per\u00edodo, as e os docentes realizam paralisa\u00e7\u00f5es e atos nos estados, com indica\u00e7\u00e3o de atividades nas universidades, institutos e cefets, como assembleias da categoria, rodas de conversa nas institui\u00e7\u00f5es, fixa\u00e7\u00e3o de faixas, entre outras atividades locais que dialoguem com a comunidade universit\u00e1ria e a sociedade sobre as condi\u00e7\u00f5es de trabalho, os impactos dos cortes or\u00e7ament\u00e1rios, a necessidade de reposi\u00e7\u00e3o salarial e or\u00e7ament\u00e1ria nas institui\u00e7\u00f5es de ensino superior (IES), entre outros temas.<\/p>\n<p>De acordo com a Circular n\u00ba 143\/2022, uma agenda complementar ser\u00e1 realizada em Bras\u00edlia (DF), em conjunto com as servidoras e os servidores p\u00fablicos federais, no \u00e2mbito do F\u00f3rum das Entidades Nacionais dos Servidores P\u00fablicos Federais (Fonasefe). Durante a semana ser\u00e1 mantida a vig\u00edlia em frente ao Minist\u00e9rio da Economia, em Bras\u00edlia (DF), e tamb\u00e9m a realiza\u00e7\u00e3o de outras atividades na capital federal, para pressionar o governo a abrir negocia\u00e7\u00f5es acerca da recomposi\u00e7\u00e3o salarial emergencial de 19,99%, reivindicada em unidade por todas as categorias do funcionalismo federal.<\/p>\n<p>Na ter\u00e7a, 26 de abril, ocorreu uma reuni\u00e3o com a lideran\u00e7a da minoria na C\u00e2mara dos Deputados e representantes de cada entidade do Fonasefe. J\u00e1 nesta quarta, 27 de abril, as servidoras e os servidores participam de um ato em frente ao Supremo Tribunal Federal (STF).<\/p>\n<p>No dia da paralisa\u00e7\u00e3o nacional, em 28 abril, as servidoras e os servidores p\u00fablicos saem em marcha pela Esplanada dos Minist\u00e9rios para pressionar o governo federal a receber as e os representantes das categorias do funcionalismo p\u00fablico. Na parte da tarde, ocorre uma panfletagem na Rodovi\u00e1ria do Plano Piloto, regi\u00e3o central de Bras\u00edlia, e no per\u00edodo da noite ser\u00e1 realizado um ato pol\u00edtico-cultural em frente ao Museu Nacional, com a participa\u00e7\u00e3o do rapper GOG &#8211; conhecido como o \u201cpoeta do rap nacional\u201d, com 32 anos de carreira e defensor da produ\u00e7\u00e3o musical independente &#8211; e da sambista Kika Ribeiro que conta no seu repert\u00f3rio com sambas autorais e releituras de grandes artistas da m\u00fasica brasileira. O ato pol\u00edtico-cultural contar\u00e1 ainda com proje\u00e7\u00f5es de imagens em defesa dos servi\u00e7os p\u00fablicos.<\/p>\n<p><strong><a class=\"dt-pswp-item\" href=\"https:\/\/www.adufpb.org.br\/site\/wp-content\/uploads\/2022\/04\/campanha-salarial-das-ifes-andes-2.jpeg\" data-dt-img-description=\"\" data-large_image_width=\"600\" data-large_image_height=\"602\"><img loading=\"lazy\" decoding=\"async\" class=\"aligncenter size-full wp-image-26528\" src=\"https:\/\/www.adufpb.org.br\/site\/wp-content\/uploads\/2022\/04\/campanha-salarial-das-ifes-andes-2.jpeg\" alt=\"\" width=\"600\" height=\"602\" srcset=\"https:\/\/www.adufpb.org.br\/site\/wp-content\/uploads\/2022\/04\/campanha-salarial-das-ifes-andes-2.jpeg 600w, https:\/\/www.adufpb.org.br\/site\/wp-content\/uploads\/2022\/04\/campanha-salarial-das-ifes-andes-2-300x300.jpeg 300w, https:\/\/www.adufpb.org.br\/site\/wp-content\/uploads\/2022\/04\/campanha-salarial-das-ifes-andes-2-150x150.jpeg 150w, https:\/\/www.adufpb.org.br\/site\/wp-content\/uploads\/2022\/04\/campanha-salarial-das-ifes-andes-2-250x251.jpeg 250w\" sizes=\"auto, (max-width: 600px) 100vw, 600px\" \/><\/a><\/strong><\/p>\n<p><strong><a class=\"dt-pswp-item\" href=\"https:\/\/www.adufpb.org.br\/site\/wp-content\/uploads\/2022\/04\/campanha-salarial-das-ifes-andes-1.jpeg\" data-dt-img-description=\"\" data-large_image_width=\"599\" data-large_image_height=\"600\"><img loading=\"lazy\" decoding=\"async\" class=\"aligncenter size-full wp-image-26527\" src=\"https:\/\/www.adufpb.org.br\/site\/wp-content\/uploads\/2022\/04\/campanha-salarial-das-ifes-andes-1.jpeg\" alt=\"\" width=\"599\" height=\"600\" srcset=\"https:\/\/www.adufpb.org.br\/site\/wp-content\/uploads\/2022\/04\/campanha-salarial-das-ifes-andes-1.jpeg 599w, https:\/\/www.adufpb.org.br\/site\/wp-content\/uploads\/2022\/04\/campanha-salarial-das-ifes-andes-1-300x300.jpeg 300w, https:\/\/www.adufpb.org.br\/site\/wp-content\/uploads\/2022\/04\/campanha-salarial-das-ifes-andes-1-150x150.jpeg 150w, https:\/\/www.adufpb.org.br\/site\/wp-content\/uploads\/2022\/04\/campanha-salarial-das-ifes-andes-1-250x250.jpeg 250w\" sizes=\"auto, (max-width: 599px) 100vw, 599px\" \/><\/a><\/strong><\/p>\n<p><strong>Confira a agenda em Bras\u00edlia<\/strong><\/p>\n<p>25 a 27 de abril &#8211; Vig\u00edlia em frente ao Minist\u00e9rio da Economia, em Bras\u00edlia (DF)<\/p>\n<p>26 de abril &#8211; Reuni\u00e3o \u00e0s 14h com a lideran\u00e7a da minoria na C\u00e2mara dos Deputados e representantes de cada entidade do Fonasefe<\/p>\n<p>27 de abril &#8211; Ato \u00e0s 14h em frente ao Supremo Tribunal Federal (STF)<\/p>\n<p>28 de abril &#8211; Paralisa\u00e7\u00e3o Nacional:<\/p>\n<p>&gt;9h &#8211; Concentra\u00e7\u00e3o no Bloco C do Minist\u00e9rio da Economia para a Marcha das e dos SPF<\/p>\n<p>&gt;10h &#8211; Sa\u00edda da Marcha das e dos SPF do Bloco C em dire\u00e7\u00e3o ao Bloco P<\/p>\n<p>&gt;16h \u00e0s 18h &#8211; Panfletagem na Rodovi\u00e1ria do Plano Piloto<\/p>\n<p>&gt;18h \u00e0s 19h30 &#8211; Ato pol\u00edtico-cultural em frente ao Museu Nacional<\/p>\n<p><em>Fonte: Andes-SN<\/em><\/p>\n","protected":false},"excerpt":{"rendered":"<p>Come\u00e7ou na \u00faltima segunda-feira (25) a Semana de Luta do Setor das Institui\u00e7\u00f5es Federais de Ensino (Ifes) do ANDES-SN que tem como tema central \u201cPela reposi\u00e7\u00e3o salarial e em defesa da Educa\u00e7\u00e3o P\u00fablica\u201d. A s\u00e9rie de atividades foi aprovada no 40\u00ba Congresso do ANDES-SN realizado em Porto Alegre (RS) entre 27 de mar\u00e7o e 1\u00ba&hellip;<\/p>\n","protected":false},"author":3,"featured_media":26529,"comment_status":"closed","ping_status":"closed","sticky":false,"template":"","format":"standard","meta":{"footnotes":""},"categories":[15,417],"tags":[143,150,1549,1548],"class_list":["post-26526","post","type-post","status-publish","format-standard","has-post-thumbnail","hentry","category-noticias","category-noticias-destaque","tag-campanha-salarial","tag-reajuste","tag-reajuste-emergencial","tag-semana-de-lutas","category-15","category-417","description-off"],"_links":{"self":[{"href":"https:\/\/www.adufpb.org.br\/site\/wp-json\/wp\/v2\/posts\/26526","targetHints":{"allow":["GET"]}}],"collection":[{"href":"https:\/\/www.adufpb.org.br\/site\/wp-json\/wp\/v2\/posts"}],"about":[{"href":"https:\/\/www.adufpb.org.br\/site\/wp-json\/wp\/v2\/types\/post"}],"author":[{"embeddable":true,"href":"https:\/\/www.adufpb.org.br\/site\/wp-json\/wp\/v2\/users\/3"}],"replies":[{"embeddable":true,"href":"https:\/\/www.adufpb.org.br\/site\/wp-json\/wp\/v2\/comments?post=26526"}],"version-history":[{"count":3,"href":"https:\/\/www.adufpb.org.br\/site\/wp-json\/wp\/v2\/posts\/26526\/revisions"}],"predecessor-version":[{"id":26532,"href":"https:\/\/www.adufpb.org.br\/site\/wp-json\/wp\/v2\/posts\/26526\/revisions\/26532"}],"wp:featuredmedia":[{"embeddable":true,"href":"https:\/\/www.adufpb.org.br\/site\/wp-json\/wp\/v2\/media\/26529"}],"wp:attachment":[{"href":"https:\/\/www.adufpb.org.br\/site\/wp-json\/wp\/v2\/media?parent=26526"}],"wp:term":[{"taxonomy":"category","embeddable":true,"href":"https:\/\/www.adufpb.org.br\/site\/wp-json\/wp\/v2\/categories?post=26526"},{"taxonomy":"post_tag","embeddable":true,"href":"https:\/\/www.adufpb.org.br\/site\/wp-json\/wp\/v2\/tags?post=26526"}],"curies":[{"name":"wp","href":"https:\/\/api.w.org\/{rel}","templated":true}]}}