{"id":26523,"date":"2022-04-27T10:58:41","date_gmt":"2022-04-27T13:58:41","guid":{"rendered":"https:\/\/www.adufpb.org.br\/site\/?p=26523"},"modified":"2022-05-01T15:04:17","modified_gmt":"2022-05-01T18:04:17","slug":"livro-sobre-jose-lins-do-rego-sera-lancado-nesta-quarta-feira-27-com-participacao-de-professores-da-ufpb","status":"publish","type":"post","link":"https:\/\/www.adufpb.org.br\/site\/livro-sobre-jose-lins-do-rego-sera-lancado-nesta-quarta-feira-27-com-participacao-de-professores-da-ufpb\/","title":{"rendered":"Livro sobre Jos\u00e9 Lins do R\u00eago ser\u00e1 lan\u00e7ado nesta quarta-feira (27) com participa\u00e7\u00e3o de professores da UFPB"},"content":{"rendered":"<p><a class=\"dt-pswp-item\" href=\"https:\/\/www.adufpb.org.br\/site\/wp-content\/uploads\/2022\/04\/convite-lancamento-do-livro-de-ze-lins.jpeg\" data-dt-img-description=\"\" data-large_image_width=\"596\" data-large_image_height=\"421\"><img loading=\"lazy\" decoding=\"async\" class=\"alignright size-medium wp-image-26524\" src=\"https:\/\/www.adufpb.org.br\/site\/wp-content\/uploads\/2022\/04\/convite-lancamento-do-livro-de-ze-lins-300x212.jpeg\" alt=\"\" width=\"300\" height=\"212\" srcset=\"https:\/\/www.adufpb.org.br\/site\/wp-content\/uploads\/2022\/04\/convite-lancamento-do-livro-de-ze-lins-300x212.jpeg 300w, https:\/\/www.adufpb.org.br\/site\/wp-content\/uploads\/2022\/04\/convite-lancamento-do-livro-de-ze-lins-250x177.jpeg 250w, https:\/\/www.adufpb.org.br\/site\/wp-content\/uploads\/2022\/04\/convite-lancamento-do-livro-de-ze-lins.jpeg 596w\" sizes=\"auto, (max-width: 300px) 100vw, 300px\" \/><\/a>Nesta quarta-feira (27), \u00e0s 19h, no Museu Jos\u00e9 Lins do Rego, localizado no Espa\u00e7o Cultural Jos\u00e9 Lins do Rego, no bairro de Tambauzinho, em Jo\u00e3o Pessoa, ser\u00e1 lan\u00e7ado o livro \u201cAs cidades de Z\u00e9 Lins \u2013 um passeio cr\u00edtico pela geografia sentimental do autor\u201d, nova publica\u00e7\u00e3o da Editora A Uni\u00e3o, uma obra de cria\u00e7\u00e3o compartilhada entre a Empresa Paraibana de Comunica\u00e7\u00e3o (EPC), a Companhia Editora de Pernambuco (Cepe) e a Imprensa Oficial Graciliano Ramos\/Companhia Editora de Alagoas (Cepal), al\u00e9m da contribui\u00e7\u00e3o da Academia Brasileira de Letras (ABL).<\/p>\n<p>O evento da Funda\u00e7\u00e3o Espa\u00e7o Cultural da Para\u00edba (Funesc) e da EPC marca a celebra\u00e7\u00e3o dos 90 anos do lan\u00e7amento do livro \u201cMenino de Engenho\u201d, primeiro romance de Jos\u00e9 Lins do Rego, o escritor paraibano que teve uma carreira de sucesso como escritor, tendo publicado 22 obras e chegado a ocupar a cadeira 25 da Academia Brasileira de Letras, al\u00e9m de manter uma prof\u00edcua atua\u00e7\u00e3o no jornalismo, com colunas dias em v\u00e1rios jornais brasileiros, incluindo A Uni\u00e3o, com a publica\u00e7\u00e3o de artigos de 1940 a 1957.<\/p>\n<p>Na ocasi\u00e3o, o professor Neroaldo Pontes, ex-reitor da Universidade Federal da Para\u00edba (UFPB), autor do livro \u201cEm mem\u00f3ria de Jos\u00e9 Lins do Rego\u201d, e o professor de Sociologia da UFPB, Cauby Dantas, que escreveu \u201cGilberto Freyre e Jos\u00e9 Lins do Rego: di\u00e1logos do senhor da casa grande com o menino de engenho\u201d, falar\u00e3o sobre o escritor paraibano nascido na cidade de Pilar e sua trajet\u00f3ria na literatura brasileira.<\/p>\n<p><strong>Parceria com as imprensas oficiais<\/strong><\/p>\n<p>Em 2021, com a institui\u00e7\u00e3o do Ano Cultural Jos\u00e9 Lins do Rego \u2013 120 anos, pelo Governo da Para\u00edba, surgiu a oportunidade de produ\u00e7\u00e3o compartilhada de um livro sobre Jos\u00e9 Lins do Rego, que viveu em tr\u00eas estados do Nordeste \u2013 Para\u00edba, Pernambuco e Alagoas, antes de se fixar no Rio de Janeiro.<\/p>\n<p>A jornalista Nan\u00e1 Garcez, diretora presidente da EPC S.A. \u2013 que assina a apresenta\u00e7\u00e3o do livro -, fez os contatos com Ricardo Melo (diretor da Cepe), Dagoberto Omena e Jos\u00e9 Ot\u00edlio Damas dos Santos Neto, da Cepal, em busca da parceria para produ\u00e7\u00e3o da obra com a an\u00e1lise da atua\u00e7\u00e3o de Jos\u00e9 Lins no mundo liter\u00e1rio, em cada estado. J\u00e1 o diretor de M\u00eddia Impressa, William Costa, dialogou com Marco Lucchesi, ent\u00e3o presidente da ABL, para tratar dos anos do escritor no Rio de Janeiro.<\/p>\n<p>O livro \u00e9 prefaciado pelo professor doutor da UEPB, Jos\u00e9 Vilian Mangueira. A introdu\u00e7\u00e3o, intitulada \u201cJos\u00e9 Lins do Rego: literato da cabe\u00e7a aos p\u00e9s\u201d, coube ao professor Neroaldo Pontes, ex-reitor e professor de Literatura da UFPB. Convidado pela Cepe, o professor C\u00e9sar Braga-Pinto, professor adjunto de Literatura Brasileira e Comparada em Northwestern University (Illinois \/EUA), escreveu sobre o per\u00edodo de Z\u00e9 Lins em Recife, retratado em \u201cO moleque Ricardo\u201d. A presen\u00e7a do paraibano na Roda Liter\u00e1ria de Macei\u00f3 foi tratada pelo professor da Universidade Federal de Alagoas (UFAL), Cosme Rog\u00e9rio, a convite da Cepal. Indicado por Marco Lucchesi, o professor Bernardo Buarque de Hollanda escreveu sobre o per\u00edodo do Rio de Janeiro. Ele trouxe a contribui\u00e7\u00e3o de Regiane Matos, que trata das viagens do paraibano \u00e0 Su\u00e9cia e \u00e0 Argentina.<\/p>\n<p><em>Fonte: Secretaria de Comunica\u00e7\u00e3o do Governo da Para\u00edba<\/em><\/p>\n","protected":false},"excerpt":{"rendered":"<p>Nesta quarta-feira (27), \u00e0s 19h, no Museu Jos\u00e9 Lins do Rego, localizado no Espa\u00e7o Cultural Jos\u00e9 Lins do Rego, no bairro de Tambauzinho, em Jo\u00e3o Pessoa, ser\u00e1 lan\u00e7ado o livro \u201cAs cidades de Z\u00e9 Lins \u2013 um passeio cr\u00edtico pela geografia sentimental do autor\u201d, nova publica\u00e7\u00e3o da Editora A Uni\u00e3o, uma obra de cria\u00e7\u00e3o compartilhada&hellip;<\/p>\n","protected":false},"author":3,"featured_media":26524,"comment_status":"closed","ping_status":"closed","sticky":false,"template":"","format":"standard","meta":{"footnotes":""},"categories":[1405,15,417],"tags":[1547,39,43],"class_list":["post-26523","post","type-post","status-publish","format-standard","has-post-thumbnail","hentry","category-chamada-principal","category-noticias","category-noticias-destaque","tag-jose-lins-do-rego","tag-lancamento","tag-livro","category-1405","category-15","category-417","description-off"],"_links":{"self":[{"href":"https:\/\/www.adufpb.org.br\/site\/wp-json\/wp\/v2\/posts\/26523","targetHints":{"allow":["GET"]}}],"collection":[{"href":"https:\/\/www.adufpb.org.br\/site\/wp-json\/wp\/v2\/posts"}],"about":[{"href":"https:\/\/www.adufpb.org.br\/site\/wp-json\/wp\/v2\/types\/post"}],"author":[{"embeddable":true,"href":"https:\/\/www.adufpb.org.br\/site\/wp-json\/wp\/v2\/users\/3"}],"replies":[{"embeddable":true,"href":"https:\/\/www.adufpb.org.br\/site\/wp-json\/wp\/v2\/comments?post=26523"}],"version-history":[{"count":1,"href":"https:\/\/www.adufpb.org.br\/site\/wp-json\/wp\/v2\/posts\/26523\/revisions"}],"predecessor-version":[{"id":26525,"href":"https:\/\/www.adufpb.org.br\/site\/wp-json\/wp\/v2\/posts\/26523\/revisions\/26525"}],"wp:featuredmedia":[{"embeddable":true,"href":"https:\/\/www.adufpb.org.br\/site\/wp-json\/wp\/v2\/media\/26524"}],"wp:attachment":[{"href":"https:\/\/www.adufpb.org.br\/site\/wp-json\/wp\/v2\/media?parent=26523"}],"wp:term":[{"taxonomy":"category","embeddable":true,"href":"https:\/\/www.adufpb.org.br\/site\/wp-json\/wp\/v2\/categories?post=26523"},{"taxonomy":"post_tag","embeddable":true,"href":"https:\/\/www.adufpb.org.br\/site\/wp-json\/wp\/v2\/tags?post=26523"}],"curies":[{"name":"wp","href":"https:\/\/api.w.org\/{rel}","templated":true}]}}