{"id":26457,"date":"2022-04-18T07:31:30","date_gmt":"2022-04-18T10:31:30","guid":{"rendered":"https:\/\/www.adufpb.org.br\/site\/?p=26457"},"modified":"2022-04-27T11:09:53","modified_gmt":"2022-04-27T14:09:53","slug":"edital-de-retificacao-modifica-datas-do-processo-eleitoral-da-adufpb","status":"publish","type":"post","link":"https:\/\/www.adufpb.org.br\/site\/edital-de-retificacao-modifica-datas-do-processo-eleitoral-da-adufpb\/","title":{"rendered":"Edital de retifica\u00e7\u00e3o modifica datas do processo eleitoral da ADUFPB; vota\u00e7\u00e3o ser\u00e1 dia 1\u00ba\/6"},"content":{"rendered":"<p><a class=\"dt-pswp-item\" href=\"https:\/\/www.adufpb.org.br\/site\/wp-content\/uploads\/2022\/04\/cartaz-eleicoes.jpeg\" data-dt-img-description=\"\" data-large_image_width=\"1078\" data-large_image_height=\"1088\"><img loading=\"lazy\" decoding=\"async\" class=\"alignright size-medium wp-image-26460\" src=\"https:\/\/www.adufpb.org.br\/site\/wp-content\/uploads\/2022\/04\/cartaz-eleicoes-297x300.jpeg\" alt=\"\" width=\"297\" height=\"300\" srcset=\"https:\/\/www.adufpb.org.br\/site\/wp-content\/uploads\/2022\/04\/cartaz-eleicoes-297x300.jpeg 297w, https:\/\/www.adufpb.org.br\/site\/wp-content\/uploads\/2022\/04\/cartaz-eleicoes-1015x1024.jpeg 1015w, https:\/\/www.adufpb.org.br\/site\/wp-content\/uploads\/2022\/04\/cartaz-eleicoes-768x775.jpeg 768w, https:\/\/www.adufpb.org.br\/site\/wp-content\/uploads\/2022\/04\/cartaz-eleicoes-250x252.jpeg 250w, https:\/\/www.adufpb.org.br\/site\/wp-content\/uploads\/2022\/04\/cartaz-eleicoes.jpeg 1078w\" sizes=\"auto, (max-width: 297px) 100vw, 297px\" \/><\/a>A comiss\u00e3o respons\u00e1vel por organizar as elei\u00e7\u00f5es da ADUFPB modificou os prazos referentes ao processo eleitoral 2022. As inscri\u00e7\u00f5es de chapa, que come\u00e7ariam nesta segunda-feira (18), agora ter\u00e3o in\u00edcio no dia 25 de abril, seguindo at\u00e9 as 18h do dia 29.<\/p>\n<p>A campanha eleitoral vai come\u00e7ar no dia seguinte, 30 de abril, e se encerrar\u00e1 em 31 maio. J\u00e1 a vota\u00e7\u00e3o ser\u00e1 realizada no dia 1\u00ba de junho em todos os quatro campi da UFPB.<\/p>\n<p>O edital de retifica\u00e7\u00e3o com as novas datas e prazo do processo eleitoral foi publicado na \u00faltima quinta-feira, dia 14 de abril, na <strong>p\u00e1gina 60<\/strong> do Di\u00e1rio Oficial do Estado (<a href=\"https:\/\/www.adufpb.org.br\/site\/wp-content\/uploads\/2022\/04\/Diario-Oficial-14-04-2022-Ass.pdf\" target=\"_blank\" rel=\"noopener noreferrer\">clique aqui para baixar o pdf<\/a>).<\/p>\n<p><em>Fonte: Ascom ADUFPB<\/em><\/p>\n","protected":false},"excerpt":{"rendered":"<p>A comiss\u00e3o respons\u00e1vel por organizar as elei\u00e7\u00f5es da ADUFPB modificou os prazos referentes ao processo eleitoral 2022. As inscri\u00e7\u00f5es de chapa, que come\u00e7ariam nesta segunda-feira (18), agora ter\u00e3o in\u00edcio no dia 25 de abril, seguindo at\u00e9 as 18h do dia 29. A campanha eleitoral vai come\u00e7ar no dia seguinte, 30 de abril, e se encerrar\u00e1&hellip;<\/p>\n","protected":false},"author":3,"featured_media":26448,"comment_status":"closed","ping_status":"closed","sticky":false,"template":"","format":"standard","meta":{"footnotes":""},"categories":[1405,1545,15,417],"tags":[363],"class_list":["post-26457","post","type-post","status-publish","format-standard","has-post-thumbnail","hentry","category-chamada-principal","category-eleicoes-2022","category-noticias","category-noticias-destaque","tag-eleicoes-adufpb","category-1405","category-1545","category-15","category-417","description-off"],"_links":{"self":[{"href":"https:\/\/www.adufpb.org.br\/site\/wp-json\/wp\/v2\/posts\/26457","targetHints":{"allow":["GET"]}}],"collection":[{"href":"https:\/\/www.adufpb.org.br\/site\/wp-json\/wp\/v2\/posts"}],"about":[{"href":"https:\/\/www.adufpb.org.br\/site\/wp-json\/wp\/v2\/types\/post"}],"author":[{"embeddable":true,"href":"https:\/\/www.adufpb.org.br\/site\/wp-json\/wp\/v2\/users\/3"}],"replies":[{"embeddable":true,"href":"https:\/\/www.adufpb.org.br\/site\/wp-json\/wp\/v2\/comments?post=26457"}],"version-history":[{"count":5,"href":"https:\/\/www.adufpb.org.br\/site\/wp-json\/wp\/v2\/posts\/26457\/revisions"}],"predecessor-version":[{"id":26496,"href":"https:\/\/www.adufpb.org.br\/site\/wp-json\/wp\/v2\/posts\/26457\/revisions\/26496"}],"wp:featuredmedia":[{"embeddable":true,"href":"https:\/\/www.adufpb.org.br\/site\/wp-json\/wp\/v2\/media\/26448"}],"wp:attachment":[{"href":"https:\/\/www.adufpb.org.br\/site\/wp-json\/wp\/v2\/media?parent=26457"}],"wp:term":[{"taxonomy":"category","embeddable":true,"href":"https:\/\/www.adufpb.org.br\/site\/wp-json\/wp\/v2\/categories?post=26457"},{"taxonomy":"post_tag","embeddable":true,"href":"https:\/\/www.adufpb.org.br\/site\/wp-json\/wp\/v2\/tags?post=26457"}],"curies":[{"name":"wp","href":"https:\/\/api.w.org\/{rel}","templated":true}]}}