{"id":26437,"date":"2022-04-07T11:31:57","date_gmt":"2022-04-07T14:31:57","guid":{"rendered":"https:\/\/www.adufpb.org.br\/site\/?p=26437"},"modified":"2022-04-20T18:22:28","modified_gmt":"2022-04-20T21:22:28","slug":"atendimento-juridico-volta-a-ser-presencial-e-adufpb-encerra-sede-virtual","status":"publish","type":"post","link":"https:\/\/www.adufpb.org.br\/site\/atendimento-juridico-volta-a-ser-presencial-e-adufpb-encerra-sede-virtual\/","title":{"rendered":"Atendimento jur\u00eddico volta a ser presencial e ADUFPB encerra Sede Virtual"},"content":{"rendered":"<p><a class=\"dt-pswp-item\" href=\"https:\/\/www.adufpb.org.br\/site\/wp-content\/uploads\/2022\/04\/fim-do-atendimento-virtual.jpeg\" data-dt-img-description=\"\" data-large_image_width=\"1076\" data-large_image_height=\"1075\"><img loading=\"lazy\" decoding=\"async\" class=\"alignright size-medium wp-image-26438\" src=\"https:\/\/www.adufpb.org.br\/site\/wp-content\/uploads\/2022\/04\/fim-do-atendimento-virtual-300x300.jpeg\" alt=\"\" width=\"300\" height=\"300\" srcset=\"https:\/\/www.adufpb.org.br\/site\/wp-content\/uploads\/2022\/04\/fim-do-atendimento-virtual-300x300.jpeg 300w, https:\/\/www.adufpb.org.br\/site\/wp-content\/uploads\/2022\/04\/fim-do-atendimento-virtual-1024x1024.jpeg 1024w, https:\/\/www.adufpb.org.br\/site\/wp-content\/uploads\/2022\/04\/fim-do-atendimento-virtual-150x150.jpeg 150w, https:\/\/www.adufpb.org.br\/site\/wp-content\/uploads\/2022\/04\/fim-do-atendimento-virtual-768x767.jpeg 768w, https:\/\/www.adufpb.org.br\/site\/wp-content\/uploads\/2022\/04\/fim-do-atendimento-virtual-250x250.jpeg 250w, https:\/\/www.adufpb.org.br\/site\/wp-content\/uploads\/2022\/04\/fim-do-atendimento-virtual.jpeg 1076w\" sizes=\"auto, (max-width: 300px) 100vw, 300px\" \/><\/a>Professores(as) sindicalizados(as) j\u00e1 podem recorrer ao atendimento jur\u00eddico da ADUFPB de forma presencial. Desde o ano passado, o servi\u00e7o estava sendo realizado pela internet, na Sala de Atendimento Virtual da ADUFPB, pelo Zoom, e que funcionava nas manh\u00e3s de segunda, quarta e sexta-feira. Esta semana, a Assessoria Jur\u00eddica retomou o atendimento presencial. A advogada respons\u00e1vel pelo servi\u00e7o estar\u00e1 dispon\u00edvel na sede da ADUFPB, no Centro de Viv\u00eancia do campus I, nas segundas e quartas, das 9h \u00e0s 11h, e nas sextas-feiras, das 14h \u00e0s 16h.<\/p>\n<p>Com a retomada dos atendimentos presenciais da Assessoria Jur\u00eddica, a ADUFPB ir\u00e1 encerrar o servi\u00e7o da Sala de Atendimento Virtual.\u00a0Considerando que alguns docentes ainda possuem limita\u00e7\u00f5es para sair de casa, a assessoria jur\u00eddica tamb\u00e9m estar\u00e1 dispon\u00edvel de forma virtual, mas apenas em casos excepcionais, de docentes que n\u00e3o podem se deslocar devido a quest\u00f5es de sa\u00fade. Para ser atendido(a), basta entrar em contato diretamente com a advogada Anna Raquel, pelo Whatsapp (83) 9.9600-2555.<\/p>\n<p><em>Fonte: Ascom ADUFPB<\/em><\/p>\n","protected":false},"excerpt":{"rendered":"<p>Professores(as) sindicalizados(as) j\u00e1 podem recorrer ao atendimento jur\u00eddico da ADUFPB de forma presencial. Desde o ano passado, o servi\u00e7o estava sendo realizado pela internet, na Sala de Atendimento Virtual da ADUFPB, pelo Zoom, e que funcionava nas manh\u00e3s de segunda, quarta e sexta-feira. Esta semana, a Assessoria Jur\u00eddica retomou o atendimento presencial. A advogada respons\u00e1vel&hellip;<\/p>\n","protected":false},"author":3,"featured_media":26438,"comment_status":"closed","ping_status":"closed","sticky":false,"template":"","format":"standard","meta":{"footnotes":""},"categories":[1405,15,417],"tags":[319,1474,1467],"class_list":["post-26437","post","type-post","status-publish","format-standard","has-post-thumbnail","hentry","category-chamada-principal","category-noticias","category-noticias-destaque","tag-assessoria-juridica","tag-atendimento-virtual","tag-sede-virtual","category-1405","category-15","category-417","description-off"],"_links":{"self":[{"href":"https:\/\/www.adufpb.org.br\/site\/wp-json\/wp\/v2\/posts\/26437","targetHints":{"allow":["GET"]}}],"collection":[{"href":"https:\/\/www.adufpb.org.br\/site\/wp-json\/wp\/v2\/posts"}],"about":[{"href":"https:\/\/www.adufpb.org.br\/site\/wp-json\/wp\/v2\/types\/post"}],"author":[{"embeddable":true,"href":"https:\/\/www.adufpb.org.br\/site\/wp-json\/wp\/v2\/users\/3"}],"replies":[{"embeddable":true,"href":"https:\/\/www.adufpb.org.br\/site\/wp-json\/wp\/v2\/comments?post=26437"}],"version-history":[{"count":2,"href":"https:\/\/www.adufpb.org.br\/site\/wp-json\/wp\/v2\/posts\/26437\/revisions"}],"predecessor-version":[{"id":26440,"href":"https:\/\/www.adufpb.org.br\/site\/wp-json\/wp\/v2\/posts\/26437\/revisions\/26440"}],"wp:featuredmedia":[{"embeddable":true,"href":"https:\/\/www.adufpb.org.br\/site\/wp-json\/wp\/v2\/media\/26438"}],"wp:attachment":[{"href":"https:\/\/www.adufpb.org.br\/site\/wp-json\/wp\/v2\/media?parent=26437"}],"wp:term":[{"taxonomy":"category","embeddable":true,"href":"https:\/\/www.adufpb.org.br\/site\/wp-json\/wp\/v2\/categories?post=26437"},{"taxonomy":"post_tag","embeddable":true,"href":"https:\/\/www.adufpb.org.br\/site\/wp-json\/wp\/v2\/tags?post=26437"}],"curies":[{"name":"wp","href":"https:\/\/api.w.org\/{rel}","templated":true}]}}