{"id":2642,"date":"2012-03-15T15:23:23","date_gmt":"2012-03-15T19:23:23","guid":{"rendered":"http:\/\/www.adufpb.org.br\/site\/adufpb-fara-assembleias-dias-21-e-22-de-marco\/"},"modified":"2012-03-21T09:02:51","modified_gmt":"2012-03-21T13:02:51","slug":"adufpb-fara-assembleias-dias-21-e-22-de-marco","status":"publish","type":"post","link":"https:\/\/www.adufpb.org.br\/site\/adufpb-fara-assembleias-dias-21-e-22-de-marco\/","title":{"rendered":"ADUFPB far\u00e1 assembleias dias 21 e 22 de mar\u00e7o"},"content":{"rendered":"<div style=\"font-style: normal; display: inline; font-family: 'Calibri'; color: #000000; font-size: small; font-weight: normal; text-decoration: none;\"><span style=\"font-size: medium;\">A ADUFPB ar\u00e1 assembleias em Jo\u00e3o Pessoa, Areia e Bananeiras na pr\u00f3xima semana para debater, entre v\u00e1rios assuntos, a mobiliza\u00e7\u00e3o dos docentes em prol da negocia\u00e7\u00e3o salarial. <\/span><\/div>\n<div><span style=\"font-size: medium;\"><br \/>\n<\/span><\/div>\n<div style=\"font-style: normal; display: inline; font-family: 'Calibri'; color: #000000; font-size: small; font-weight: normal; text-decoration: none;\"><span style=\"font-size: medium;\">Ainda estar\u00e3o na pauta: informes,<\/span><span style=\"font-size: medium;\"> informes jur\u00eddicos, projeto do voto do professor aposentado para escolha de reitor e vice-reitor e encaminhamentos. <\/span><\/div>\n<div style=\"font-style: normal; display: inline; font-family: 'Calibri'; color: #000000; font-size: small; font-weight: normal; text-decoration: none;\"><span style=\"font-size: medium;\"><br \/>\n<\/span><\/div>\n<div style=\"font-style: normal; display: inline; font-family: 'Calibri'; color: #000000; font-size: small; font-weight: normal; text-decoration: none;\"><span style=\"font-size: medium;\">Veja as datas das assembleias: <\/span><\/div>\n<div style=\"font-style: normal; display: inline; font-family: 'Calibri'; color: #000000; font-size: small; font-weight: normal; text-decoration: none;\"><span style=\"font-size: medium;\"><br \/>\n<\/span><\/div>\n<div>\n<div style=\"font-style: normal; display: inline; font-family: 'Calibri'; color: #000000; font-size: small; font-weight: normal; text-decoration: none;\"><strong><span style=\"font-size: medium;\">21 de mar\u00e7o<\/span><\/strong><\/div>\n<div style=\"font-style: normal; display: inline; font-family: 'Calibri'; color: #000000; font-size: small; font-weight: normal; text-decoration: none;\"><span style=\"font-size: medium;\">BANANEIRAS \u2013\u00a0 9h30 &#8211; Audit\u00f3rio \/<\/span><\/div>\n<div style=\"font-style: normal; display: inline; font-family: 'Calibri'; color: #000000; font-size: small; font-weight: normal; text-decoration: none;\"><span style=\"font-size: medium;\">AREIA \u2013 15h30 \u2013 Audit\u00f3rio da ADUFPB (Secretaria-Adjunta)<\/span><\/div>\n<div style=\"font-style: normal; display: inline; font-family: 'Calibri'; color: #000000; font-size: small; font-weight: normal; text-decoration: none;\"><span style=\"font-size: medium;\"><br \/>\n<\/span><\/div>\n<\/div>\n<div>\n<div style=\"font-style: normal; display: inline; font-family: 'Calibri'; color: #000000; font-size: small; font-weight: normal; text-decoration: none;\"><span style=\"font-size: medium;\"><strong>22 de mar\u00e7o<\/strong> <\/span><\/div>\n<div style=\"font-style: normal; display: inline; font-family: 'Calibri'; color: #000000; font-size: small; font-weight: normal; text-decoration: none;\"><span style=\"font-size: medium;\">JO\u00c3O PESSOA \u2013 9h &#8211; Centro de Viv\u00eancia\/UFPB<br \/>\n<\/span><\/div>\n<\/div>\n","protected":false},"excerpt":{"rendered":"<p>A ADUFPB ar\u00e1 assembleias em Jo\u00e3o Pessoa, Areia e Bananeiras na pr\u00f3xima semana para debater, entre v\u00e1rios assuntos, a mobiliza\u00e7\u00e3o dos docentes em prol da negocia\u00e7\u00e3o salarial. Ainda estar\u00e3o na pauta: informes, informes jur\u00eddicos, projeto do voto do professor aposentado para escolha de reitor e vice-reitor e encaminhamentos. Veja as datas das assembleias: 21 de&hellip;<\/p>\n","protected":false},"author":1,"featured_media":0,"comment_status":"open","ping_status":"open","sticky":false,"template":"","format":"standard","meta":{"footnotes":""},"categories":[15],"tags":[],"class_list":["post-2642","post","type-post","status-publish","format-standard","hentry","category-noticias","category-15","description-off"],"_links":{"self":[{"href":"https:\/\/www.adufpb.org.br\/site\/wp-json\/wp\/v2\/posts\/2642","targetHints":{"allow":["GET"]}}],"collection":[{"href":"https:\/\/www.adufpb.org.br\/site\/wp-json\/wp\/v2\/posts"}],"about":[{"href":"https:\/\/www.adufpb.org.br\/site\/wp-json\/wp\/v2\/types\/post"}],"author":[{"embeddable":true,"href":"https:\/\/www.adufpb.org.br\/site\/wp-json\/wp\/v2\/users\/1"}],"replies":[{"embeddable":true,"href":"https:\/\/www.adufpb.org.br\/site\/wp-json\/wp\/v2\/comments?post=2642"}],"version-history":[{"count":5,"href":"https:\/\/www.adufpb.org.br\/site\/wp-json\/wp\/v2\/posts\/2642\/revisions"}],"predecessor-version":[{"id":2695,"href":"https:\/\/www.adufpb.org.br\/site\/wp-json\/wp\/v2\/posts\/2642\/revisions\/2695"}],"wp:attachment":[{"href":"https:\/\/www.adufpb.org.br\/site\/wp-json\/wp\/v2\/media?parent=2642"}],"wp:term":[{"taxonomy":"category","embeddable":true,"href":"https:\/\/www.adufpb.org.br\/site\/wp-json\/wp\/v2\/categories?post=2642"},{"taxonomy":"post_tag","embeddable":true,"href":"https:\/\/www.adufpb.org.br\/site\/wp-json\/wp\/v2\/tags?post=2642"}],"curies":[{"name":"wp","href":"https:\/\/api.w.org\/{rel}","templated":true}]}}