{"id":2641,"date":"2012-03-15T15:15:55","date_gmt":"2012-03-15T19:15:55","guid":{"rendered":"http:\/\/www.adufpb.org.br\/site\/mendonca-repete-discurso-e-nao-discute-indice\/"},"modified":"2012-03-15T15:15:55","modified_gmt":"2012-03-15T19:15:55","slug":"mendonca-repete-discurso-e-nao-discute-indice","status":"publish","type":"post","link":"https:\/\/www.adufpb.org.br\/site\/mendonca-repete-discurso-e-nao-discute-indice\/","title":{"rendered":"Mendon\u00e7a repete discurso e n\u00e3o discute \u00edndice"},"content":{"rendered":"<p>Em reuni\u00e3o na quarta-feira (14), os servidores p\u00fablicos federais (SPF) apresentaram ao secret\u00e1rio de Rela\u00e7\u00f5es do Trabalho do Minist\u00e9rio do Planejamento, o \u00edndice de 22,8% para a recomposi\u00e7\u00e3o salarial emergencial e linear para o funcionalismo p\u00fablico federal.<br \/>\nA varia\u00e7\u00e3o da infla\u00e7\u00e3o, com base no \u00edndice do INPC\/IBGE, entre maio de 2010 e fevereiro de 2012, somado ao percentual do Produto Interno Bruto de 2010 e 2011, \u00e9 o que exigem do governo para repor a perda imposta aos servidores nos \u00faltimos dois anos. Al\u00e9m disso, o F\u00f3rum das Entidades Nacionais dos SPF disse ainda que espera negociar com o governo uma campanha salarial, com fixa\u00e7\u00e3o de data base para o reajuste nas carreiras federais.<br \/>\nMendon\u00e7a se mostrou reticente em discutir qualquer proposta de reajuste salarial unificado para 2012, e disse que o governo tem priorizado corrigir distor\u00e7\u00f5es entre as carreiras do funcionalismo. O novo respons\u00e1vel pela SRT\/MP usou o mesmo discurso de seu antecessor ao dizer que seria necess\u00e1rio avaliar o impacto financeiro, e que no momento era dif\u00edcil falar de \u00edndices. Ele reafirmou que o governo trabalha com o prazo de 31 de agosto, data limite para enviar ao Congresso a proposta or\u00e7ament\u00e1ria para 2013.<\/p>\n<p>O secret\u00e1rio declarou ainda que acha dif\u00edcil atender ao prazo estipulado pelas entidades de apresentar na mesa um \u00edndice de recomposi\u00e7\u00e3o inflacion\u00e1ria, mais a corre\u00e7\u00e3o das distor\u00e7\u00f5es nas carreiras at\u00e9 abril.<\/p>\n<p>\u201cA percep\u00e7\u00e3o \u00e9 que, entra secret\u00e1rio sai secret\u00e1rio, o governo n\u00e3o altera nada no trato das rela\u00e7\u00f5es sindicais e negocia\u00e7\u00e3o com as entidades. S\u00e9rgio Mendon\u00e7a repete a mesma pol\u00edtica que vem sendo aplicada ao funcionalismo p\u00fablico nos \u00faltimos nove anos. E diferente de Duvanier, ele assume que o governo Dilma \u00e9 como se fosse o terceiro mandato de Lula\u201d, avaliou Josevaldo Cunha, 1\u00ba vice-presidente da Regional Nordeste 2 e representante do ANDES-SN na reuni\u00e3o.<\/p>\n<p>Para Cunha, existem duas possibilidades de desenvolvimento para a atual campanha dos servidores federais. \u201cOu o F\u00f3rum de Entidades Nacionais dos SPF intensifica o processo de mobiliza\u00e7\u00e3o no conjunto da base de todas as entidades e com alternativas de fortalecimento da luta e enfrentamento ao governo, indo \u00e0s ruas buscar seus direitos, ou a frustra\u00e7\u00e3o de 2011 pode se repetir: zero de reajuste linear e migalhas a t\u00edtulo de corre\u00e7\u00e3o das distor\u00e7\u00f5es, o que na verdade acaba por ampliar as diferen\u00e7as nas tabelas do servi\u00e7o p\u00fablico federal\u201d, pondera.<\/p>\n<p>O F\u00f3rum das entidades dos servidores p\u00fablicos volta a se reunir nesta quinta-feira (15) com o secret\u00e1rio do Planejamento para tratar especificamente do reajuste de benef\u00edcios e dos Projetos de Lei que est\u00e3o em andamento no Congresso, que dizem respeito aos SPF.<\/p>\n","protected":false},"excerpt":{"rendered":"<p>Em reuni\u00e3o na quarta-feira (14), os servidores p\u00fablicos federais (SPF) apresentaram ao secret\u00e1rio de Rela\u00e7\u00f5es do Trabalho do Minist\u00e9rio do Planejamento, o \u00edndice de 22,8% para a recomposi\u00e7\u00e3o salarial emergencial e linear para o funcionalismo p\u00fablico federal. A varia\u00e7\u00e3o da infla\u00e7\u00e3o, com base no \u00edndice do INPC\/IBGE, entre maio de 2010 e fevereiro de 2012,&hellip;<\/p>\n","protected":false},"author":1,"featured_media":0,"comment_status":"open","ping_status":"open","sticky":false,"template":"","format":"standard","meta":{"footnotes":""},"categories":[15],"tags":[],"class_list":["post-2641","post","type-post","status-publish","format-standard","hentry","category-noticias","category-15","description-off"],"_links":{"self":[{"href":"https:\/\/www.adufpb.org.br\/site\/wp-json\/wp\/v2\/posts\/2641","targetHints":{"allow":["GET"]}}],"collection":[{"href":"https:\/\/www.adufpb.org.br\/site\/wp-json\/wp\/v2\/posts"}],"about":[{"href":"https:\/\/www.adufpb.org.br\/site\/wp-json\/wp\/v2\/types\/post"}],"author":[{"embeddable":true,"href":"https:\/\/www.adufpb.org.br\/site\/wp-json\/wp\/v2\/users\/1"}],"replies":[{"embeddable":true,"href":"https:\/\/www.adufpb.org.br\/site\/wp-json\/wp\/v2\/comments?post=2641"}],"version-history":[{"count":0,"href":"https:\/\/www.adufpb.org.br\/site\/wp-json\/wp\/v2\/posts\/2641\/revisions"}],"wp:attachment":[{"href":"https:\/\/www.adufpb.org.br\/site\/wp-json\/wp\/v2\/media?parent=2641"}],"wp:term":[{"taxonomy":"category","embeddable":true,"href":"https:\/\/www.adufpb.org.br\/site\/wp-json\/wp\/v2\/categories?post=2641"},{"taxonomy":"post_tag","embeddable":true,"href":"https:\/\/www.adufpb.org.br\/site\/wp-json\/wp\/v2\/tags?post=2641"}],"curies":[{"name":"wp","href":"https:\/\/api.w.org\/{rel}","templated":true}]}}