{"id":26202,"date":"2022-02-10T10:14:55","date_gmt":"2022-02-10T13:14:55","guid":{"rendered":"https:\/\/www.adufpb.org.br\/site\/?p=26202"},"modified":"2022-02-17T19:10:39","modified_gmt":"2022-02-17T22:10:39","slug":"estudo-do-dieese-revela-defasagem-salarial-da-categoria-docente","status":"publish","type":"post","link":"https:\/\/www.adufpb.org.br\/site\/estudo-do-dieese-revela-defasagem-salarial-da-categoria-docente\/","title":{"rendered":"Estudo do Dieese revela defasagem salarial da categoria docente"},"content":{"rendered":"<p><span style=\"font-weight: 400;\">O Departamento Intersindical de Estat\u00edstica e Estudos Socioecon\u00f4micos (Dieese), em parceria com ADUnB (DF), divulgou esta semana o documento \u201cAn\u00e1lise das condi\u00e7\u00f5es salariais da carreira do Magist\u00e9rio Superior Federal\u201d, que visa subsidiar a campanha salarial da categoria este ano.<\/span><\/p>\n<p><span style=\"font-weight: 400;\">Conforme o estudo, \u201ca remunera\u00e7\u00e3o desses profissionais sofreu expressiva deteriora\u00e7\u00e3o, tanto em fun\u00e7\u00e3o das perdas impostas pela infla\u00e7\u00e3o, quanto em raz\u00e3o da execu\u00e7\u00e3o de pol\u00edticas de austeridade adotadas nos anos recentes, que t\u00eam impactado diretamente os servidores p\u00fablicos federais\u201d.<\/span><\/p>\n<p><span style=\"font-weight: 400;\">O documento de 40 p\u00e1ginas apresenta dados econ\u00f4micos como o desempenho do Produto Interno Bruto (PIB) brasileiro nos \u00faltimos anos, o crescimento do desemprego e a corros\u00e3o do poder de compra dos servidores. Tamb\u00e9m mostra um hist\u00f3rico da reestrutura\u00e7\u00e3o da carreira do Magist\u00e9rio Superior Federal e dos reajustes salariais.<\/span><\/p>\n<p><span style=\"font-weight: 400;\">O estudo mostra que o \u00faltimo reajuste concedido a essa carreira foi implementado, de forma escalonada, nos termos da Lei n\u00ba 13.325\/2016. \u201cO reajuste come\u00e7ou a ser aplicado em 1\u00ba de agosto de 2016 e sua \u00faltima \u201cparcela\u201d foi incorporada em 1\u00ba de agosto de 2019. Trata-se de lei decorrente do PL 4251\/2015, que alterou os valores constantes da tabela salarial vigentes at\u00e9 ent\u00e3o\u201d.<\/span><\/p>\n<p><span style=\"font-weight: 400;\">De acordo com o documento, esse reajuste, al\u00e9m de n\u00e3o acompanhar o aumento expressivo da infla\u00e7\u00e3o dos \u00faltimos anos, revela o quadro de defasagem salarial da Carreira do Magist\u00e9rio Superior Federal.<\/span><\/p>\n<p><span style=\"font-weight: 400;\">Em rela\u00e7\u00e3o \u00e0 corros\u00e3o do poder de compra dos servidores, o Dieese destaca o aumento do pre\u00e7o da cesta b\u00e1sica no pa\u00eds e a escalada da infla\u00e7\u00e3o, o congelamento do valor do aux\u00edlio-alimenta\u00e7\u00e3o e da assist\u00eancia pr\u00e9-escolar e o aumento da al\u00edquota da contribui\u00e7\u00e3o previdenci\u00e1ria.<\/span><\/p>\n<p><a href=\"https:\/\/www.adufpb.org.br\/site\/wp-content\/uploads\/2022\/02\/estudo-Dieese-reajuste-salarial-dos-docentes.pdf\" target=\"_blank\" rel=\"noopener noreferrer\"><span style=\"font-weight: 400;\">Para ler o estudo \u201cAn\u00e1lise das condi\u00e7\u00f5es salariais da carreira do Magist\u00e9rio Superior Federal\u201d, clique aqui.<\/span><\/a><\/p>\n<p><em>Fonte: Ascom ADUFPB<\/em><\/p>\n","protected":false},"excerpt":{"rendered":"<p>O Departamento Intersindical de Estat\u00edstica e Estudos Socioecon\u00f4micos (Dieese), em parceria com ADUnB (DF), divulgou esta semana o documento \u201cAn\u00e1lise das condi\u00e7\u00f5es salariais da carreira do Magist\u00e9rio Superior Federal\u201d, que visa subsidiar a campanha salarial da categoria este ano. Conforme o estudo, \u201ca remunera\u00e7\u00e3o desses profissionais sofreu expressiva deteriora\u00e7\u00e3o, tanto em fun\u00e7\u00e3o das perdas impostas&hellip;<\/p>\n","protected":false},"author":3,"featured_media":26204,"comment_status":"closed","ping_status":"closed","sticky":false,"template":"","format":"standard","meta":{"footnotes":""},"categories":[1405,15,417],"tags":[143,346,797,1526,1223],"class_list":["post-26202","post","type-post","status-publish","format-standard","has-post-thumbnail","hentry","category-chamada-principal","category-noticias","category-noticias-destaque","tag-campanha-salarial","tag-dieese","tag-docentes-federais","tag-magisterio-federal","tag-reajuste-salarial","category-1405","category-15","category-417","description-off"],"_links":{"self":[{"href":"https:\/\/www.adufpb.org.br\/site\/wp-json\/wp\/v2\/posts\/26202","targetHints":{"allow":["GET"]}}],"collection":[{"href":"https:\/\/www.adufpb.org.br\/site\/wp-json\/wp\/v2\/posts"}],"about":[{"href":"https:\/\/www.adufpb.org.br\/site\/wp-json\/wp\/v2\/types\/post"}],"author":[{"embeddable":true,"href":"https:\/\/www.adufpb.org.br\/site\/wp-json\/wp\/v2\/users\/3"}],"replies":[{"embeddable":true,"href":"https:\/\/www.adufpb.org.br\/site\/wp-json\/wp\/v2\/comments?post=26202"}],"version-history":[{"count":1,"href":"https:\/\/www.adufpb.org.br\/site\/wp-json\/wp\/v2\/posts\/26202\/revisions"}],"predecessor-version":[{"id":26205,"href":"https:\/\/www.adufpb.org.br\/site\/wp-json\/wp\/v2\/posts\/26202\/revisions\/26205"}],"wp:featuredmedia":[{"embeddable":true,"href":"https:\/\/www.adufpb.org.br\/site\/wp-json\/wp\/v2\/media\/26204"}],"wp:attachment":[{"href":"https:\/\/www.adufpb.org.br\/site\/wp-json\/wp\/v2\/media?parent=26202"}],"wp:term":[{"taxonomy":"category","embeddable":true,"href":"https:\/\/www.adufpb.org.br\/site\/wp-json\/wp\/v2\/categories?post=26202"},{"taxonomy":"post_tag","embeddable":true,"href":"https:\/\/www.adufpb.org.br\/site\/wp-json\/wp\/v2\/tags?post=26202"}],"curies":[{"name":"wp","href":"https:\/\/api.w.org\/{rel}","templated":true}]}}