{"id":2613,"date":"2012-03-09T11:55:40","date_gmt":"2012-03-09T15:55:40","guid":{"rendered":"http:\/\/www.adufpb.org.br\/site\/adufpb-transmitira-entrevista-com-vice-presidente-do-andes\/"},"modified":"2012-03-12T10:50:13","modified_gmt":"2012-03-12T14:50:13","slug":"adufpb-transmitira-entrevista-com-vice-presidente-do-andes","status":"publish","type":"post","link":"https:\/\/www.adufpb.org.br\/site\/adufpb-transmitira-entrevista-com-vice-presidente-do-andes\/","title":{"rendered":"ADUFPB transmitir\u00e1 entrevista com vice-presidente do Andes"},"content":{"rendered":"<div id=\"_mcePaste\" style=\"position: absolute; left: -10000px; top: 0px; width: 1px; height: 1px; overflow-x: hidden; overflow-y: hidden;\">A participa\u00e7\u00e3o da ADUFPB no programa de r\u00e1dio \u201cPara\u00edba em Destaque\u201d deste s\u00e1bado (10.03) ser\u00e1 com uma entrevista feita pelo presidente da entidade, Ricardo Lucena, com o vice-presidente do Andes, Luiz Henrique Schuch. O programa vai ao ar \u00e0s 11h, na r\u00e1dio Miramar FM 107.7.<\/div>\n<div id=\"_mcePaste\" style=\"position: absolute; left: -10000px; top: 0px; width: 1px; height: 1px; overflow-x: hidden; overflow-y: hidden;\">Na entrevista o professor Schuch abordou diversos temas de interessa da categoria, relacionados tamb\u00e9m, fundamentalmente, \u00e0 valoriza\u00e7\u00e3o e constru\u00e7\u00e3o da universidade p\u00fablica, passando pelos principais desafios para a Educa\u00e7\u00e3o brasileira.<\/div>\n<div id=\"_mcePaste\" style=\"position: absolute; left: -10000px; top: 0px; width: 1px; height: 1px; overflow-x: hidden; overflow-y: hidden;\">Para o vice-presidente do Andes, \u201c\u00e9 preciso dar um car\u00e1ter universal \u00e0 educa\u00e7\u00e3o no pa\u00eds. N\u00e3o adianta fazer discurso sem investir na forma\u00e7\u00e3o de quadros docentes, em processos tecnol\u00f3gicos.\u201d<\/div>\n<div id=\"_mcePaste\" style=\"position: absolute; left: -10000px; top: 0px; width: 1px; height: 1px; overflow-x: hidden; overflow-y: hidden;\">Dentro desse panorama, Ricardo Lucena lan\u00e7ou quest\u00f5es sobre quais a\u00e7\u00f5es devem ser feitas pelas universidade p\u00fablicas e qual a agenda de prioridades de lutas e reivindica\u00e7\u00f5es foram tiradas do 31\u00ba Congresso do ANDES-SN, realizado entre 15 e 20 de janeiro passado.<\/div>\n<div id=\"_mcePaste\" style=\"position: absolute; left: -10000px; top: 0px; width: 1px; height: 1px; overflow-x: hidden; overflow-y: hidden;\">A bandeira defendida pela campanha \u201c10% do PIB para a Educa\u00e7\u00e3o P\u00fablica J\u00e1\u201d e a luta pela n\u00e3o privatiza\u00e7\u00e3o dos Hospitais Universit\u00e1rios (HUs) foram ainda alguns dos temas discutidos pelo professor Schuch.<\/div>\n<div id=\"_mcePaste\" style=\"position: absolute; left: -10000px; top: 0px; width: 1px; height: 1px; overflow-x: hidden; overflow-y: hidden;\">R\u00e1dio Miramar 107.7 FM<\/div>\n<div id=\"_mcePaste\" style=\"position: absolute; left: -10000px; top: 0px; width: 1px; height: 1px; overflow-x: hidden; overflow-y: hidden;\">Apresentado pelo jornalista e escritor paraibano Tarc\u00edsio Neves, o programa \u00e9 transmitido pela r\u00e1dio Miramar 107.7 FM, das 11h \u00e0s 12 horas. Os docentes tamb\u00e9m podem ouvir o programa pela internet, atrav\u00e9s do site http:\/\/www.miramarfm.com.br\/, que \u00e9 transmitido ao vivo para todo o mundo.<\/div>\n<p>A participa\u00e7\u00e3o da ADUFPB no programa de r\u00e1dio \u201cPara\u00edba em Destaque\u201d deste s\u00e1bado (10.03) ser\u00e1 com uma entrevista feita pelo presidente da entidade, Ricardo Lucena, com o vice-presidente do Andes, Luiz Henrique Schuch. O programa vai ao ar \u00e0s 11h, na r\u00e1dio Miramar FM 107.7.<\/p>\n<p>Na entrevista o professor Schuch abordou diversos temas de interesse da categoria, relacionados tamb\u00e9m, fundamentalmente, \u00e0 valoriza\u00e7\u00e3o e constru\u00e7\u00e3o da universidade p\u00fablica, passando pelos principais desafios para a Educa\u00e7\u00e3o brasileira.<\/p>\n<p>Para o vice-presidente do Andes, \u201c\u00e9 preciso dar um car\u00e1ter universal \u00e0 educa\u00e7\u00e3o no pa\u00eds. N\u00e3o adianta fazer discurso sem investir na forma\u00e7\u00e3o de quadros docentes, em processos tecnol\u00f3gicos.\u201d<\/p>\n<p>Dentro desse panorama, Ricardo Lucena lan\u00e7ou quest\u00f5es sobre quais a\u00e7\u00f5es devem ser feitas pelas universidade p\u00fablicas e qual a agenda de prioridades de lutas e reivindica\u00e7\u00f5es \u00a0que foram tiradas do 31\u00ba Congresso do ANDES-SN, realizado entre 15 e 20 de janeiro passado.<\/p>\n<p>A bandeira defendida pela campanha \u201c10% do PIB para a Educa\u00e7\u00e3o P\u00fablica J\u00e1\u201d e a luta pela n\u00e3o privatiza\u00e7\u00e3o dos Hospitais Universit\u00e1rios (HUs) foram ainda alguns dos temas discutidos pelo professor Schuch.<\/p>\n<p><strong>R\u00e1dio Miramar 107.7 FM<\/strong><\/p>\n<p>Apresentado pelo jornalista e escritor paraibano Tarc\u00edsio Neves, o programa \u00e9 transmitido pela r\u00e1dio Miramar 107.7 FM, das 11h \u00e0s 12 horas. Os docentes tamb\u00e9m podem ouvir o programa pela internet, atrav\u00e9s do site http:\/\/www.miramarfm.com.br\/, que \u00e9 transmitido ao vivo para todo o mundo.<\/p>\n","protected":false},"excerpt":{"rendered":"<p>A participa\u00e7\u00e3o da ADUFPB no programa de r\u00e1dio \u201cPara\u00edba em Destaque\u201d deste s\u00e1bado (10.03) ser\u00e1 com uma entrevista feita pelo presidente da entidade, Ricardo Lucena, com o vice-presidente do Andes, Luiz Henrique Schuch. O programa vai ao ar \u00e0s 11h, na r\u00e1dio Miramar FM 107.7. Na entrevista o professor Schuch abordou diversos temas de interessa&hellip;<\/p>\n","protected":false},"author":1,"featured_media":0,"comment_status":"open","ping_status":"open","sticky":false,"template":"","format":"standard","meta":{"footnotes":""},"categories":[15],"tags":[],"class_list":["post-2613","post","type-post","status-publish","format-standard","hentry","category-noticias","category-15","description-off"],"_links":{"self":[{"href":"https:\/\/www.adufpb.org.br\/site\/wp-json\/wp\/v2\/posts\/2613","targetHints":{"allow":["GET"]}}],"collection":[{"href":"https:\/\/www.adufpb.org.br\/site\/wp-json\/wp\/v2\/posts"}],"about":[{"href":"https:\/\/www.adufpb.org.br\/site\/wp-json\/wp\/v2\/types\/post"}],"author":[{"embeddable":true,"href":"https:\/\/www.adufpb.org.br\/site\/wp-json\/wp\/v2\/users\/1"}],"replies":[{"embeddable":true,"href":"https:\/\/www.adufpb.org.br\/site\/wp-json\/wp\/v2\/comments?post=2613"}],"version-history":[{"count":2,"href":"https:\/\/www.adufpb.org.br\/site\/wp-json\/wp\/v2\/posts\/2613\/revisions"}],"predecessor-version":[{"id":2621,"href":"https:\/\/www.adufpb.org.br\/site\/wp-json\/wp\/v2\/posts\/2613\/revisions\/2621"}],"wp:attachment":[{"href":"https:\/\/www.adufpb.org.br\/site\/wp-json\/wp\/v2\/media?parent=2613"}],"wp:term":[{"taxonomy":"category","embeddable":true,"href":"https:\/\/www.adufpb.org.br\/site\/wp-json\/wp\/v2\/categories?post=2613"},{"taxonomy":"post_tag","embeddable":true,"href":"https:\/\/www.adufpb.org.br\/site\/wp-json\/wp\/v2\/tags?post=2613"}],"curies":[{"name":"wp","href":"https:\/\/api.w.org\/{rel}","templated":true}]}}