{"id":26074,"date":"2021-12-17T18:09:03","date_gmt":"2021-12-17T21:09:03","guid":{"rendered":"https:\/\/www.adufpb.org.br\/site\/?p=26074"},"modified":"2022-01-17T08:59:12","modified_gmt":"2022-01-17T11:59:12","slug":"agenda-adufpb-2022-comeca-a-ser-entregue-segunda-feira-20-12","status":"publish","type":"post","link":"https:\/\/www.adufpb.org.br\/site\/agenda-adufpb-2022-comeca-a-ser-entregue-segunda-feira-20-12\/","title":{"rendered":"Agenda ADUFPB 2022 come\u00e7a a ser entregue segunda-feira (20\/12)"},"content":{"rendered":"<p><a href=\"https:\/\/www.adufpb.org.br\/site\/agenda-adufpb-2022-comeca-a-ser-entregue-segunda-feira-20-12\/capa-da-agenda-2022\/\" rel=\"attachment wp-att-26076\"><img loading=\"lazy\" decoding=\"async\" class=\"alignright size-full wp-image-26076\" src=\"https:\/\/www.adufpb.org.br\/site\/wp-content\/uploads\/2021\/12\/capa-da-agenda-2022.jpeg\" alt=\"\" width=\"349\" height=\"433\" srcset=\"https:\/\/www.adufpb.org.br\/site\/wp-content\/uploads\/2021\/12\/capa-da-agenda-2022.jpeg 349w, https:\/\/www.adufpb.org.br\/site\/wp-content\/uploads\/2021\/12\/capa-da-agenda-2022-242x300.jpeg 242w, https:\/\/www.adufpb.org.br\/site\/wp-content\/uploads\/2021\/12\/capa-da-agenda-2022-250x310.jpeg 250w\" sizes=\"auto, (max-width: 349px) 100vw, 349px\" \/><\/a>A partir da pr\u00f3xima segunda-feira (20\/12), docentes sindicalizados(as) j\u00e1 poder\u00e3o ter acesso \u00e0 Agenda ADUFPB 2022, publica\u00e7\u00e3o anual produzida pelo sindicato e distribu\u00edda gratuitamente. Ap\u00f3s quase dois anos de pandemia, a sede da entidade, no campus I da UFPB, ser\u00e1 reaberta para a entrega presencial dos exemplares, das 8h \u00e0s 12h, com a presen\u00e7a de membros da Diretoria Executiva. O atendimento ocorrer\u00e1 tamb\u00e9m na ter\u00e7a e quarta-feira (21 e 22) no mesmo hor\u00e1rio.<\/p>\n<p>Para garantir a seguran\u00e7a sanit\u00e1ria, poder\u00e1 entrar na sede apenas quem apresentar o cart\u00e3o de vacina\u00e7\u00e3o com as duas doses. Al\u00e9m disso, ser\u00e1 obrigat\u00f3rio o uso de m\u00e1scaras (de prefer\u00eancia N95 ou PFF2) e higieniza\u00e7\u00e3o das m\u00e3os com \u00e1lcool 70\u00b0. A ADUFPB tamb\u00e9m providenciou mudan\u00e7as na estrutura f\u00edsica dos ambientes da sede para garantir a circula\u00e7\u00e3o de ar e evitar contamina\u00e7\u00f5es pelo coronav\u00edrus.<\/p>\n<p>A fim de evitar aglomera\u00e7\u00f5es, a entrada ser\u00e1 controlada para que apenas um n\u00famero reduzido de pessoas se concentre ao mesmo tempo dentro da sede. Com o mesmo intuito, a distribui\u00e7\u00e3o das agendas ocorrer\u00e1 por ordem alfab\u00e9tica, em tr\u00eas pontos distintos do local, evitando que as pessoas precisem ficar esperando muito tempo.<\/p>\n<p>Na quinta-feira (23\/12), a ADUFPB entrar\u00e1 em recesso, retornando no dia 3 de janeiro, quando voltar\u00e1 a realizar todos os atendimentos presenciais na sede. Inicialmente, o funcionamento vai ocorrer de forma experimental das 8h \u00e0s 12h, mas esse hor\u00e1rio deve ser ampliado conforme o aumento da demanda.<\/p>\n<p>Apesar do necess\u00e1rio cuidado com o distanciamento social, a ADUFPB espera que esse seja um momento de reencontro proveitoso para professores e professoras ap\u00f3s 21 meses afastados(as) da rotina da sede.<\/p>\n<p>\u201cEsta ser\u00e1 uma volta bem planejada, obedecendo todos os protocolos de seguran\u00e7a, por isso a expectativa \u00e9 a melhor poss\u00edvel. Embora durante a pandemia as ferramentas de reuni\u00e3o remota tenham sido essenciais para a nossa luta e mobiliza\u00e7\u00e3o, sabemos que o bom resultado da atividade sindical depende muito desse encontro, da troca de ideias, da conversa olho no olho. Por isso ficamos muito felizes de, neste momento, gra\u00e7as \u00e0 vacina\u00e7\u00e3o e ao SUS, estarmos voltando a reabrir nossa sede\u201d, comenta o presidente da ADUFPB, Fernando Cunha.<\/p>\n<p><strong>Concurso de Fotografia<\/strong><\/p>\n<p>Ainda na pr\u00f3xima segunda-feira (20), ser\u00e1 realizada a entrega das premia\u00e7\u00f5es do 10\u00ba Concurso Fotogr\u00e1fico da ADUFPB. Os(as) autores(as) das tr\u00eas imagens selecionadas pela Comiss\u00e3o Julgadora v\u00e3o receber um leitor de livros digitais (e-books e e-pubs) Kindle Paperwhite 8GB. S\u00e3o eles: Joelson Machado de Albuquerque (com a foto \u201cEspelho espelho meu\u201d), Anita Leoc\u00e1dia Pereira dos Santos (\u201cA mulher que trabalha com a for\u00e7a da alegria) e Elizabet Maria Spohr de Medeiros (\u201cAmanh\u00e3 ser\u00e1 um novo dia!\u201d).<\/p>\n<p>Parte das fotografias inscritas para o 10\u00ba Concurso de Fotografia foram utilizadas para ilustrar as p\u00e1ginas da Agenda ADUFPB 2022. Em anos anteriores, os vencedores eram divididos em posi\u00e7\u00f5es e a foto escolhida em primeiro lugar ilustrava a capa. Este ano, diferentemente, n\u00e3o houve posi\u00e7\u00f5es e a capa foi selecionada por uma Comiss\u00e3o Editorial, levando em conta crit\u00e9rios est\u00e9ticos e editoriais que valorizem a marca da ADUFPB e o design da publica\u00e7\u00e3o, proporcionando mais beleza \u00e0 agenda. Desta forma, a imagem escolhida para a capa da agenda do pr\u00f3ximo ano foi \u201cEspelho espelho meu\u201d, do professor Joelson Machado.<\/p>\n<p>Confira abaixo as tr\u00eas imagens vencedoras e a capa da Agenda ADUFPB 2021 (clique para ampliar):<\/p>\n\n\t\t\t<style type='text\/css'>\n\t\t\t\t#gallery-1 {\n\t\t\t\t\tmargin: auto;\n\t\t\t\t}\n\t\t\t\t#gallery-1 .gallery-item {\n\t\t\t\t\tfloat: left;\n\t\t\t\t\tmargin-top: 10px;\n\t\t\t\t\ttext-align: center;\n\t\t\t\t\twidth: 33%;\n\t\t\t\t}\n\t\t\t\t#gallery-1 img {\n\t\t\t\t\tborder: 2px solid #cfcfcf;\n\t\t\t\t}\n\t\t\t\t#gallery-1 .gallery-caption {\n\t\t\t\t\tmargin-left: 0;\n\t\t\t\t}\n\t\t\t\t\/* see gallery_shortcode() in wp-includes\/media.php *\/\n\t\t\t<\/style>\n\t\t<div id='gallery-1' class='dt-gallery-container gallery galleryid-26074 gallery-columns-3 gallery-size-thumbnail'><dl class='gallery-item'>\n\t\t\t\t<dt class='gallery-icon portrait'>\n\t\t\t\t\t<a class=\"rollover\" href='https:\/\/www.adufpb.org.br\/site\/agenda-adufpb-2022-comeca-a-ser-entregue-segunda-feira-20-12\/elizabet-maria-spohr-de-medeiros-amanha-sera-um-novo-dia\/'><img loading=\"lazy\" decoding=\"async\" width=\"150\" height=\"150\" src=\"https:\/\/www.adufpb.org.br\/site\/wp-content\/uploads\/2021\/12\/Elizabet-Maria-Spohr-de-Medeiros-Amanha-sera-um-novo-dia-150x150.jpeg\" class=\"attachment-thumbnail size-thumbnail\" alt=\"\" aria-describedby=\"gallery-1-26078\" \/><\/a>\n\t\t\t\t<\/dt>\n\t\t\t\t\t<dd class='wp-caption-text gallery-caption' id='gallery-1-26078'>\n\t\t\t\t\tAmanh\u00e3 ser\u00e1 um novo dia &#8211; Elizabet Maria Spohr de Medeiros\n\t\t\t\t\t<\/dd><\/dl><dl class='gallery-item'>\n\t\t\t\t<dt class='gallery-icon portrait'>\n\t\t\t\t\t<a class=\"rollover\" href='https:\/\/www.adufpb.org.br\/site\/agenda-adufpb-2022-comeca-a-ser-entregue-segunda-feira-20-12\/anita-leocadia-pereira-dos-santos-a-mulher-que-trabalha-com-a-forca-da-alegria\/'><img loading=\"lazy\" decoding=\"async\" width=\"150\" height=\"150\" src=\"https:\/\/www.adufpb.org.br\/site\/wp-content\/uploads\/2021\/12\/Anita-Leocadia-Pereira-dos-Santos-A-mulher-que-trabalha-com-a-forca-da-alegria-150x150.jpeg\" class=\"attachment-thumbnail size-thumbnail\" alt=\"\" aria-describedby=\"gallery-1-26077\" \/><\/a>\n\t\t\t\t<\/dt>\n\t\t\t\t\t<dd class='wp-caption-text gallery-caption' id='gallery-1-26077'>\n\t\t\t\t\tA mulher que trabalha com a for\u00e7a da alegria &#8211; Anita Leoc\u00e1dia Pereira dos Santos\n\t\t\t\t\t<\/dd><\/dl><dl class='gallery-item'>\n\t\t\t\t<dt class='gallery-icon landscape'>\n\t\t\t\t\t<a class=\"rollover\" href='https:\/\/www.adufpb.org.br\/site\/agenda-adufpb-2022-comeca-a-ser-entregue-segunda-feira-20-12\/joelson-machado-de-albuquerque-espelho-espelho-meu\/'><img loading=\"lazy\" decoding=\"async\" width=\"150\" height=\"150\" src=\"https:\/\/www.adufpb.org.br\/site\/wp-content\/uploads\/2021\/12\/Joelson-Machado-de-Albuquerque-Espelho-espelho-meu-150x150.jpeg\" class=\"attachment-thumbnail size-thumbnail\" alt=\"\" aria-describedby=\"gallery-1-26075\" \/><\/a>\n\t\t\t\t<\/dt>\n\t\t\t\t\t<dd class='wp-caption-text gallery-caption' id='gallery-1-26075'>\n\t\t\t\t\tEspelho espelho meu &#8211; Joelson Machado de Albuquerque\n\t\t\t\t\t<\/dd><\/dl><br style=\"clear: both\" \/>\n\t\t\t<\/div>\n\n<p>&nbsp;<\/p>\n<p>&nbsp;<\/p>\n","protected":false},"excerpt":{"rendered":"<p>A partir da pr\u00f3xima segunda-feira (20\/12), docentes sindicalizados(as) j\u00e1 poder\u00e3o ter acesso \u00e0 Agenda ADUFPB 2022, publica\u00e7\u00e3o anual produzida pelo sindicato e distribu\u00edda gratuitamente. Ap\u00f3s quase dois anos de pandemia, a sede da entidade, no campus I da UFPB, ser\u00e1 reaberta para a entrega presencial dos exemplares, das 8h \u00e0s 12h, com a presen\u00e7a de&hellip;<\/p>\n","protected":false},"author":3,"featured_media":26076,"comment_status":"closed","ping_status":"closed","sticky":false,"template":"","format":"standard","meta":{"footnotes":""},"categories":[15,417],"tags":[1516,251],"class_list":["post-26074","post","type-post","status-publish","format-standard","has-post-thumbnail","hentry","category-noticias","category-noticias-destaque","tag-agenda-adufpb-2022","tag-concurso-de-fotografia","category-15","category-417","description-off"],"_links":{"self":[{"href":"https:\/\/www.adufpb.org.br\/site\/wp-json\/wp\/v2\/posts\/26074","targetHints":{"allow":["GET"]}}],"collection":[{"href":"https:\/\/www.adufpb.org.br\/site\/wp-json\/wp\/v2\/posts"}],"about":[{"href":"https:\/\/www.adufpb.org.br\/site\/wp-json\/wp\/v2\/types\/post"}],"author":[{"embeddable":true,"href":"https:\/\/www.adufpb.org.br\/site\/wp-json\/wp\/v2\/users\/3"}],"replies":[{"embeddable":true,"href":"https:\/\/www.adufpb.org.br\/site\/wp-json\/wp\/v2\/comments?post=26074"}],"version-history":[{"count":5,"href":"https:\/\/www.adufpb.org.br\/site\/wp-json\/wp\/v2\/posts\/26074\/revisions"}],"predecessor-version":[{"id":26083,"href":"https:\/\/www.adufpb.org.br\/site\/wp-json\/wp\/v2\/posts\/26074\/revisions\/26083"}],"wp:featuredmedia":[{"embeddable":true,"href":"https:\/\/www.adufpb.org.br\/site\/wp-json\/wp\/v2\/media\/26076"}],"wp:attachment":[{"href":"https:\/\/www.adufpb.org.br\/site\/wp-json\/wp\/v2\/media?parent=26074"}],"wp:term":[{"taxonomy":"category","embeddable":true,"href":"https:\/\/www.adufpb.org.br\/site\/wp-json\/wp\/v2\/categories?post=26074"},{"taxonomy":"post_tag","embeddable":true,"href":"https:\/\/www.adufpb.org.br\/site\/wp-json\/wp\/v2\/tags?post=26074"}],"curies":[{"name":"wp","href":"https:\/\/api.w.org\/{rel}","templated":true}]}}