{"id":26018,"date":"2021-11-23T21:41:40","date_gmt":"2021-11-24T00:41:40","guid":{"rendered":"https:\/\/www.adufpb.org.br\/site\/?p=26018"},"modified":"2021-12-03T09:55:50","modified_gmt":"2021-12-03T12:55:50","slug":"grupo-de-trabalho-politica-educacional-realiza-reuniao-nesta-quarta-feira-24","status":"publish","type":"post","link":"https:\/\/www.adufpb.org.br\/site\/grupo-de-trabalho-politica-educacional-realiza-reuniao-nesta-quarta-feira-24\/","title":{"rendered":"Grupo de Trabalho Pol\u00edtica Educacional realiza reuni\u00e3o nesta quarta-feira, 24"},"content":{"rendered":"<p><img loading=\"lazy\" decoding=\"async\" class=\"alignright size-medium wp-image-26019\" src=\"https:\/\/www.adufpb.org.br\/site\/wp-content\/uploads\/2021\/11\/WhatsApp-Image-2021-11-23-at-19.09.43-300x300.jpeg\" alt=\"\" width=\"300\" height=\"300\" srcset=\"https:\/\/www.adufpb.org.br\/site\/wp-content\/uploads\/2021\/11\/WhatsApp-Image-2021-11-23-at-19.09.43-300x300.jpeg 300w, https:\/\/www.adufpb.org.br\/site\/wp-content\/uploads\/2021\/11\/WhatsApp-Image-2021-11-23-at-19.09.43-1022x1024.jpeg 1022w, https:\/\/www.adufpb.org.br\/site\/wp-content\/uploads\/2021\/11\/WhatsApp-Image-2021-11-23-at-19.09.43-150x150.jpeg 150w, https:\/\/www.adufpb.org.br\/site\/wp-content\/uploads\/2021\/11\/WhatsApp-Image-2021-11-23-at-19.09.43-768x769.jpeg 768w, https:\/\/www.adufpb.org.br\/site\/wp-content\/uploads\/2021\/11\/WhatsApp-Image-2021-11-23-at-19.09.43-250x250.jpeg 250w, https:\/\/www.adufpb.org.br\/site\/wp-content\/uploads\/2021\/11\/WhatsApp-Image-2021-11-23-at-19.09.43.jpeg 1081w\" sizes=\"auto, (max-width: 300px) 100vw, 300px\" \/>O Grupo de Trabalho Pol\u00edtica Educacional (GTPE) da ADUFPB realiza reuni\u00e3o virtual nesta quarta-feira, dia 24, para discutir temas como a pol\u00edtica de forma\u00e7\u00e3o de professores(as) e a aprendizagem h\u00edbrida.\u00a0A atividade, que \u00e9 aberta a todas as pessoas interessadas, ocorrer\u00e1 \u00e0s 15h, por meio da plataforma Zoom, o link ser\u00e1 disponibilizado a partir das 14h30, por e-mail (adufpb@terra.com.br) e Whatsapp (83.99645-7000).<\/p>\n<p><span style=\"text-decoration: underline;\"><strong>AGENDE-SE<\/strong><\/span><br \/>\n<strong>Reuni\u00e3o do GTPE<\/strong><\/p>\n<p><strong>Data:<\/strong> 24\/11, quarta-feira<br \/>\n<strong>Hor\u00e1rio:<\/strong> 15h<br \/>\n<strong>Como acessar:<\/strong> O link ser\u00e1 disponibilizado a partir das 14h30, por e-mail (adufpb@terra.com.br) e Whatsapp (83.99645-7000)<\/p>\n<p><strong>Pauta:<\/strong><\/p>\n<p>&#8211; Informes<\/p>\n<p>&#8211; Pol\u00edtica de forma\u00e7\u00e3o de professores\/as<\/p>\n<p>&#8211; Aprendizagem h\u00edbrida<\/p>\n<p>&#8211; Encaminhamentos<\/p>\n<p><em>Fonte: Ascom ADUFPB<\/em><\/p>\n<p>&nbsp;<\/p>\n<p>&nbsp;<\/p>\n<p>&nbsp;<\/p>\n","protected":false},"excerpt":{"rendered":"<p>O Grupo de Trabalho Pol\u00edtica Educacional (GTPE) da ADUFPB realiza reuni\u00e3o virtual nesta quarta-feira, dia 24, para discutir temas como a pol\u00edtica de forma\u00e7\u00e3o de professores(as) e a aprendizagem h\u00edbrida.\u00a0A atividade, que \u00e9 aberta a todas as pessoas interessadas, ocorrer\u00e1 \u00e0s 15h, por meio da plataforma Zoom, o link ser\u00e1 disponibilizado a partir das 14h30,&hellip;<\/p>\n","protected":false},"author":3,"featured_media":26019,"comment_status":"closed","ping_status":"closed","sticky":false,"template":"","format":"standard","meta":{"footnotes":""},"categories":[15,417],"tags":[],"class_list":["post-26018","post","type-post","status-publish","format-standard","has-post-thumbnail","hentry","category-noticias","category-noticias-destaque","category-15","category-417","description-off"],"_links":{"self":[{"href":"https:\/\/www.adufpb.org.br\/site\/wp-json\/wp\/v2\/posts\/26018","targetHints":{"allow":["GET"]}}],"collection":[{"href":"https:\/\/www.adufpb.org.br\/site\/wp-json\/wp\/v2\/posts"}],"about":[{"href":"https:\/\/www.adufpb.org.br\/site\/wp-json\/wp\/v2\/types\/post"}],"author":[{"embeddable":true,"href":"https:\/\/www.adufpb.org.br\/site\/wp-json\/wp\/v2\/users\/3"}],"replies":[{"embeddable":true,"href":"https:\/\/www.adufpb.org.br\/site\/wp-json\/wp\/v2\/comments?post=26018"}],"version-history":[{"count":1,"href":"https:\/\/www.adufpb.org.br\/site\/wp-json\/wp\/v2\/posts\/26018\/revisions"}],"predecessor-version":[{"id":26020,"href":"https:\/\/www.adufpb.org.br\/site\/wp-json\/wp\/v2\/posts\/26018\/revisions\/26020"}],"wp:featuredmedia":[{"embeddable":true,"href":"https:\/\/www.adufpb.org.br\/site\/wp-json\/wp\/v2\/media\/26019"}],"wp:attachment":[{"href":"https:\/\/www.adufpb.org.br\/site\/wp-json\/wp\/v2\/media?parent=26018"}],"wp:term":[{"taxonomy":"category","embeddable":true,"href":"https:\/\/www.adufpb.org.br\/site\/wp-json\/wp\/v2\/categories?post=26018"},{"taxonomy":"post_tag","embeddable":true,"href":"https:\/\/www.adufpb.org.br\/site\/wp-json\/wp\/v2\/tags?post=26018"}],"curies":[{"name":"wp","href":"https:\/\/api.w.org\/{rel}","templated":true}]}}