{"id":25968,"date":"2021-11-12T10:29:55","date_gmt":"2021-11-12T13:29:55","guid":{"rendered":"https:\/\/www.adufpb.org.br\/site\/?p=25968"},"modified":"2021-11-25T14:21:55","modified_gmt":"2021-11-25T17:21:55","slug":"adufpb-e-observatorio-paraibano-de-jornalismo-se-reunem-para-discutir-ataque-a-docentes-na-midia-paraibana","status":"publish","type":"post","link":"https:\/\/www.adufpb.org.br\/site\/adufpb-e-observatorio-paraibano-de-jornalismo-se-reunem-para-discutir-ataque-a-docentes-na-midia-paraibana\/","title":{"rendered":"ADUFPB e Observat\u00f3rio Paraibano de Jornalismo se re\u00fanem para discutir ataque a docentes na m\u00eddia paraibana"},"content":{"rendered":"<p>O Observat\u00f3rio Paraibano de Jornalismo (OPJ) procurou a ADUFPB para alertar o sindicato quanto ao registro de in\u00fameros ataques aos docentes na imprensa paraibana. Uma reuni\u00e3o entre membros do Observat\u00f3rio e a diretoria de Comunica\u00e7\u00e3o do sindicato aconteceu em 27 de outubro e deu in\u00edcio uma parceria que ajudar\u00e1 a esclarecer e informar melhor a popula\u00e7\u00e3o a respeito do trabalho, das lutas e do valor dos professores para a sociedade.<\/p>\n<p>Formado por experientes comunicadores e professores de comunica\u00e7\u00e3o, o Observat\u00f3rio Paraibano de Jornalismo \u00e9 uma iniciativa do Programa de P\u00f3s-Gradua\u00e7\u00e3o em Jornalismo (PPJ) da Universidade Federal da Para\u00edba (UFPB) e re\u00fane seus membros regularmente para avaliar o conte\u00fado oferecido pela m\u00eddia paraibana. O grupo atua em quatro vertentes: cr\u00edtica de m\u00eddia, combate \u00e0 desinforma\u00e7\u00e3o, monitoramento de acessibilidade e gest\u00e3o da qualidade da informa\u00e7\u00e3o jornal\u00edstica.<\/p>\n<p>Em uma de suas reuni\u00f5es ordin\u00e1rias, o OPJ identificou serem recorrentes, na m\u00eddia local, refer\u00eancias desrespeitosas aos professores que lutam pelo direito de preservar sua sa\u00fade em tempos de pandemia da covid-19. Foi isso que levou os observadores a procurarem a ADUFPB para ouvir do sindicato o que pode ser feito para oferecer \u00e0 audi\u00eancia as informa\u00e7\u00f5es corretas e anular o que mais tarde foi chamado por Rubens N\u00f3brega, um dos membros do Observat\u00f3rio, de \u201cachincalhe\u201d feito pela m\u00eddia.<\/p>\n<p>No encontro, que contou com a presen\u00e7a de Cristiano Bonneau e Sandra Luna, diretores do sindicato, e dos comunicadores Carm\u00e9lio Reynaldo, Zulmira N\u00f3brega e Sandra Moura, al\u00e9m do pr\u00f3prio Rubens N\u00f3brega, foram discutidas formas de lidar com esse problema e sugest\u00f5es foram feitas.<\/p>\n<p>Entre os frutos dessa parceria, ADUFPB e OPJ disponibilizaram espa\u00e7os para que publica\u00e7\u00f5es cruzadas fossem divulgadas e para que os p\u00fablicos se somassem. Tamb\u00e9m ficou preestabelecido que novas rodas de discuss\u00e3o podem e devem ocorrer e, assim, o sindicato passa a contar com um valioso aux\u00edlio, mais que especializado, para atuar em defesa dos professores em geral e, mais especificamente, em defesa dos docentes da UFPB.<\/p>\n<p><strong>O Observat\u00f3rio<\/strong><\/p>\n<p>Formado por uma rede de observadores, com representa\u00e7\u00e3o nas diversas localidades, da capital ao interior do Estado da Para\u00edba, o Observat\u00f3rio\u00a0 Paraibano de Jornalismo re\u00fane jornalistas profissionais, professores, pesquisadores, estudantes de p\u00f3s-gradua\u00e7\u00e3o e gradua\u00e7\u00e3o que se dedicam voluntariamente \u00e0 an\u00e1lise cr\u00edtica de material jornal\u00edstico divulgado na Internet (blogs, portais institucionais, comerciais, redes sociais digitais etc.), m\u00eddia impressa (jornais e revistas) e eletr\u00f4nica (r\u00e1dio e tev\u00ea).<\/p>\n<p>https:\/\/observatoriopbdejornalismo.blogspot.com<\/p>\n<p><em>Fonte: Ascom ADUFPB<\/em><\/p>\n","protected":false},"excerpt":{"rendered":"<p>O Observat\u00f3rio Paraibano de Jornalismo (OPJ) procurou a ADUFPB para alertar o sindicato quanto ao registro de in\u00fameros ataques aos docentes na imprensa paraibana. Uma reuni\u00e3o entre membros do Observat\u00f3rio e a diretoria de Comunica\u00e7\u00e3o do sindicato aconteceu em 27 de outubro e deu in\u00edcio uma parceria que ajudar\u00e1 a esclarecer e informar melhor a&hellip;<\/p>\n","protected":false},"author":3,"featured_media":25969,"comment_status":"closed","ping_status":"closed","sticky":false,"template":"","format":"standard","meta":{"footnotes":""},"categories":[15,417],"tags":[1513],"class_list":["post-25968","post","type-post","status-publish","format-standard","has-post-thumbnail","hentry","category-noticias","category-noticias-destaque","tag-observatorio-de-jornalismo","category-15","category-417","description-off"],"_links":{"self":[{"href":"https:\/\/www.adufpb.org.br\/site\/wp-json\/wp\/v2\/posts\/25968","targetHints":{"allow":["GET"]}}],"collection":[{"href":"https:\/\/www.adufpb.org.br\/site\/wp-json\/wp\/v2\/posts"}],"about":[{"href":"https:\/\/www.adufpb.org.br\/site\/wp-json\/wp\/v2\/types\/post"}],"author":[{"embeddable":true,"href":"https:\/\/www.adufpb.org.br\/site\/wp-json\/wp\/v2\/users\/3"}],"replies":[{"embeddable":true,"href":"https:\/\/www.adufpb.org.br\/site\/wp-json\/wp\/v2\/comments?post=25968"}],"version-history":[{"count":1,"href":"https:\/\/www.adufpb.org.br\/site\/wp-json\/wp\/v2\/posts\/25968\/revisions"}],"predecessor-version":[{"id":25970,"href":"https:\/\/www.adufpb.org.br\/site\/wp-json\/wp\/v2\/posts\/25968\/revisions\/25970"}],"wp:featuredmedia":[{"embeddable":true,"href":"https:\/\/www.adufpb.org.br\/site\/wp-json\/wp\/v2\/media\/25969"}],"wp:attachment":[{"href":"https:\/\/www.adufpb.org.br\/site\/wp-json\/wp\/v2\/media?parent=25968"}],"wp:term":[{"taxonomy":"category","embeddable":true,"href":"https:\/\/www.adufpb.org.br\/site\/wp-json\/wp\/v2\/categories?post=25968"},{"taxonomy":"post_tag","embeddable":true,"href":"https:\/\/www.adufpb.org.br\/site\/wp-json\/wp\/v2\/tags?post=25968"}],"curies":[{"name":"wp","href":"https:\/\/api.w.org\/{rel}","templated":true}]}}