{"id":25958,"date":"2021-11-11T13:49:42","date_gmt":"2021-11-11T16:49:42","guid":{"rendered":"https:\/\/www.adufpb.org.br\/site\/?p=25958"},"modified":"2021-11-24T09:07:28","modified_gmt":"2021-11-24T12:07:28","slug":"assembleia-decide-adiar-eleicoes-e-prorrogar-mandato-de-atual-diretoria-da-adufpb","status":"publish","type":"post","link":"https:\/\/www.adufpb.org.br\/site\/assembleia-decide-adiar-eleicoes-e-prorrogar-mandato-de-atual-diretoria-da-adufpb\/","title":{"rendered":"Assembleia decide adiar elei\u00e7\u00f5es e prorrogar mandato de atual diretoria da ADUFPB"},"content":{"rendered":"<p><a class=\"dt-pswp-item\" href=\"https:\/\/www.adufpb.org.br\/site\/wp-content\/uploads\/2021\/11\/WhatsApp-Image-2021-11-11-at-12.16.18.jpeg\" data-dt-img-description=\"\" data-large_image_width=\"1280\" data-large_image_height=\"785\"><img loading=\"lazy\" decoding=\"async\" class=\"alignright size-medium wp-image-25959\" src=\"https:\/\/www.adufpb.org.br\/site\/wp-content\/uploads\/2021\/11\/WhatsApp-Image-2021-11-11-at-12.16.18-300x184.jpeg\" alt=\"\" width=\"300\" height=\"184\" srcset=\"https:\/\/www.adufpb.org.br\/site\/wp-content\/uploads\/2021\/11\/WhatsApp-Image-2021-11-11-at-12.16.18-300x184.jpeg 300w, https:\/\/www.adufpb.org.br\/site\/wp-content\/uploads\/2021\/11\/WhatsApp-Image-2021-11-11-at-12.16.18-1024x628.jpeg 1024w, https:\/\/www.adufpb.org.br\/site\/wp-content\/uploads\/2021\/11\/WhatsApp-Image-2021-11-11-at-12.16.18-768x471.jpeg 768w, https:\/\/www.adufpb.org.br\/site\/wp-content\/uploads\/2021\/11\/WhatsApp-Image-2021-11-11-at-12.16.18-250x153.jpeg 250w, https:\/\/www.adufpb.org.br\/site\/wp-content\/uploads\/2021\/11\/WhatsApp-Image-2021-11-11-at-12.16.18.jpeg 1280w\" sizes=\"auto, (max-width: 300px) 100vw, 300px\" \/><\/a><\/p>\n<p>Por 140 votos favor\u00e1veis, um voto contr\u00e1rio e uma absten\u00e7\u00e3o, a assembleia docente realizada na tarde desta quarta-feira (10) decidiu adiar as elei\u00e7\u00f5es para a Diretoria Executiva da ADUFPB e o seu Conselho de Representantes. Na pauta, tamb\u00e9m houve encaminhamentos sobre a retomada presencial das atividades na UFPB, com t\u00f3picos como vacina\u00e7\u00e3o, retorno gradual e adequa\u00e7\u00e3o da universidade para acolher esse processo.<\/p>\n<p>Com o adiamento das elei\u00e7\u00f5es, os atuais mandatos da diretoria e do conselho ser\u00e3o prorrogados at\u00e9 a posse dos pr\u00f3ximos gestores e conselheiros. Por recomenda\u00e7\u00e3o da assembleia, a campanha eleitoral dever\u00e1 come\u00e7ar no dia 14 de mar\u00e7o de 2022, com elei\u00e7\u00f5es 30 dias depois dessa data e posse da nova diretoria 15 dias ap\u00f3s o processo eleitoral \u2014 que ser\u00e1 totalmente presencial.<\/p>\n<p><strong>Retorno \u00e0s atividades presenciais<\/strong><\/p>\n<p>Em rela\u00e7\u00e3o \u00e0 retomada das atividades presenciais, os encaminhamentos acordados nessa assembleia devem ser levados \u00e0 pr\u00f3xima reuni\u00e3o do Consuni. Os t\u00f3picos abordados foram: vacina\u00e7\u00e3o para todos; retorno presencial gradual; e adequa\u00e7\u00e3o da infraestrutura f\u00edsica, de equipamentos e de prote\u00e7\u00e3o individual para t\u00e9cnicos administrativos e professores. \u201cConcordamos com o retorno, desde que as nossas reivindica\u00e7\u00f5es sejam atendidas. A universidade precisa garantir a seguran\u00e7a da retomada, pois essa \u00e9 a orienta\u00e7\u00e3o dos \u00f3rg\u00e3os de vigil\u00e2ncia sanit\u00e1ria. Vamos lutar por isso\u201d, disse Fernando Cunha, presidente da ADUFPB.<\/p>\n<p>Por fim, a assembleia aprovou, por unanimidade, uma Mo\u00e7\u00e3o de Solidariedade da ADUFPB \u00e0 Confer\u00eancia Nacional dos Bispos do Brasil (CNBB), devido aos ataques feitos pelo deputado estadual de S\u00e3o Paulo Frederico d\u2019\u00c1vila (PSL), que chamou o papa Francisco e o arcebispo de Aparecida (SP), dom Orlando Brandes, de \u201cped\u00f3filos\u201d, \u201cvagabundos\u201d e \u201csafados\u201d, em uma sess\u00e3o da Assembleia Legislativa de S\u00e3o Paulo (Alesp).<\/p>\n<p>A assembleia dessa quarta-feira aconteceu em modo remoto e teve a participa\u00e7\u00e3o de cerca de 200 docentes, entre sindicalizados e n\u00e3o sindicalizados.<\/p>\n<p><em>Fonte: Ascom ADUFPB<\/em><\/p>\n","protected":false},"excerpt":{"rendered":"<p>Por 140 votos favor\u00e1veis, um voto contr\u00e1rio e uma absten\u00e7\u00e3o, a assembleia docente realizada na tarde desta quarta-feira (10) decidiu adiar as elei\u00e7\u00f5es para a Diretoria Executiva da ADUFPB e o seu Conselho de Representantes. Na pauta, tamb\u00e9m houve encaminhamentos sobre a retomada presencial das atividades na UFPB, com t\u00f3picos como vacina\u00e7\u00e3o, retorno gradual e&hellip;<\/p>\n","protected":false},"author":10,"featured_media":25959,"comment_status":"closed","ping_status":"closed","sticky":false,"template":"","format":"standard","meta":{"footnotes":""},"categories":[1405,15,417],"tags":[816,299,1092,1512],"class_list":["post-25958","post","type-post","status-publish","format-standard","has-post-thumbnail","hentry","category-chamada-principal","category-noticias","category-noticias-destaque","tag-assembleia","tag-diretoria","tag-eleicao","tag-prorrogacao","category-1405","category-15","category-417","description-off"],"_links":{"self":[{"href":"https:\/\/www.adufpb.org.br\/site\/wp-json\/wp\/v2\/posts\/25958","targetHints":{"allow":["GET"]}}],"collection":[{"href":"https:\/\/www.adufpb.org.br\/site\/wp-json\/wp\/v2\/posts"}],"about":[{"href":"https:\/\/www.adufpb.org.br\/site\/wp-json\/wp\/v2\/types\/post"}],"author":[{"embeddable":true,"href":"https:\/\/www.adufpb.org.br\/site\/wp-json\/wp\/v2\/users\/10"}],"replies":[{"embeddable":true,"href":"https:\/\/www.adufpb.org.br\/site\/wp-json\/wp\/v2\/comments?post=25958"}],"version-history":[{"count":8,"href":"https:\/\/www.adufpb.org.br\/site\/wp-json\/wp\/v2\/posts\/25958\/revisions"}],"predecessor-version":[{"id":25971,"href":"https:\/\/www.adufpb.org.br\/site\/wp-json\/wp\/v2\/posts\/25958\/revisions\/25971"}],"wp:featuredmedia":[{"embeddable":true,"href":"https:\/\/www.adufpb.org.br\/site\/wp-json\/wp\/v2\/media\/25959"}],"wp:attachment":[{"href":"https:\/\/www.adufpb.org.br\/site\/wp-json\/wp\/v2\/media?parent=25958"}],"wp:term":[{"taxonomy":"category","embeddable":true,"href":"https:\/\/www.adufpb.org.br\/site\/wp-json\/wp\/v2\/categories?post=25958"},{"taxonomy":"post_tag","embeddable":true,"href":"https:\/\/www.adufpb.org.br\/site\/wp-json\/wp\/v2\/tags?post=25958"}],"curies":[{"name":"wp","href":"https:\/\/api.w.org\/{rel}","templated":true}]}}