{"id":25906,"date":"2021-10-26T08:03:14","date_gmt":"2021-10-26T11:03:14","guid":{"rendered":"https:\/\/www.adufpb.org.br\/site\/?p=25906"},"modified":"2021-11-07T11:46:01","modified_gmt":"2021-11-07T14:46:01","slug":"adufinforma-expresso-nova-edicao-destaca-falhas-da-portaria-de-retorno-presencial-na-ufpb","status":"publish","type":"post","link":"https:\/\/www.adufpb.org.br\/site\/adufinforma-expresso-nova-edicao-destaca-falhas-da-portaria-de-retorno-presencial-na-ufpb\/","title":{"rendered":"AdufInforma Expresso: nova edi\u00e7\u00e3o destaca falhas da portaria de retorno presencial na UFPB"},"content":{"rendered":"<p><a href=\"https:\/\/www.adufpb.org.br\/site\/wp-content\/uploads\/2021\/10\/ADUFINFORMA-EXPRESSO-14-25-OUT-2021.pdf\"><img loading=\"lazy\" decoding=\"async\" class=\"alignright size-medium wp-image-25907\" src=\"https:\/\/www.adufpb.org.br\/site\/wp-content\/uploads\/2021\/10\/adufpbinforma-expresso-14-capa-212x300.jpeg\" alt=\"\" width=\"212\" height=\"300\" srcset=\"https:\/\/www.adufpb.org.br\/site\/wp-content\/uploads\/2021\/10\/adufpbinforma-expresso-14-capa-212x300.jpeg 212w, https:\/\/www.adufpb.org.br\/site\/wp-content\/uploads\/2021\/10\/adufpbinforma-expresso-14-capa-724x1024.jpeg 724w, https:\/\/www.adufpb.org.br\/site\/wp-content\/uploads\/2021\/10\/adufpbinforma-expresso-14-capa-768x1086.jpeg 768w, https:\/\/www.adufpb.org.br\/site\/wp-content\/uploads\/2021\/10\/adufpbinforma-expresso-14-capa-250x354.jpeg 250w, https:\/\/www.adufpb.org.br\/site\/wp-content\/uploads\/2021\/10\/adufpbinforma-expresso-14-capa.jpeg 905w\" sizes=\"auto, (max-width: 212px) 100vw, 212px\" \/><\/a>Foi lan\u00e7ada nesta segunda-feira (25) mais uma edi\u00e7\u00e3o do jornal AdufInforma Expresso. A publica\u00e7\u00e3o, que j\u00e1 est\u00e1 no n\u00famero 14, traz semanalmente pautas sobre pol\u00edtica sindical, conjuntura, mobiliza\u00e7\u00f5es e eventos culturais da ADUFPB.<\/p>\n<p>Nesta edi\u00e7\u00e3o, o jornal faz uma an\u00e1lise sobre a portaria publicada pela UFPB que exige a volta \u00e0s atividades presenciais de servidores(as) t\u00e9cnico-administrativos e professores(as) em fun\u00e7\u00f5es administrativas.<\/p>\n<p>Tamb\u00e9m nesta edi\u00e7\u00e3o do AdufInforma Expresso, trazemos mat\u00e9rias sobre os protestos que v\u00eam sendo realizados em Bras\u00edlia contra a PEC 32 (reforma administrativa) e a participa\u00e7\u00e3o da ADUFPB nessa mobiliza\u00e7\u00e3o, al\u00e9m da cobertura do ato realizado no Aeroporto Castro Pinto, na Para\u00edba, para pressionar os parlamentares a votarem contra a proposta.<\/p>\n<p>O jornal AdufInforma est\u00e1 dispon\u00edvel no nosso site (www.adufpb.org.br) e pode ser solicitado por e-mail (adufpb@terra.com.br) ou por Whatsapp (99645-7000). Clique na imagem ao lado para fazer o download do PDF ou ent\u00e3o <a href=\"https:\/\/www.adufpb.org.br\/site\/wp-content\/uploads\/2021\/10\/ADUFINFORMA-EXPRESSO-14-25-OUT-2021.pdf\" target=\"_blank\" rel=\"noopener noreferrer\">aqui<\/a>.<\/p>\n<p><em>Fonte: Ascom ADUFPB<\/em><\/p>\n","protected":false},"excerpt":{"rendered":"<p>Foi lan\u00e7ada nesta segunda-feira (25) mais uma edi\u00e7\u00e3o do jornal AdufInforma Expresso. A publica\u00e7\u00e3o, que j\u00e1 est\u00e1 no n\u00famero 14, traz semanalmente pautas sobre pol\u00edtica sindical, conjuntura, mobiliza\u00e7\u00f5es e eventos culturais da ADUFPB. Nesta edi\u00e7\u00e3o, o jornal faz uma an\u00e1lise sobre a portaria publicada pela UFPB que exige a volta \u00e0s atividades presenciais de servidores(as)&hellip;<\/p>\n","protected":false},"author":3,"featured_media":25907,"comment_status":"closed","ping_status":"closed","sticky":false,"template":"","format":"standard","meta":{"footnotes":""},"categories":[1405,15,417],"tags":[1497,1456],"class_list":["post-25906","post","type-post","status-publish","format-standard","has-post-thumbnail","hentry","category-chamada-principal","category-noticias","category-noticias-destaque","tag-adufinforma-expresso","tag-pec-32","category-1405","category-15","category-417","description-off"],"_links":{"self":[{"href":"https:\/\/www.adufpb.org.br\/site\/wp-json\/wp\/v2\/posts\/25906","targetHints":{"allow":["GET"]}}],"collection":[{"href":"https:\/\/www.adufpb.org.br\/site\/wp-json\/wp\/v2\/posts"}],"about":[{"href":"https:\/\/www.adufpb.org.br\/site\/wp-json\/wp\/v2\/types\/post"}],"author":[{"embeddable":true,"href":"https:\/\/www.adufpb.org.br\/site\/wp-json\/wp\/v2\/users\/3"}],"replies":[{"embeddable":true,"href":"https:\/\/www.adufpb.org.br\/site\/wp-json\/wp\/v2\/comments?post=25906"}],"version-history":[{"count":1,"href":"https:\/\/www.adufpb.org.br\/site\/wp-json\/wp\/v2\/posts\/25906\/revisions"}],"predecessor-version":[{"id":25908,"href":"https:\/\/www.adufpb.org.br\/site\/wp-json\/wp\/v2\/posts\/25906\/revisions\/25908"}],"wp:featuredmedia":[{"embeddable":true,"href":"https:\/\/www.adufpb.org.br\/site\/wp-json\/wp\/v2\/media\/25907"}],"wp:attachment":[{"href":"https:\/\/www.adufpb.org.br\/site\/wp-json\/wp\/v2\/media?parent=25906"}],"wp:term":[{"taxonomy":"category","embeddable":true,"href":"https:\/\/www.adufpb.org.br\/site\/wp-json\/wp\/v2\/categories?post=25906"},{"taxonomy":"post_tag","embeddable":true,"href":"https:\/\/www.adufpb.org.br\/site\/wp-json\/wp\/v2\/tags?post=25906"}],"curies":[{"name":"wp","href":"https:\/\/api.w.org\/{rel}","templated":true}]}}