{"id":2590,"date":"2012-03-07T08:50:46","date_gmt":"2012-03-07T12:50:46","guid":{"rendered":"http:\/\/www.adufpb.org.br\/site\/relator-do-pne-recebe-comissao-dos-%e2%80%9c10-do-pib-para-educacao-publica-ja%e2%80%9d\/"},"modified":"2012-03-07T08:50:46","modified_gmt":"2012-03-07T12:50:46","slug":"relator-do-pne-recebe-comissao-dos-%e2%80%9c10-do-pib-para-educacao-publica-ja%e2%80%9d","status":"publish","type":"post","link":"https:\/\/www.adufpb.org.br\/site\/relator-do-pne-recebe-comissao-dos-%e2%80%9c10-do-pib-para-educacao-publica-ja%e2%80%9d\/","title":{"rendered":"Relator do PNE recebe comiss\u00e3o dos \u201c10% do PIB para Educa\u00e7\u00e3o P\u00fablica, j\u00e1!\u201d"},"content":{"rendered":"<div id=\"_mcePaste\" style=\"position: absolute; left: -10000px; top: 0px; width: 1px; height: 1px; overflow-x: hidden; overflow-y: hidden;\">Depois de v\u00e1rias solicita\u00e7\u00f5es, uma comiss\u00e3o representativa da coordena\u00e7\u00e3o executiva nacional da campanha pela aplica\u00e7\u00e3o imediata de 10% do Produto Interno Bruto (PIB) ser\u00e1 recebida nesta quarta-feira (7) pelo deputado Angelo Vanhoni (PT-PR), relator do Plano Nacional de Educa\u00e7\u00e3o (PNE).<\/div>\n<div id=\"_mcePaste\" style=\"position: absolute; left: -10000px; top: 0px; width: 1px; height: 1px; overflow-x: hidden; overflow-y: hidden;\">\u201cO desejo \u00e9 que o deputado atenda \u00e0 nossa solicita\u00e7\u00e3o e realize uma audi\u00eancia p\u00fablica para que a coordena\u00e7\u00e3o ampliada da campanha possa entregar o resultado do plebiscito popular que realizamos em todo o pa\u00eds\u201d, comentou Laura Fonseca, 1\u00aa vice-presidente da Regional Rio Grande do Sul do ANDES-SN e membro da executiva nacional da campanha.<\/div>\n<div id=\"_mcePaste\" style=\"position: absolute; left: -10000px; top: 0px; width: 1px; height: 1px; overflow-x: hidden; overflow-y: hidden;\">Com urnas espalhadas em todos os estados da federa\u00e7\u00e3o, o plebiscito popular arrecadou mais de 360 mil votos favor\u00e1veis \u00e0 amplia\u00e7\u00e3o imediata dos investimentos na Educa\u00e7\u00e3o P\u00fablica, com a destina\u00e7\u00e3o, por parte dos governos, de ao menos 10% do PIB brasileiro. Diversos estudos apontam que este percentual \u00e9 o m\u00ednimo necess\u00e1rio para que o pa\u00eds avance na melhoria da qualidade do ensino p\u00fablico.<\/div>\n<div id=\"_mcePaste\" style=\"position: absolute; left: -10000px; top: 0px; width: 1px; height: 1px; overflow-x: hidden; overflow-y: hidden;\">A reuni\u00e3o est\u00e1 marcada para \u00e0s 17 horas, desta quarta, no gabinete do deputado Vanhoni. A coordena\u00e7\u00e3o executiva nacional da campanha ser\u00e1 representada pela CSP-Conlutas, ANDES-SN, Anel, Sinasefe, Oposi\u00e7\u00e3o de esquerda da UNE. Foram convidadas tamb\u00e9m, representando as coordena\u00e7\u00f5es estaduais, o Sepe-RJ, Cepe RS e Sind Rede (MG). Pela manh\u00e3, as entidades se re\u00fanem na sede do ANDES-SN para preparar a reuni\u00e3o.<\/div>\n<p>Depois de v\u00e1rias solicita\u00e7\u00f5es, uma comiss\u00e3o representativa da coordena\u00e7\u00e3o executiva nacional da campanha pela aplica\u00e7\u00e3o imediata de 10% do Produto Interno Bruto (PIB) ser\u00e1 recebida nesta quarta-feira (07.03) pelo deputado Angelo Vanhoni (PT-PR), relator do Plano Nacional de Educa\u00e7\u00e3o (PNE).<\/p>\n<p>\u201cO desejo \u00e9 que o deputado atenda \u00e0 nossa solicita\u00e7\u00e3o e realize uma audi\u00eancia p\u00fablica para que a coordena\u00e7\u00e3o ampliada da campanha possa entregar o resultado do plebiscito popular que realizamos em todo o pa\u00eds\u201d, comentou Laura Fonseca, 1\u00aa vice-presidente da Regional Rio Grande do Sul do ANDES-SN e membro da executiva nacional da campanha.<\/p>\n<p>Com urnas espalhadas em todos os estados da federa\u00e7\u00e3o, o plebiscito popular arrecadou mais de 360 mil votos favor\u00e1veis \u00e0 amplia\u00e7\u00e3o imediata dos investimentos na Educa\u00e7\u00e3o P\u00fablica, com a destina\u00e7\u00e3o, por parte dos governos, de ao menos 10% do PIB brasileiro. Diversos estudos apontam que este percentual \u00e9 o m\u00ednimo necess\u00e1rio para que o pa\u00eds avance na melhoria da qualidade do ensino p\u00fablico.<\/p>\n<p>A reuni\u00e3o est\u00e1 marcada para \u00e0s 17 horas, desta quarta, no gabinete do deputado Vanhoni. A coordena\u00e7\u00e3o executiva nacional da campanha ser\u00e1 representada pela CSP-Conlutas, ANDES-SN, Anel, Sinasefe, Oposi\u00e7\u00e3o de esquerda da UNE. Foram convidadas tamb\u00e9m, representando as coordena\u00e7\u00f5es estaduais, o Sepe-RJ, Cepe RS e Sind Rede (MG). Pela manh\u00e3, as entidades se re\u00fanem na sede do ANDES-SN para preparar a reuni\u00e3o.<\/p>\n","protected":false},"excerpt":{"rendered":"<p>Depois de v\u00e1rias solicita\u00e7\u00f5es, uma comiss\u00e3o representativa da coordena\u00e7\u00e3o executiva nacional da campanha pela aplica\u00e7\u00e3o imediata de 10% do Produto Interno Bruto (PIB) ser\u00e1 recebida nesta quarta-feira (7) pelo deputado Angelo Vanhoni (PT-PR), relator do Plano Nacional de Educa\u00e7\u00e3o (PNE). \u201cO desejo \u00e9 que o deputado atenda \u00e0 nossa solicita\u00e7\u00e3o e realize uma audi\u00eancia p\u00fablica&hellip;<\/p>\n","protected":false},"author":1,"featured_media":0,"comment_status":"open","ping_status":"open","sticky":false,"template":"","format":"standard","meta":{"footnotes":""},"categories":[15],"tags":[],"class_list":["post-2590","post","type-post","status-publish","format-standard","hentry","category-noticias","category-15","description-off"],"_links":{"self":[{"href":"https:\/\/www.adufpb.org.br\/site\/wp-json\/wp\/v2\/posts\/2590","targetHints":{"allow":["GET"]}}],"collection":[{"href":"https:\/\/www.adufpb.org.br\/site\/wp-json\/wp\/v2\/posts"}],"about":[{"href":"https:\/\/www.adufpb.org.br\/site\/wp-json\/wp\/v2\/types\/post"}],"author":[{"embeddable":true,"href":"https:\/\/www.adufpb.org.br\/site\/wp-json\/wp\/v2\/users\/1"}],"replies":[{"embeddable":true,"href":"https:\/\/www.adufpb.org.br\/site\/wp-json\/wp\/v2\/comments?post=2590"}],"version-history":[{"count":0,"href":"https:\/\/www.adufpb.org.br\/site\/wp-json\/wp\/v2\/posts\/2590\/revisions"}],"wp:attachment":[{"href":"https:\/\/www.adufpb.org.br\/site\/wp-json\/wp\/v2\/media?parent=2590"}],"wp:term":[{"taxonomy":"category","embeddable":true,"href":"https:\/\/www.adufpb.org.br\/site\/wp-json\/wp\/v2\/categories?post=2590"},{"taxonomy":"post_tag","embeddable":true,"href":"https:\/\/www.adufpb.org.br\/site\/wp-json\/wp\/v2\/tags?post=2590"}],"curies":[{"name":"wp","href":"https:\/\/api.w.org\/{rel}","templated":true}]}}